{"id":81423,"date":"2024-12-23T16:04:40","date_gmt":"2024-12-23T16:04:40","guid":{"rendered":"https:\/\/tvbrazilusa.com\/2024\/12\/23\/numero-de-desaparecidos-sobe-para-12-apos-desabamento-de-ponte-entre-maranhao-e-tocantins-buscas-serao-retomadas\/"},"modified":"2024-12-23T16:04:41","modified_gmt":"2024-12-23T16:04:41","slug":"numero-de-desaparecidos-sobe-para-12-apos-desabamento-de-ponte-entre-maranhao-e-tocantins-buscas-serao-retomadas","status":"publish","type":"post","link":"https:\/\/tvbrazilusa.com\/pt\/2024\/12\/23\/numero-de-desaparecidos-sobe-para-12-apos-desabamento-de-ponte-entre-maranhao-e-tocantins-buscas-serao-retomadas\/","title":{"rendered":"N\u00famero de desaparecidos sobe para 12 ap\u00f3s desabamento de ponte entre Maranh\u00e3o e Tocantins; buscas ser\u00e3o retomadas"},"content":{"rendered":"<p> <script async src=\"https:\/\/pagead2.googlesyndication.com\/pagead\/js\/adsbygoogle.js?client=ca-pub-8864793242727901\"\r\n     crossorigin=\"anonymous\"><\/script><br \/>\n<\/p>\n<div id=\"taboola-read-more\" style=\"display:block; width:100%\">\n<p>Subiu para 12 o n\u00famero de desaparecidos em virtude do desabamento da ponte Juscelino Kubitschek de Oliveira, entre os estados do Maranh\u00e3o e Tocantins, no domingo (22). A informa\u00e7\u00e3o foi confirmada pela Pol\u00edcia Rodovi\u00e1ria Federal na madrugada desta segunda (23). Duas pessoas morreram e oito ve\u00edculos despencaram da ponte.\n<\/p>\n<p>Os bombeiros avaliam, na manh\u00e3 desta segunda-feira, a melhor forma de retomar as buscas pelos desaparecidos, interrompidas devido ao derramamento de \u00e1cido sulf\u00farico de um dos caminh\u00f5es.<\/p>\n<p>De acordo com o coronel Magnum Coelho, amostras de \u00e1gua foram coletadas para an\u00e1lises qu\u00edmicas, com o objetivo de verificar se os materiais t\u00f3xicos ainda est\u00e3o presentes no rio ou j\u00e1 se dissiparam.\n<\/p>\n<p>&#8220;Precisamos saber a qualidade da \u00e1gua para que n\u00f3s possamos colocar as nossas equipes de mergulhadores, que j\u00e1 est\u00e3o aqui. N\u00f3s temos mergulhadores, temos equipamentos, embarca\u00e7\u00f5es e todo o efetivo est\u00e1 pronto para realizar as buscas e identificar qual vai ser a localiza\u00e7\u00e3o dos ve\u00edculos e das v\u00edtimas que se encontram dentro dos ve\u00edculos\u201d, disse o coronel.\n<\/p>\n<p>O acidente aconteceu na ponte Juscelino Kubitschek de Oliveira, entre os estados de Maranh\u00e3o e Tocantins, na tarde deste domingo (22).\n<\/p>\n<p>Os mortos s\u00e3o uma jovem de 25 anos, identificada como Alana, e um homem de 42 anos, identificado como Mar\u00e7on Gley Ferreira. Ambos estavam em motos.\n<\/p>\n<p>Segundo autoridades, quatro caminh\u00f5es, dois autom\u00f3veis e duas motocicletas estavam na parte da ponte que caiu.\n<\/p>\n<p>A ponte Juscelino Kubitschek de Oliveira foi constru\u00edda na d\u00e9cada de 1960, tem 533 metros de extens\u00e3o e liga as cidades de Estreito, no Maranh\u00e3o, e Aguiarn\u00f3polis, no Tocantins, pela BR-226.\n<\/p>\n<p>Ela integra o corredor rodovi\u00e1rio Bel\u00e9m-Bras\u00edlia e passa sobre o rio Tocantins. As m\u00e1s condi\u00e7\u00f5es da ponte vinham chamando a aten\u00e7\u00e3o de quem passava por l\u00e1.\n<\/p>\n<p>Causa do desabamento<br \/>Segundo o Departamento Nacional de Infraestrutura de Transportes (DNIT), do governo federal, o desabamento ocorreu porque o v\u00e3o central da ponte cedeu.\n<\/p>\n<p>A causa do colapso ainda vai ser investigada, de acordo com o \u00f3rg\u00e3o. A ponte foi completamente interditada, e os motoristas devem usar rotas alternativas.\n<\/p>\n<p>&#8220;Os usu\u00e1rios devem acessar a estrada que vai de Darcin\u00f3polis\/TO a Luzin\u00f3polis\/TO, chegar na BR-230\/TO e seguir at\u00e9 o km 101 (cidade de S\u00e3o Bento\/TO). Em seguida pegar a direita, sentido Axix\u00e1\/TO e Imperatriz\/MA.Maranh\u00e3o: Os usu\u00e1rios devem acessar a BR-226\/MA em Estreito\/MA at\u00e9 Porto Franco\/MA. De Porto Franco\/MA os usu\u00e1rios devem seguir pela BR-010\/MA at\u00e9 Imperatriz\/MA&#8221;, diz o DNIT, em nota.<\/p>\n<p>Fonte: g1              <\/p>\n<\/div>\n<p><br \/>\n<br \/><a href=\"https:\/\/diariodobrasilnoticias.com.br\/noticia\/numero-de-desaparecidos-sobe-para-12-apos-desabamento-de-ponte-entre-maranhao-e-tocantins-buscas-serao-retomadas-67696630ce6e5\">Source link <\/a><\/p>","protected":false},"excerpt":{"rendered":"<p>Subiu para 12 o n\u00famero de desaparecidos em virtude do desabamento da ponte Juscelino Kubitschek de Oliveira, entre os estados do Maranh\u00e3o e Tocantins, no domingo (22). A informa\u00e7\u00e3o foi&hellip;<\/p>","protected":false},"author":1,"featured_media":81424,"comment_status":"closed","ping_status":"open","sticky":false,"template":"","format":"standard","meta":{"content-type":"","footnotes":""},"categories":[16],"tags":[123,2448,5313,1267],"class_list":["post-81423","post","type-post","status-publish","format-standard","has-post-thumbnail","hentry","category-noticias","tag-brasil","tag-diario","tag-noticia","tag-noticias"],"_links":{"self":[{"href":"https:\/\/tvbrazilusa.com\/pt\/wp-json\/wp\/v2\/posts\/81423","targetHints":{"allow":["GET"]}}],"collection":[{"href":"https:\/\/tvbrazilusa.com\/pt\/wp-json\/wp\/v2\/posts"}],"about":[{"href":"https:\/\/tvbrazilusa.com\/pt\/wp-json\/wp\/v2\/types\/post"}],"author":[{"embeddable":true,"href":"https:\/\/tvbrazilusa.com\/pt\/wp-json\/wp\/v2\/users\/1"}],"replies":[{"embeddable":true,"href":"https:\/\/tvbrazilusa.com\/pt\/wp-json\/wp\/v2\/comments?post=81423"}],"version-history":[{"count":1,"href":"https:\/\/tvbrazilusa.com\/pt\/wp-json\/wp\/v2\/posts\/81423\/revisions"}],"predecessor-version":[{"id":81425,"href":"https:\/\/tvbrazilusa.com\/pt\/wp-json\/wp\/v2\/posts\/81423\/revisions\/81425"}],"wp:featuredmedia":[{"embeddable":true,"href":"https:\/\/tvbrazilusa.com\/pt\/wp-json\/wp\/v2\/media\/81424"}],"wp:attachment":[{"href":"https:\/\/tvbrazilusa.com\/pt\/wp-json\/wp\/v2\/media?parent=81423"}],"wp:term":[{"taxonomy":"category","embeddable":true,"href":"https:\/\/tvbrazilusa.com\/pt\/wp-json\/wp\/v2\/categories?post=81423"},{"taxonomy":"post_tag","embeddable":true,"href":"https:\/\/tvbrazilusa.com\/pt\/wp-json\/wp\/v2\/tags?post=81423"}],"curies":[{"name":"wp","href":"https:\/\/api.w.org\/{rel}","templated":true}]}}