{"id":81438,"date":"2024-12-23T15:01:18","date_gmt":"2024-12-23T15:01:18","guid":{"rendered":"https:\/\/tvbrazilusa.com\/2024\/12\/23\/luigi-mangione-se-declara-inocente-de-assassinato-estatal-e-outras-acusacoes-na-morte-do-ceo-da-unitedhealthcare\/"},"modified":"2024-12-23T16:22:31","modified_gmt":"2024-12-23T16:22:31","slug":"luigi-mangione-se-declara-inocente-de-assassinato-estatal-e-outras-acusacoes-na-morte-do-ceo-da-unitedhealthcare","status":"publish","type":"post","link":"https:\/\/tvbrazilusa.com\/pt\/2024\/12\/23\/luigi-mangione-se-declara-inocente-de-assassinato-estatal-e-outras-acusacoes-na-morte-do-ceo-da-unitedhealthcare\/","title":{"rendered":"Luigi Mangione se declara inocente de assassinato estatal e outras acusa\u00e7\u00f5es na morte do CEO da UnitedHealthcare"},"content":{"rendered":"<p> <script async src=\"https:\/\/pagead2.googlesyndication.com\/pagead\/js\/adsbygoogle.js?client=ca-pub-8864793242727901\"\r\n     crossorigin=\"anonymous\"><\/script><br \/>\n<\/p>\n<div id=\"\">\n<header class=\"m-article-header m-article-header--standard\">\n\t\t\t\t\t\t\t\t\t\t\t\t<span id=\"article-header-primary-term\"><br \/>\n\t\t\t\t\t\t\t\t<a class=\"a-term a-term--primary\" href=\"https:\/\/www.boston.com\/tag\/new-york-city\/\"><\/p>\n<p>\t\t\t\t\t\t\t\tCidade de Nova York\t\t\t\t\t\t\t\t<\/a><br \/>\n\t\t\t\t\t\t\t<\/span><\/p>\n<h2 class=\"m-article-header__sub-headline\">As autoridades dizem que Mangione matou Brian Thompson quando ele caminhava para uma confer\u00eancia de investidores no centro de Manhattan, na manh\u00e3 de 4 de dezembro.<\/h2>\n<figure class=\"a-photo m-article-header__photo\"><figcaption class=\"a-photo__caption\">\n<p>\tLuigi Mangione, acusado do assassinato fatal do CEO da UnitedHealthcare, Brian Thompson, \u00e9 escoltado pela pol\u00edcia em Nova York, em 19 de dezembro de 2024. <em> AP Foto\/Pamela Smith<\/em>\t<\/figcaption><\/figure>\n<div class=\"m-article-header__meta\">\n<div class=\"m-article-header__byline\">\n<p class=\"m-article-header__author\">\n<p>\t\t\t\t\t\t\t\tPor MICHAEL R. SISAK, Associated Press\t\t\t\t\t\t\t<\/p>\n<p>\t\t\t\t\t\t\t\t\t\t\t\t\t\t\t<time class=\"m-article-header__date\"><\/p>\n<p>\t\t\t\t\t\t\t\t\t23 de dezembro de 2024 | 10h01\t\t\t\t\t\t\t\t<\/time><\/p>\n<p><span>2 minutos para ler<\/span><\/p>\n<\/p><\/div>\n<\/p><\/div>\n<\/header>\n<p>NOVA IORQUE (AP) \u2013 O homem acusado de atirar mortalmente no CEO da UnitedHealthcare se declarou inocente na segunda-feira das acusa\u00e7\u00f5es de assassinato e terrorismo em um caso estadual que decorrer\u00e1 paralelamente ao seu processo federal.<\/p>\n<p><a href=\"https:\/\/www.boston.com\/news\/crime\/2024\/12\/11\/man-accused-killing-unitedhealthcare-ceo-fights-extradition\/\">Luigi Mangione<\/a>Ele, de 26 anos, estava algemado e sentado em um tribunal de Manhattan quando se inclinou para um microfone para fazer seu apelo. O promotor distrital de Manhattan acusou-o formalmente na semana passada de m\u00faltiplas acusa\u00e7\u00f5es de homic\u00eddio, incluindo homic\u00eddio como <a href=\"https:\/\/www.boston.com\/news\/crime\/2024\/12\/17\/suspect-charged-with-killing-unitedhealthcares-ceo-as-an-act-of-terrorism\/\">ato de terrorismo<\/a>.<\/p>\n<p>Sua inicial <a href=\"https:\/\/www.boston.com\/news\/crime\/2024\/12\/19\/suspect-killing-unitedhealthcare-ceo-return-new-york-face-murder-charges\/\">apari\u00e7\u00e3o em Nova York<\/a>O tribunal de primeira inst\u00e2ncia do estado foi impedido por promotores federais que apresentaram suas pr\u00f3prias acusa\u00e7\u00f5es pelo tiroteio. As acusa\u00e7\u00f5es federais podem acarretar a possibilidade de pena de morte, enquanto a pena m\u00e1xima para as acusa\u00e7\u00f5es estaduais \u00e9 pris\u00e3o perp\u00e9tua sem liberdade condicional.<\/p>\n<p>Os promotores disseram que os dois casos prosseguir\u00e3o em caminhos paralelos, com a expectativa de que as acusa\u00e7\u00f5es estaduais sejam julgadas primeiro.<\/p>\n<p>As autoridades dizem que Mangione matou Brian Thompson quando ele caminhava para uma confer\u00eancia de investidores no centro de Manhattan, na manh\u00e3 de 4 de dezembro.<\/p>\n<p>Mangione foi preso em um McDonald&#8217;s da Pensilv\u00e2nia ap\u00f3s uma busca de cinco dias, portando uma arma que combinava com a usada no tiroteio e uma identidade falsa, disse a pol\u00edcia. Ele tamb\u00e9m carregava um caderno expressando hostilidade ao setor de seguros de sa\u00fade e especialmente aos executivos ricos, de acordo com promotores federais.<\/p>\n<p>Numa confer\u00eancia de imprensa anunciando as acusa\u00e7\u00f5es estatais na ter\u00e7a-feira passada, o procurador de Manhattan, Alvin Bragg, disse que a aplica\u00e7\u00e3o da lei contra o terrorismo reflectia a gravidade de um \u201cassassinato assustador, bem planeado e direccionado, que pretendia causar choque, aten\u00e7\u00e3o e intimida\u00e7\u00e3o\u201d.<\/p>\n<p>\u201cEm seus termos mais b\u00e1sicos, este foi um assassinato que pretendia evocar o terror\u201d, acrescentou. \u201cE vimos essa rea\u00e7\u00e3o.\u201d<\/p>\n<p>Karen Friedman Agnifilo, advogada de Mangione, acusou os promotores federais e estaduais de apresentarem teorias jur\u00eddicas conflitantes. No tribunal federal na semana passada, ela classificou a abordagem deles como \u201cmuito confusa\u201d e \u201caltamente incomum\u201d.<\/p>\n<p>Mangione est\u00e1 detido em uma pris\u00e3o federal do Brooklyn ao lado de v\u00e1rios outros r\u00e9us importantes, incluindo Sean \u201cDiddy\u201d Combs e Sam Bankman-Fried.<\/p>\n<p>Mangione foi extraditado da Pensilv\u00e2nia na quinta-feira e rapidamente levado \u00e0s pressas para a cidade de Nova York, onde foi visto vestindo um macac\u00e3o laranja enquanto era levado de um helic\u00f3ptero por policiais fortemente armados e pelo prefeito de Nova York, Eric Adams.<\/p>\n<p>Adams disse que esperava enviar uma mensagem ao suspeito: \u201cEu queria olhar nos olhos dele e dizer que voc\u00ea cometeu esse ato terrorista na minha cidade \u2013 a cidade que o povo de Nova York ama\u201d, disse o prefeito a um morador local. Esta\u00e7\u00e3o de TV. \u201cEu queria estar l\u00e1 para mostrar o simbolismo disso.\u201d<\/p>\n<p>Formado pela Ivy League em uma fam\u00edlia proeminente de Maryland, Mangione parecia ter se isolado da fam\u00edlia e dos amigos nos \u00faltimos meses. Ele postava frequentemente em f\u00f3runs on-line sobre sua luta contra dores nas costas. Ele nunca foi cliente da UnitedHealthcare, segundo a seguradora.<\/p>\n<p>Thompson, casado e pai de dois alunos do ensino m\u00e9dio, trabalhou no gigante UnitedHealth Group por 20 anos e tornou-se CEO de seu bra\u00e7o de seguros em 2021.<\/p>\n<p>O assassinato levou alguns a expressarem o seu ressentimento relativamente \u00e0s seguradoras de sa\u00fade dos EUA, com Mangione a servir de substituto para as frustra\u00e7\u00f5es causadas pelas recusas de cobertura e pelas pesadas contas m\u00e9dicas. Tamb\u00e9m provocou ondas de choque no mundo empresarial, abalando executivos que dizem ter recebido um aumento nas amea\u00e7as.<\/p>\n<div class=\"m-block m-generic-cta\t m-generic-cta--post-content\t m-generic-cta--dark\t m-generic-cta--homepage\t m-generic-cta--email-signup\t\t m-generic-cta-block-style--default \tt-amp__generic-cta\"><\/p>\n<div class=\"m-generic-cta__wrap\">\n<div class=\"m-generic-cta__content\">\n<h3 class=\"m-generic-cta__title\">Alertas extras de not\u00edcias<\/h3>\n<p class=\"m-generic-cta__subtitle\">Receba as \u00faltimas atualiza\u00e7\u00f5es conforme elas acontecem.<\/p>\n<\/p><\/div>\n<\/p><\/div>\n<\/div><\/div>\n<p><script>\n\t\tvar consent=\"grant\";\n\t\t\/* The above code is parsing the JSON data from the local storage and storing it in a variable. *\/\n\t\t\t\t\tconst onetrustStorageConsent = JSON.parse(localStorage.getItem( 'consent_one_trust_bdc' ) );\n\t\t\tif ( ( onetrustStorageConsent !== null ) ) {\n\t\t\t\t\/* Checking to see if the user has consented to the use of cookies.\n\t\t\t\t* If they have not, it is deleting the cookie.\n\t\t\t\t* This will comment for now, until further notice.\n\t\t\t\t*\/\n\t\t\t\t\/\/if ( onetrustStorageConsent.C0002 === false ) {\n\t\t\t\t\/\/\tdocument.cookie=\"_fbp=;expires=Thu, 01 Jan 2010 00:00:00 UTC; path=\/; domain=.boston.com\";\n\t\t\t\t\/\/}\n\t\t\t\t\/* Checking if the user has given consent for the cookie C0002.\n\t\t\t\t* If the user has given consent, the variable consent will be set to 'grant'.\n\t\t\t\t* If the user has not given consent,the variable consent will be set to 'revoke'.\n\t\t\t\t* Documentation https:\/\/developers.facebook.com\/docs\/meta-pixel\/implementation\/gdpr\n\t\t\t\t*\/\n\t\t\t\tif ( onetrustStorageConsent.C0002 !== true ) {\n\t\t\t\t\tconsent=\"revoke\";\n\t\t\t\t}\n\t\t\t}\n\t\t\t\t!function(f,b,e,v,n,t,s)\n\t\t{if(f.fbq)return;n=f.fbq=function(){n.callMethod?\n\t\tn.callMethod.apply(n,arguments):n.queue.push(arguments)};\n\t\tif(!f._fbq)f._fbq=n;n.push=n;n.loaded=!0;n.version='2.0';\n\t\tn.queue=[];t=b.createElement(e);t.async=!0;\n\t\tt.src=v;s=b.getElementsByTagName(e)[0];\n\t\ts.parentNode.insertBefore(t,s)}(window, document,'script',\n\t\t'https:\/\/connect.facebook.net\/en_US\/fbevents.js');\n\t\tfbq('consent', consent);\n\t\tfbq('init', '989222871864976');\n\t\tfbq('track', 'PageView');\n\t<\/script><script type=\"module\">\n\t\tvar consent=\"grant\";\n\t\t\/* The above code is parsing the JSON data from the local storage and storing it in a variable. *\/\n\t\t\tconst onetrustStorageConsent = JSON.parse(localStorage.getItem( 'consent_one_trust_bdc' ) );\n\t\t\t\/* Checking to see if the user has consented to the use of cookies.\n\t\t\t* If they have not, it is deleting the cookie.\n\t\t\t* This will comment for now, until further notice.\n\t\t\t*\/\n\t\t\t\/\/if ( onetrustStorageConsent.C0002 === false ) {\n\t\t\t\/\/\tdocument.cookie=\"_fbp=;expires=Thu, 01 Jan 2010 00:00:00 UTC; path=\/; domain=.boston.com\";\n\t\t\t\/\/}\n\t\t\t\/* Checking if the user has given consent for the cookie C0002.\n\t\t\t* If the user has given consent, the variable consent will be set to 'grant'.\n\t\t\t* If the user has not given consent,the variable consent will be set to 'revoke'.\n\t\t\t* Documentation https:\/\/developers.facebook.com\/docs\/meta-pixel\/implementation\/gdpr\n\t\t\t*\/\n\t\t\tif ( ( onetrustStorageConsent !== null ) && (onetrustStorageConsent.C0002 !== true ) ) {\n\t\t\t\tconsent=\"revoke\";\n\t\t\t}\n\t\t\t\t!function(f,b,e,v,n,t,s){if(f.fbq)return;n=f.fbq=function()\n\t\t{n.callMethod? n.callMethod.apply(n,arguments):n.queue.push(arguments)}\n\t\t;if(!f._fbq)f._fbq=n;\n\t\tn.push=n;n.loaded=!0;n.version='2.0';n.queue=[];t=b.createElement(e);t.async=!0;\n\t\tt.src=v;s=b.getElementsByTagName(e)[0];s.parentNode.insertBefore(t,s)}(window,\n\t\tdocument,'script','https:\/\/connect.facebook.net\/en_US\/fbevents.js');\n\t\tfbq('consent', consent);\n\t\tfbq('init', '813236348753005');\n\t\tfbq('track', \"PageView\");\n\t<\/script><br \/>\n<br \/><br \/>\n<br \/><a href=\"https:\/\/www.boston.com\/news\/new-york-city\/2024\/12\/23\/luigi-mangione-pleads-not-guilty-state-murder-charges-united-healthcare-ceo-death\/\">Source link <\/a><\/p>","protected":false},"excerpt":{"rendered":"<p>Cidade de Nova York As autoridades dizem que Mangione matou Brian Thompson quando ele caminhava para uma confer\u00eancia de investidores no centro de Manhattan, na manh\u00e3 de 4 de dezembro.&hellip;<\/p>","protected":false},"author":1,"featured_media":81439,"comment_status":"closed","ping_status":"open","sticky":false,"template":"","format":"standard","meta":{"content-type":"","footnotes":""},"categories":[1],"tags":[],"class_list":["post-81438","post","type-post","status-publish","format-standard","has-post-thumbnail","hentry","category-uncategorized"],"_links":{"self":[{"href":"https:\/\/tvbrazilusa.com\/pt\/wp-json\/wp\/v2\/posts\/81438","targetHints":{"allow":["GET"]}}],"collection":[{"href":"https:\/\/tvbrazilusa.com\/pt\/wp-json\/wp\/v2\/posts"}],"about":[{"href":"https:\/\/tvbrazilusa.com\/pt\/wp-json\/wp\/v2\/types\/post"}],"author":[{"embeddable":true,"href":"https:\/\/tvbrazilusa.com\/pt\/wp-json\/wp\/v2\/users\/1"}],"replies":[{"embeddable":true,"href":"https:\/\/tvbrazilusa.com\/pt\/wp-json\/wp\/v2\/comments?post=81438"}],"version-history":[{"count":1,"href":"https:\/\/tvbrazilusa.com\/pt\/wp-json\/wp\/v2\/posts\/81438\/revisions"}],"predecessor-version":[{"id":81440,"href":"https:\/\/tvbrazilusa.com\/pt\/wp-json\/wp\/v2\/posts\/81438\/revisions\/81440"}],"wp:featuredmedia":[{"embeddable":true,"href":"https:\/\/tvbrazilusa.com\/pt\/wp-json\/wp\/v2\/media\/81439"}],"wp:attachment":[{"href":"https:\/\/tvbrazilusa.com\/pt\/wp-json\/wp\/v2\/media?parent=81438"}],"wp:term":[{"taxonomy":"category","embeddable":true,"href":"https:\/\/tvbrazilusa.com\/pt\/wp-json\/wp\/v2\/categories?post=81438"},{"taxonomy":"post_tag","embeddable":true,"href":"https:\/\/tvbrazilusa.com\/pt\/wp-json\/wp\/v2\/tags?post=81438"}],"curies":[{"name":"wp","href":"https:\/\/api.w.org\/{rel}","templated":true}]}}