{"id":81452,"date":"2024-12-23T16:41:03","date_gmt":"2024-12-23T16:41:03","guid":{"rendered":"https:\/\/tvbrazilusa.com\/2024\/12\/23\/parkinson-alem-da-perda-do-olfato-outros-sintomas-atipicos-da-doenca\/"},"modified":"2024-12-23T16:41:05","modified_gmt":"2024-12-23T16:41:05","slug":"parkinson-alem-da-perda-do-olfato-outros-sintomas-atipicos-da-doenca","status":"publish","type":"post","link":"https:\/\/tvbrazilusa.com\/pt\/2024\/12\/23\/parkinson-alem-da-perda-do-olfato-outros-sintomas-atipicos-da-doenca\/","title":{"rendered":"Parkinson: Al\u00e9m da perda do olfato, outros sintomas at\u00edpicos da doen\u00e7a"},"content":{"rendered":"<p> <script async src=\"https:\/\/pagead2.googlesyndication.com\/pagead\/js\/adsbygoogle.js?client=ca-pub-8864793242727901\"\r\n     crossorigin=\"anonymous\"><\/script><br \/>\n<\/p>\n<div id=\"taboola-read-more\" style=\"display:block; width:100%\">\n<p>Doen\u00e7a neurol\u00f3gica cr\u00f4nica que afeta o sistema nervoso central, o Parkinson, que atinge aproximadamente 200 mil pessoas no Brasil, \u00e9 conhecido pelos sintomas mais comuns como tremores, rigidez muscular e movimentos lentos (bradicinesia).\n<\/p>\n<p>Outros sintomas menos conhecidos, no entanto, tamb\u00e9m podem ser indicativos da doen\u00e7a.<\/p>\n<p>Confira outros sintomas do Parkinson:<br \/>Dist\u00farbios do sono\n<\/p>\n<p>Dist\u00farbios do sono, como ins\u00f4nia, sonol\u00eancia diurna excessiva, pesadelos v\u00edvidos ou at\u00e9 mesmo comportamentos anormais durante o sono, como falar ou se movimentar durante a noite, podem estar presentes no Parkinson. Esses dist\u00farbios do sono podem ocorrer anos antes dos sintomas motores cl\u00e1ssicos da doen\u00e7a se manifestarem e podem ser um sinal de alerta precoce.\n<\/p>\n<p>Problemas de vis\u00e3o\n<\/p>\n<p>Alguns pacientes com Parkinson podem apresentar vis\u00e3o emba\u00e7ada, dificuldade em focar os olhos ou at\u00e9 mesmo alucina\u00e7\u00f5es visuais. Esses problemas de vis\u00e3o podem ocorrer devido a altera\u00e7\u00f5es no processamento visual no c\u00e9rebro causadas pela doen\u00e7a de Parkinson.\n<\/p>\n<p>Altera\u00e7\u00f5es do olfato\n<\/p>\n<p>Um dos sinais incomuns de Parkinson \u00e9 a perda do olfato, conhecida como anosmia. Os pacientes com Parkinson podem notar uma diminui\u00e7\u00e3o do olfato ou at\u00e9 mesmo a completa perda do sentido do olfato, o que pode ocorrer muito antes dos outros sintomas da doen\u00e7a se manifestarem. Isso pode ser um sinal importante a ser observado, especialmente se estiver associado a outros sintomas neurol\u00f3gicos.\n<\/p>\n<p>Mudan\u00e7as de humor e comportamentais\n<\/p>\n<p>Mudan\u00e7as de humor e comportamentais tamb\u00e9m podem ser sinais incomuns de Parkinson. Alguns pacientes podem apresentar depress\u00e3o, ansiedade, apatia\n<\/p>\n<p>Problemas gastrointestinais\n<\/p>\n<p>Constipa\u00e7\u00e3o cr\u00f4nica, incontin\u00eancia fecal ou outros problemas gastrointestinais podem aparecer antes mesmo dos sintomas motores cl\u00e1ssicos da doen\u00e7a se manifestarem. Esses problemas gastrointestinais podem ocorrer devido a altera\u00e7\u00f5es no funcionamento do sistema nervoso aut\u00f4nomo, que \u00e9 afetado pela doen\u00e7a de Parkinson.\n<\/p>\n<p>M\u00e1 Postura\n<\/p>\n<p>Uma inclina\u00e7\u00e3o do tronco e da cabe\u00e7a para frente e tend\u00eancia a olhar para o ch\u00e3o pode ser um sinal aparente, ainda no in\u00edcio da doen\u00e7a. Existe comprometimento do equil\u00edbrio e agilidade como sintoma da doen\u00e7a, o que comumente \u00e9 interpretado como tontura confundindo-se com labirintite. Isso leva os pacientes a procurar m\u00e9dicos que tratam da labirintite, e n\u00e3o raro s\u00e3o medicados para tontura e n\u00e3o apresentam melhora. O uso de sapatos que garantam a firmeza dos p\u00e9s tamb\u00e9m \u00e9 fundamental no combate desse sintoma.\n<\/p>\n<p>Voz Fraca\n<\/p>\n<p>Por afetar o movimento de diferentes partes do corpo, como os m\u00fasculos da face, garganta e boca, assim como a musculatura respirat\u00f3ria do t\u00f3rax e diafragma (principais m\u00fasculos da respira\u00e7\u00e3o), a fala consequentemente \u00e9 atingida pelos efeitos da doen\u00e7a.\n<\/p>\n<p>N\u00e3o por acaso, a disfun\u00e7\u00e3o provoca a redu\u00e7\u00e3o do tom e volume da voz, reduzindo a clareza das palavras e causando uma sensa\u00e7\u00e3o de fala baixa, arrastada, dificultando o entendimento e fazendo com que muitos pacientes se isolem para evitar a exposi\u00e7\u00e3o e constrangimento.\n<\/p>\n<p>Fonte: catraca Livre              <\/p>\n<\/div>\n<p><br \/>\n<br \/><a href=\"https:\/\/diariodobrasilnoticias.com.br\/noticia\/parkinson-alem-da-perda-do-olfato-outros-sintomas-atipicos-da-doenca-67696fb49d200\">Source link <\/a><\/p>","protected":false},"excerpt":{"rendered":"<p>Doen\u00e7a neurol\u00f3gica cr\u00f4nica que afeta o sistema nervoso central, o Parkinson, que atinge aproximadamente 200 mil pessoas no Brasil, \u00e9 conhecido pelos sintomas mais comuns como tremores, rigidez muscular e&hellip;<\/p>","protected":false},"author":1,"featured_media":81453,"comment_status":"closed","ping_status":"open","sticky":false,"template":"","format":"standard","meta":{"content-type":"","footnotes":""},"categories":[16],"tags":[123,2448,5313,1267],"class_list":["post-81452","post","type-post","status-publish","format-standard","has-post-thumbnail","hentry","category-noticias","tag-brasil","tag-diario","tag-noticia","tag-noticias"],"_links":{"self":[{"href":"https:\/\/tvbrazilusa.com\/pt\/wp-json\/wp\/v2\/posts\/81452","targetHints":{"allow":["GET"]}}],"collection":[{"href":"https:\/\/tvbrazilusa.com\/pt\/wp-json\/wp\/v2\/posts"}],"about":[{"href":"https:\/\/tvbrazilusa.com\/pt\/wp-json\/wp\/v2\/types\/post"}],"author":[{"embeddable":true,"href":"https:\/\/tvbrazilusa.com\/pt\/wp-json\/wp\/v2\/users\/1"}],"replies":[{"embeddable":true,"href":"https:\/\/tvbrazilusa.com\/pt\/wp-json\/wp\/v2\/comments?post=81452"}],"version-history":[{"count":1,"href":"https:\/\/tvbrazilusa.com\/pt\/wp-json\/wp\/v2\/posts\/81452\/revisions"}],"predecessor-version":[{"id":81454,"href":"https:\/\/tvbrazilusa.com\/pt\/wp-json\/wp\/v2\/posts\/81452\/revisions\/81454"}],"wp:featuredmedia":[{"embeddable":true,"href":"https:\/\/tvbrazilusa.com\/pt\/wp-json\/wp\/v2\/media\/81453"}],"wp:attachment":[{"href":"https:\/\/tvbrazilusa.com\/pt\/wp-json\/wp\/v2\/media?parent=81452"}],"wp:term":[{"taxonomy":"category","embeddable":true,"href":"https:\/\/tvbrazilusa.com\/pt\/wp-json\/wp\/v2\/categories?post=81452"},{"taxonomy":"post_tag","embeddable":true,"href":"https:\/\/tvbrazilusa.com\/pt\/wp-json\/wp\/v2\/tags?post=81452"}],"curies":[{"name":"wp","href":"https:\/\/api.w.org\/{rel}","templated":true}]}}