{"id":81465,"date":"2024-12-23T16:45:24","date_gmt":"2024-12-23T16:45:24","guid":{"rendered":"https:\/\/tvbrazilusa.com\/2024\/12\/23\/membro-de-gangue-acusado-preso-em-nj-detido-para-deportacao-para-enfrentar-acusacoes-de-assassinato\/"},"modified":"2024-12-23T17:03:13","modified_gmt":"2024-12-23T17:03:13","slug":"membro-de-gangue-acusado-preso-em-nj-detido-para-deportacao-para-enfrentar-acusacoes-de-assassinato","status":"publish","type":"post","link":"https:\/\/tvbrazilusa.com\/pt\/2024\/12\/23\/membro-de-gangue-acusado-preso-em-nj-detido-para-deportacao-para-enfrentar-acusacoes-de-assassinato\/","title":{"rendered":"Membro de gangue acusado preso em NJ, detido para deporta\u00e7\u00e3o para enfrentar acusa\u00e7\u00f5es de assassinato"},"content":{"rendered":"<script async src=\"https:\/\/pagead2.googlesyndication.com\/pagead\/js\/adsbygoogle.js?client=ca-pub-8864793242727901\"\r\n     crossorigin=\"anonymous\"><\/script>\n<div>\n<p class=\"article__paragraph article__paragraph--left\" id=\"GFSKJ74UTRAF5KXH6XSTU2UXYA\">Um estrangeiro procurado e acusado de membro da gangue MS-13 que estava ilegalmente nos Estados Unidos foi preso no condado de Hudson na semana passada, ap\u00f3s seis anos foragido, disseram autoridades.<\/p>\n<p class=\"article__paragraph article__paragraph--left\" id=\"KU6UO4UOFRFD7PXZ22V3DBP7BI\">Johnathan Stanley Garcia-Vasquez, tamb\u00e9m conhecido como Johnathan Stanley Garcia-Garcia, foi preso por funcion\u00e1rios da Imigra\u00e7\u00e3o e Alf\u00e2ndega fora de sua resid\u00eancia no oeste de Nova York na sexta-feira com um mandado de remo\u00e7\u00e3o, disseram autoridades. <\/p>\n<p class=\"article__paragraph article__paragraph--left\" id=\"ASNE34I6XFFE7MJFAG66NI4ODA\">Ele era procurado por acusa\u00e7\u00f5es de homic\u00eddio por autoridades em El Salvador. <\/p>\n<p class=\"article__paragraph article__paragraph--left\" id=\"OUUKAK6WJ5BDBKUC6RQ7MNC5TE\">Os agentes da Patrulha de Fronteira dos EUA encontraram Garcia pela primeira vez perto de Hidalgo, Texas, em 9 de junho de 2016, e entregaram-lhe um aviso e uma ordem de remo\u00e7\u00e3o acelerada, de acordo com o escrit\u00f3rio de Newark do Departamento de Imigra\u00e7\u00e3o e Alf\u00e2ndega dos EUA.<\/p>\n<p class=\"article__paragraph article__paragraph--left\" id=\"TTH4Y2JL6BFJLFGJ5LPIVJQTAY\">Ele foi mantido sob cust\u00f3dia do ICE at\u00e9 27 de janeiro de 2017, quando pagou fian\u00e7a e foi libertado.<\/p>\n<p class=\"article__paragraph article__paragraph--left\" id=\"HLPOUP52TBH3BKBS53ETAVSNUU\">Em 7 de agosto de 2018, as autoridades de El Salvador emitiram um mandado de pris\u00e3o contra Garcia sob a acusa\u00e7\u00e3o de homic\u00eddio qualificado e participa\u00e7\u00e3o em organiza\u00e7\u00f5es terroristas.<\/p>\n<p class=\"article__paragraph article__paragraph--left\" id=\"2N2LK37ZUFEMPE6J6DH273ZTQA\">Um juiz de imigra\u00e7\u00e3o ordenou a sua remo\u00e7\u00e3o \u00e0 revelia em outubro de 2018. No entanto, Garcia n\u00e3o se entregou para deporta\u00e7\u00e3o no m\u00eas seguinte. Ele viveu como fugitivo at\u00e9 sua pris\u00e3o na semana passada.<\/p>\n<p class=\"article__paragraph article__paragraph--left\" id=\"STU7A7WYZRCC5NE7TBRIXJHCMA\">\u201cOs Estados Unidos n\u00e3o s\u00e3o um porto seguro para fugitivos internacionais que procuram explorar as nossas leis de imigra\u00e7\u00e3o para fugir \u00e0 justi\u00e7a nos seus pa\u00edses de origem\u201d, disse John Tsoukaris, diretor do escrit\u00f3rio local de Opera\u00e7\u00f5es de Execu\u00e7\u00e3o e Remo\u00e7\u00e3o do ICE em Newark.<\/p>\n<p class=\"article__paragraph article__paragraph--left\" id=\"UYNYOOUJLVBSBNBTY6FVORU4RY\">\u201cA dilig\u00eancia e o compromisso dos nossos agentes com a seguran\u00e7a p\u00fablica permitiram-lhes prender com seguran\u00e7a este fugitivo internacional antes que ele pudesse causar danos aos cidad\u00e3os e residentes de Nova Jersey. Tamb\u00e9m estou grato ao FBI pelo seu apoio na pris\u00e3o deste criminoso transnacional\u201d, disse Tsoukaris num comunicado de imprensa.<\/p>\n<p class=\"article__paragraph article__paragraph--left\" id=\"TLJ5F66GV5HPDKX4AGXGGQLWFQ\">Garcia est\u00e1 detido pelas Opera\u00e7\u00f5es de Execu\u00e7\u00e3o e Remo\u00e7\u00e3o do ICE enquanto se aguarda a remo\u00e7\u00e3o final.<\/p>\n<section class=\"Stories-By-Author-module_wrapper__ezbcK Stories-By-Author-module_nj__Ap1-Y\"\/>\n<p class=\"article__paragraph article__paragraph--left\" id=\"JHZKNVZIMJFNZA5RAOQ24PGWQI\"><i>Nosso jornalismo precisa do seu apoio. Por favor, inscreva-se hoje para <\/i><a href=\"https:\/\/www.nj.com\/\"><i>NJ.com<\/i><\/a><i>.<\/i><\/p>\n<p class=\"article__paragraph article__paragraph--left\" id=\"YTST4DVJKZA5PCYBPLLX7T7ZUE\"><a href=\"https:\/\/www.nj.com\/staff\/jroman\/posts.html\"><i>Jackie Romano<\/i><\/a><i>  pode ser alcan\u00e7ado em <\/i><a href=\"https:\/\/www.nj.com\/hudson\/2024\/12\/mailto:jroman@njadvancemedia.com\"><i>jroman@njadvancemedia.com<\/i><\/a><i>.<\/i><\/p>\n<\/div>\n<p><br \/>\n<br \/><a href=\"https:\/\/www.nj.com\/hudson\/2024\/12\/accused-gang-member-caught-in-nj-held-for-deportation-to-face-murder-charges.html\">Source link <\/a><\/p>","protected":false},"excerpt":{"rendered":"<p>Um estrangeiro procurado e acusado de membro da gangue MS-13 que estava ilegalmente nos Estados Unidos foi preso no condado de Hudson na semana passada, ap\u00f3s seis anos foragido, disseram&hellip;<\/p>","protected":false},"author":1,"featured_media":81466,"comment_status":"closed","ping_status":"open","sticky":false,"template":"","format":"standard","meta":{"content-type":"","footnotes":""},"categories":[1],"tags":[],"class_list":["post-81465","post","type-post","status-publish","format-standard","has-post-thumbnail","hentry","category-uncategorized"],"_links":{"self":[{"href":"https:\/\/tvbrazilusa.com\/pt\/wp-json\/wp\/v2\/posts\/81465","targetHints":{"allow":["GET"]}}],"collection":[{"href":"https:\/\/tvbrazilusa.com\/pt\/wp-json\/wp\/v2\/posts"}],"about":[{"href":"https:\/\/tvbrazilusa.com\/pt\/wp-json\/wp\/v2\/types\/post"}],"author":[{"embeddable":true,"href":"https:\/\/tvbrazilusa.com\/pt\/wp-json\/wp\/v2\/users\/1"}],"replies":[{"embeddable":true,"href":"https:\/\/tvbrazilusa.com\/pt\/wp-json\/wp\/v2\/comments?post=81465"}],"version-history":[{"count":1,"href":"https:\/\/tvbrazilusa.com\/pt\/wp-json\/wp\/v2\/posts\/81465\/revisions"}],"predecessor-version":[{"id":81467,"href":"https:\/\/tvbrazilusa.com\/pt\/wp-json\/wp\/v2\/posts\/81465\/revisions\/81467"}],"wp:featuredmedia":[{"embeddable":true,"href":"https:\/\/tvbrazilusa.com\/pt\/wp-json\/wp\/v2\/media\/81466"}],"wp:attachment":[{"href":"https:\/\/tvbrazilusa.com\/pt\/wp-json\/wp\/v2\/media?parent=81465"}],"wp:term":[{"taxonomy":"category","embeddable":true,"href":"https:\/\/tvbrazilusa.com\/pt\/wp-json\/wp\/v2\/categories?post=81465"},{"taxonomy":"post_tag","embeddable":true,"href":"https:\/\/tvbrazilusa.com\/pt\/wp-json\/wp\/v2\/tags?post=81465"}],"curies":[{"name":"wp","href":"https:\/\/api.w.org\/{rel}","templated":true}]}}