{"id":81470,"date":"2024-12-23T17:09:52","date_gmt":"2024-12-23T17:09:52","guid":{"rendered":"https:\/\/tvbrazilusa.com\/2024\/12\/23\/urgente-foragido-cacique-serere-xavante-e-preso-na-fronteira-com-a-argentina\/"},"modified":"2024-12-23T17:09:53","modified_gmt":"2024-12-23T17:09:53","slug":"urgente-foragido-cacique-serere-xavante-e-preso-na-fronteira-com-a-argentina","status":"publish","type":"post","link":"https:\/\/tvbrazilusa.com\/pt\/2024\/12\/23\/urgente-foragido-cacique-serere-xavante-e-preso-na-fronteira-com-a-argentina\/","title":{"rendered":"URGENTE: Foragido, cacique Serer\u00ea Xavante \u00e9 preso na fronteira com a Argentina"},"content":{"rendered":"<p> <script async src=\"https:\/\/pagead2.googlesyndication.com\/pagead\/js\/adsbygoogle.js?client=ca-pub-8864793242727901\"\r\n     crossorigin=\"anonymous\"><\/script><br \/>\n<\/p>\n<div id=\"taboola-read-more\" style=\"display:block; width:100%\">\n<p>Uma das figuras c\u00e9lebres dos movimentos de bolsonaristas que precederam os ataques de 8 de janeiro, em Bras\u00edlia, Jos\u00e9 Ac\u00e1cio Serer\u00ea Xavante, o cacique Serer\u00ea Xavante, que estava foragido, foi preso na noite deste domingo pela Pol\u00edcia Federal, na fronteira brasileira com a Argentina, em Foz do Igua\u00e7u (PR).\n<\/p>\n<p>L\u00edder ind\u00edgena e pastor evang\u00e9lico, ele teve a pris\u00e3o decretada pelo ministro Alexandre de Moraes, do STF, depois de descumprir medidas cautelares e fugir para o pa\u00eds vizinho em julho deste ano, como mostrou VEJA em novembro. Segundo o Supremo, a audi\u00eancia de cust\u00f3dia do cacique ser\u00e1 feita nesta segunda-feira.<\/p>\n<p>Serer\u00ea Xavante foi detido em 12 de dezembro de 2022, dia da diploma\u00e7\u00e3o de Lula e Geraldo Alckmin no TSE, o que motivou bolsonaristas indignados a invadirem a sede da PF em Bras\u00edlia naquela noite. Ele foi solto no dia 9 de setembro de 2023, mas deveria usar tornozeleira eletr\u00f4nica como medida cautelar.\n<\/p>\n<p>Fonte: Veja              <\/p>\n<\/div>\n<p><br \/>\n<br \/><a href=\"https:\/\/diariodobrasilnoticias.com.br\/noticia\/urgente-foragido-cacique-serere-xavante-e-preso-na-fronteira-com-a-argentina-676971460618a\">Source link <\/a><\/p>","protected":false},"excerpt":{"rendered":"<p>Uma das figuras c\u00e9lebres dos movimentos de bolsonaristas que precederam os ataques de 8 de janeiro, em Bras\u00edlia, Jos\u00e9 Ac\u00e1cio Serer\u00ea Xavante, o cacique Serer\u00ea Xavante, que estava foragido, foi&hellip;<\/p>","protected":false},"author":1,"featured_media":81471,"comment_status":"closed","ping_status":"open","sticky":false,"template":"","format":"standard","meta":{"content-type":"","footnotes":""},"categories":[16],"tags":[123,2448,5313,1267],"class_list":["post-81470","post","type-post","status-publish","format-standard","has-post-thumbnail","hentry","category-noticias","tag-brasil","tag-diario","tag-noticia","tag-noticias"],"_links":{"self":[{"href":"https:\/\/tvbrazilusa.com\/pt\/wp-json\/wp\/v2\/posts\/81470","targetHints":{"allow":["GET"]}}],"collection":[{"href":"https:\/\/tvbrazilusa.com\/pt\/wp-json\/wp\/v2\/posts"}],"about":[{"href":"https:\/\/tvbrazilusa.com\/pt\/wp-json\/wp\/v2\/types\/post"}],"author":[{"embeddable":true,"href":"https:\/\/tvbrazilusa.com\/pt\/wp-json\/wp\/v2\/users\/1"}],"replies":[{"embeddable":true,"href":"https:\/\/tvbrazilusa.com\/pt\/wp-json\/wp\/v2\/comments?post=81470"}],"version-history":[{"count":1,"href":"https:\/\/tvbrazilusa.com\/pt\/wp-json\/wp\/v2\/posts\/81470\/revisions"}],"predecessor-version":[{"id":81472,"href":"https:\/\/tvbrazilusa.com\/pt\/wp-json\/wp\/v2\/posts\/81470\/revisions\/81472"}],"wp:featuredmedia":[{"embeddable":true,"href":"https:\/\/tvbrazilusa.com\/pt\/wp-json\/wp\/v2\/media\/81471"}],"wp:attachment":[{"href":"https:\/\/tvbrazilusa.com\/pt\/wp-json\/wp\/v2\/media?parent=81470"}],"wp:term":[{"taxonomy":"category","embeddable":true,"href":"https:\/\/tvbrazilusa.com\/pt\/wp-json\/wp\/v2\/categories?post=81470"},{"taxonomy":"post_tag","embeddable":true,"href":"https:\/\/tvbrazilusa.com\/pt\/wp-json\/wp\/v2\/tags?post=81470"}],"curies":[{"name":"wp","href":"https:\/\/api.w.org\/{rel}","templated":true}]}}