{"id":81476,"date":"2024-12-23T14:45:26","date_gmt":"2024-12-23T14:45:26","guid":{"rendered":"https:\/\/tvbrazilusa.com\/2024\/12\/23\/luigi-mangione-se-declara-inocente-das-acusacoes-de-assassinato-e-porte-de-arma-na-morte-do-ceo-da-unitedhealthcare-wsvn-7news-noticias-de-miami-clima-esportes-fort-lauderdale\/"},"modified":"2024-12-23T17:14:19","modified_gmt":"2024-12-23T17:14:19","slug":"luigi-mangione-se-declara-inocente-das-acusacoes-de-assassinato-e-porte-de-arma-na-morte-do-ceo-da-unitedhealthcare-wsvn-7news-noticias-de-miami-clima-esportes-fort-lauderdale","status":"publish","type":"post","link":"https:\/\/tvbrazilusa.com\/pt\/2024\/12\/23\/luigi-mangione-se-declara-inocente-das-acusacoes-de-assassinato-e-porte-de-arma-na-morte-do-ceo-da-unitedhealthcare-wsvn-7news-noticias-de-miami-clima-esportes-fort-lauderdale\/","title":{"rendered":"Luigi Mangione se declara inocente das acusa\u00e7\u00f5es de assassinato e porte de arma na morte do CEO da UnitedHealthcare &#8211; WSVN 7News | Not\u00edcias de Miami, clima, esportes | Fort Lauderdale"},"content":{"rendered":"<p> <script async src=\"https:\/\/pagead2.googlesyndication.com\/pagead\/js\/adsbygoogle.js?client=ca-pub-8864793242727901\"\r\n     crossorigin=\"anonymous\"><\/script><br \/>\n<\/p>\n<div itemprop=\"articleBody\">\n<p>NOVA YORK (AP) \u2013 O homem acusado de atirar mortalmente no CEO da UnitedHealthcare se declarou inocente na segunda-feira das acusa\u00e7\u00f5es de assassinato e terrorismo, enquanto seu advogado reclamava que os coment\u00e1rios vindos do prefeito de Nova York tornariam dif\u00edcil receber um julgamento justo.<\/p>\n<p>Luigi Mangione, 26 anos, estava algemado e sentado num tribunal de Manhattan quando se inclinou para um microfone para apresentar o seu apelo. O promotor distrital de Manhattan acusou-o na semana passada de m\u00faltiplas acusa\u00e7\u00f5es de homic\u00eddio, incluindo homic\u00eddio como ato de terrorismo, num caso estadual que decorrer\u00e1 paralelamente ao seu processo federal.<\/p>\n<p>Sua primeira apari\u00e7\u00e3o no tribunal estadual de Nova York foi impedida por promotores federais que apresentaram suas pr\u00f3prias acusa\u00e7\u00f5es pelo tiroteio. As acusa\u00e7\u00f5es federais podem acarretar a possibilidade de pena de morte, enquanto a pena m\u00e1xima para as acusa\u00e7\u00f5es estaduais \u00e9 pris\u00e3o perp\u00e9tua sem liberdade condicional.<\/p>\n<p>Os promotores disseram que os dois casos prosseguir\u00e3o em caminhos paralelos, com a expectativa de que as acusa\u00e7\u00f5es estaduais sejam julgadas primeiro.<\/p>\n<p>Um dos advogados de Mangione disse a um juiz que funcion\u00e1rios do governo, incluindo o presidente da C\u00e2mara de Nova Iorque, Eric Adams, transformaram Mangione num pe\u00e3o pol\u00edtico, roubando-lhe os seus direitos como r\u00e9u e manchando o j\u00fari.<\/p>\n<p>\u201cEstou muito preocupado com o direito do meu cliente a um julgamento justo\u201d, disse Karen Friedman Agnifilo.<\/p>\n<p>O prefeito da cidade e o principal oficial da pol\u00edcia estavam entre uma multid\u00e3o de policiais fortemente armados na \u00faltima quinta-feira, quando Mangione foi levado de avi\u00e3o para um heliporto em Manhattan e escoltado at\u00e9 um cais ap\u00f3s ser extraditado da Pensilv\u00e2nia.<\/p>\n<p>\u201cEu queria olhar nos olhos dele e dizer que voc\u00ea cometeu esse ato terrorista na minha cidade \u2013 a cidade que o povo de Nova York ama\u201d, disse o prefeito a uma esta\u00e7\u00e3o de TV local.<\/p>\n<p>Friedman Agnifilo disse que a pol\u00edcia transformou o retorno de Mangione a Nova York em um espet\u00e1culo coreografado.<\/p>\n<p>\u201cEle estava em exibi\u00e7\u00e3o para todos verem na maior caminhada policial que j\u00e1 vi em minha carreira. Foi absolutamente desnecess\u00e1rio\u201d, disse ela.<\/p>\n<p>Seu advogado tamb\u00e9m acusou os promotores federais e estaduais de apresentarem teorias jur\u00eddicas conflitantes, considerando sua abordagem confusa e altamente incomum. \u201cEle est\u00e1 sendo tratado como uma bola de pingue-pongue humana entre jurisdi\u00e7\u00f5es em conflito aqui\u201d, disse ela na segunda-feira.<\/p>\n<p>O juiz do tribunal estadual Gregory Carro disse que tem pouco controle sobre o que acontece fora do tribunal, mas pode garantir que Mangione receber\u00e1 um julgamento justo.<\/p>\n<p>As autoridades dizem que Mangione matou Brian Thompson quando ele caminhava para uma confer\u00eancia de investidores no centro de Manhattan, na manh\u00e3 de 4 de dezembro.<\/p>\n<p>Mangione foi preso em um McDonald&#8217;s da Pensilv\u00e2nia ap\u00f3s uma busca de cinco dias, portando uma arma que combinava com a usada no tiroteio e uma identidade falsa, disse a pol\u00edcia. Ele tamb\u00e9m carregava um caderno expressando hostilidade ao setor de seguros de sa\u00fade e especialmente aos executivos ricos, de acordo com promotores federais.<\/p>\n<p>Numa confer\u00eancia de imprensa na semana passada, o procurador distrital de Manhattan, Alvin Bragg, disse que a aplica\u00e7\u00e3o da lei do terrorismo reflectia a gravidade de um \u201cassassinato assustador, bem planeado e direccionado, que pretendia causar choque, aten\u00e7\u00e3o e intimida\u00e7\u00e3o\u201d.<\/p>\n<p>\u201cEm seus termos mais b\u00e1sicos, este foi um assassinato que pretendia evocar o terror\u201d, acrescentou.<\/p>\n<p>Mangione est\u00e1 detido em uma pris\u00e3o federal do Brooklyn ao lado de v\u00e1rios outros r\u00e9us importantes, incluindo Sean \u201cDiddy\u201d Combs e Sam Bankman-Fried.<\/p>\n<p>Durante sua apari\u00e7\u00e3o no tribunal na segunda-feira, ele sorriu algumas vezes ao conversar com seus advogados e esticou a m\u00e3o direita depois que um policial retirou suas algemas.<\/p>\n<p>Do lado de fora do tribunal, algumas dezenas de apoiadores gritavam \u201cLibertem Luigi\u201d, acima do toque de uma trombeta.<\/p>\n<p>Natalie Monarrez, uma moradora de Staten Island, de 55 anos, disse que se juntou \u00e0 manifesta\u00e7\u00e3o porque perdeu a m\u00e3e e as economias de sua vida como resultado de pedidos de seguro negados.<\/p>\n<p>\u201cPor mais extremo que tenha sido, abalou a conversa de que precisamos lidar com esse problema\u201d, disse ela sobre o tiroteio. \u201cBasta, as pessoas est\u00e3o fartas.\u201d<\/p>\n<p>Formado pela Ivy League em uma fam\u00edlia proeminente de Maryland, Mangione parecia ter se isolado da fam\u00edlia e dos amigos nos \u00faltimos meses. Ele postava frequentemente em f\u00f3runs on-line sobre sua luta contra dores nas costas. Ele nunca foi cliente da UnitedHealthcare, segundo a seguradora.<\/p>\n<p>Thompson, casado e pai de dois alunos do ensino m\u00e9dio, trabalhou no gigante UnitedHealth Group por 20 anos e tornou-se CEO de seu bra\u00e7o de seguros em 2021.<\/p>\n<p>O assassinato levou alguns a expressarem o seu ressentimento relativamente \u00e0s seguradoras de sa\u00fade dos EUA, com Mangione a servir de substituto para as frustra\u00e7\u00f5es causadas pelas recusas de cobertura e pelas pesadas contas m\u00e9dicas. Tamb\u00e9m provocou ondas de choque no mundo empresarial, abalando executivos que dizem ter recebido um aumento nas amea\u00e7as.<\/p>\n<p><em>Direitos autorais 2024 da Associated Press. Todos os direitos reservados. Este material n\u00e3o pode ser publicado, transmitido, reescrito ou redistribu\u00eddo.<\/em><\/p>\n<div class=\"wp-block-newsletter\">\n\t<strong class=\"wp-block-newsletter__title\">Cadastre-se em nosso boletim informativo para receber as \u00faltimas not\u00edcias diretamente em sua caixa de entrada<\/strong><\/p>\n<\/div><\/div>\n<p><br \/>\n<br \/><a href=\"https:\/\/wsvn.com\/news\/us-world\/luigi-mangione-pleads-not-guilty-to-murder-and-weapons-charges-in-unitedhealthcare-ceos-death\/\">Source link <\/a><\/p>","protected":false},"excerpt":{"rendered":"<p>NOVA YORK (AP) \u2013 O homem acusado de atirar mortalmente no CEO da UnitedHealthcare se declarou inocente na segunda-feira das acusa\u00e7\u00f5es de assassinato e terrorismo, enquanto seu advogado reclamava que&hellip;<\/p>","protected":false},"author":1,"featured_media":81234,"comment_status":"closed","ping_status":"open","sticky":false,"template":"","format":"standard","meta":{"content-type":"","footnotes":""},"categories":[1],"tags":[],"class_list":["post-81476","post","type-post","status-publish","format-standard","has-post-thumbnail","hentry","category-uncategorized"],"_links":{"self":[{"href":"https:\/\/tvbrazilusa.com\/pt\/wp-json\/wp\/v2\/posts\/81476","targetHints":{"allow":["GET"]}}],"collection":[{"href":"https:\/\/tvbrazilusa.com\/pt\/wp-json\/wp\/v2\/posts"}],"about":[{"href":"https:\/\/tvbrazilusa.com\/pt\/wp-json\/wp\/v2\/types\/post"}],"author":[{"embeddable":true,"href":"https:\/\/tvbrazilusa.com\/pt\/wp-json\/wp\/v2\/users\/1"}],"replies":[{"embeddable":true,"href":"https:\/\/tvbrazilusa.com\/pt\/wp-json\/wp\/v2\/comments?post=81476"}],"version-history":[{"count":1,"href":"https:\/\/tvbrazilusa.com\/pt\/wp-json\/wp\/v2\/posts\/81476\/revisions"}],"predecessor-version":[{"id":81477,"href":"https:\/\/tvbrazilusa.com\/pt\/wp-json\/wp\/v2\/posts\/81476\/revisions\/81477"}],"wp:featuredmedia":[{"embeddable":true,"href":"https:\/\/tvbrazilusa.com\/pt\/wp-json\/wp\/v2\/media\/81234"}],"wp:attachment":[{"href":"https:\/\/tvbrazilusa.com\/pt\/wp-json\/wp\/v2\/media?parent=81476"}],"wp:term":[{"taxonomy":"category","embeddable":true,"href":"https:\/\/tvbrazilusa.com\/pt\/wp-json\/wp\/v2\/categories?post=81476"},{"taxonomy":"post_tag","embeddable":true,"href":"https:\/\/tvbrazilusa.com\/pt\/wp-json\/wp\/v2\/tags?post=81476"}],"curies":[{"name":"wp","href":"https:\/\/api.w.org\/{rel}","templated":true}]}}