{"id":81487,"date":"2024-12-23T16:53:58","date_gmt":"2024-12-23T16:53:58","guid":{"rendered":"https:\/\/tvbrazilusa.com\/2024\/12\/23\/2-prisioneiros-da-fl-entre-37-sobreviventes-de-biden-do-corredor-da-morte-federal\/"},"modified":"2024-12-23T17:29:28","modified_gmt":"2024-12-23T17:29:28","slug":"2-prisioneiros-da-fl-entre-37-sobreviventes-de-biden-do-corredor-da-morte-federal","status":"publish","type":"post","link":"https:\/\/tvbrazilusa.com\/pt\/2024\/12\/23\/2-prisioneiros-da-fl-entre-37-sobreviventes-de-biden-do-corredor-da-morte-federal\/","title":{"rendered":"2 prisioneiros da FL entre 37 sobreviventes de Biden do corredor da morte federal"},"content":{"rendered":"<p> <script async src=\"https:\/\/pagead2.googlesyndication.com\/pagead\/js\/adsbygoogle.js?client=ca-pub-8864793242727901\"\r\n     crossorigin=\"anonymous\"><\/script><br \/>\n<\/p>\n<div>\n<p>FL\u00d3RIDA \u2013 O presidente Joe Biden poupou na segunda-feira a vida de todas as pessoas, exceto tr\u00eas, que aguardavam execu\u00e7\u00e3o no corredor da morte federal, incluindo dois prisioneiros da Fl\u00f3rida. <\/p>\n<\/div>\n<div>\n<p>A a\u00e7\u00e3o de Biden comuta suas senten\u00e7as para pris\u00e3o perp\u00e9tua poucas semanas antes de o presidente eleito Donald Trump, um defensor declarado da expans\u00e3o da pena capital, tomar posse. <\/p>\n<p>Aqueles cujas vidas foram poupadas foram condenados por assassinatos que inclu\u00edram assassinatos de policiais e militares, pessoas em terras federais e pessoas envolvidas em assaltos mortais a bancos ou neg\u00f3cios de drogas, bem como assassinatos de guardas e prisioneiros em instala\u00e7\u00f5es federais.<\/p>\n<\/div>\n<div>\n<p>Os floridianos poupados do corredor da morte por Biden s\u00e3o Richard Sanchez Jr. e Daniel Troya, que foram condenados em 2009 por envolvimento no assassinato de uma fam\u00edlia relacionado com drogas, incluindo duas crian\u00e7as.<\/p>\n<p>Os dois mataram uma fam\u00edlia de quatro pessoas, incluindo dois meninos que morreram nos bra\u00e7os da m\u00e3e, em um assassinato por d\u00edvida de drogas, <a href=\"https:\/\/www.nbcnews.com\/id\/wbna30723603\" target=\"_blank\" rel=\"nofollow\">NBC News disse.<\/a> <\/p>\n<\/div>\n<div>\n<p>Troya e Sanchez foram condenados em 5 de mar\u00e7o de 2009 pelo assassinato de Jos\u00e9 Luis Escobedo, 28, bem como de sua esposa, Yessica Guerrero Escobedo, 25, e de seus filhos, Luis Julian, de 4 anos, e Luis Damian, de 3 anos. . Seus corpos, baleados \u00e0 queima-roupa, foram encontrados na grama ao lado da rodovia Turnpike, na Fl\u00f3rida, em 13 de outubro de 2006, segundo relatos.<\/p>\n<p>A a\u00e7\u00e3o de Biden significa que apenas tr\u00eas presos federais ainda enfrentam execu\u00e7\u00e3o. Eles s\u00e3o Dylann Roof, que executou os assassinatos racistas de nove membros negros da Igreja M\u00e3e Emanuel AME em Charleston, Carolina do Sul, em 2015; O bombardeiro da Maratona de Boston de 2013, Dzhokhar Tsarnaev; e Robert Bowers, que matou a tiros 11 fi\u00e9is na Sinagoga Tree of Life de Pittsburgh em 2018, o ataque antissemita mais mortal da hist\u00f3ria dos EUA.<\/p>\n<\/div>\n<div>\n<p>\u201cDediquei minha carreira a reduzir o crime violento e a garantir um sistema de justi\u00e7a justo e eficaz\u201d, disse Biden em um comunicado. <a href=\"https:\/\/www.whitehouse.gov\/briefing-room\/statements-releases\/2024\/12\/23\/statement-from-president-joe-biden-on-federal-death-row-commutations\/\" target=\"_blank\" rel=\"nofollow\">declara\u00e7\u00e3o<\/a>. \u201cHoje, estou comutando as senten\u00e7as de 37 dos 40 indiv\u00edduos no corredor federal da morte para penas de pris\u00e3o perp\u00e9tua sem possibilidade de liberdade condicional. Estas comuta\u00e7\u00f5es s\u00e3o consistentes com a morat\u00f3ria que a minha administra\u00e7\u00e3o imp\u00f4s \u00e0s execu\u00e7\u00f5es federais, em casos que n\u00e3o sejam terrorismo e assassinatos em massa motivados pelo \u00f3dio.\u201d<\/p>\n<p>A administra\u00e7\u00e3o Biden em 2021 anunciou um <a href=\"https:\/\/apnews.com\/article\/joe-biden-executions-health-coronavirus-pandemic-government-and-politics-e7d40ed2dcf68f8b1e49001c1acfb2a8\" target=\"_blank\" rel=\"nofollow\">morat\u00f3ria<\/a> sobre a pena capital federal para estudar os protocolos utilizados, que suspenderam as execu\u00e7\u00f5es durante o mandato de Biden. Mas Biden, na verdade, prometeu ir mais longe nesta quest\u00e3o no passado, comprometendo-se a acabar com as execu\u00e7\u00f5es federais sem as ressalvas do terrorismo e dos assassinatos em massa motivados pelo \u00f3dio.<\/p>\n<\/div>\n<div>\n<p>\u201cN\u00e3o se engane: condeno esses assassinos, lamento as v\u00edtimas de seus atos desprez\u00edveis e sofro por todas as fam\u00edlias que sofreram perdas inimagin\u00e1veis \u200b\u200be irrepar\u00e1veis\u201d, disse o comunicado de Biden. \u201cMas guiado pela minha consci\u00eancia e pela minha experi\u00eancia como defensor p\u00fablico, presidente da Comiss\u00e3o Judici\u00e1ria do Senado, vice-presidente e agora presidente, estou mais convencido do que nunca de que devemos acabar com o uso da pena de morte a n\u00edvel federal.\u201d<\/p>\n<p>Ele deu um golpe pol\u00edtico em Trump, dizendo: \u201cEm s\u00e3 consci\u00eancia, n\u00e3o posso recuar e permitir que uma nova administra\u00e7\u00e3o retome as execu\u00e7\u00f5es que eu interrompi\u201d.<\/p>\n<p>Trump, que toma posse em 20 de janeiro, tem falado frequentemente em aumentar as execu\u00e7\u00f5es. Num discurso anunciando a sua campanha de 2024, Trump apelou a que aqueles \u201capanhados a vender drogas recebam a pena de morte pelos seus actos hediondos\u201d. Mais tarde, ele prometeu executar traficantes de drogas e de seres humanos e at\u00e9 elogiou o tratamento mais severo dado pela China aos traficantes de drogas. Durante seu primeiro mandato como presidente, Trump <a href=\"https:\/\/apnews.com\/article\/653b2353f34e495099d9b004acbcc090\" target=\"_blank\" rel=\"nofollow\">tamb\u00e9m defendeu a pena de morte para traficantes de drogas<\/a>.<\/p>\n<p>Havia <a href=\"https:\/\/apnews.com\/general-news-28e44cc5c026dc16472751bbde0ead50\" target=\"_blank\" rel=\"nofollow\">13 execu\u00e7\u00f5es federais<\/a> durante o primeiro mandato de Trump, mais do que sob qualquer presidente da hist\u00f3ria moderna.<\/p>\n<p><em>A Associated Press contribuiu com reportagens.<\/em><\/p>\n<\/div>\n<p><br \/>\n<br \/><a href=\"http:\/\/patch.com\/florida\/miami\/2-fl-prisoners-among-37-biden-spares-federal-death-row?utm_source=article-mostrecent&#038;utm_medium=rss&#038;utm_term=politics%20%26%20government&#038;utm_campaign=recirc&#038;utm_content=aol\">Source link <\/a><\/p>","protected":false},"excerpt":{"rendered":"<p>FL\u00d3RIDA \u2013 O presidente Joe Biden poupou na segunda-feira a vida de todas as pessoas, exceto tr\u00eas, que aguardavam execu\u00e7\u00e3o no corredor da morte federal, incluindo dois prisioneiros da Fl\u00f3rida.&hellip;<\/p>","protected":false},"author":1,"featured_media":81488,"comment_status":"closed","ping_status":"open","sticky":false,"template":"","format":"standard","meta":{"content-type":"","footnotes":""},"categories":[1],"tags":[],"class_list":["post-81487","post","type-post","status-publish","format-standard","has-post-thumbnail","hentry","category-uncategorized"],"_links":{"self":[{"href":"https:\/\/tvbrazilusa.com\/pt\/wp-json\/wp\/v2\/posts\/81487","targetHints":{"allow":["GET"]}}],"collection":[{"href":"https:\/\/tvbrazilusa.com\/pt\/wp-json\/wp\/v2\/posts"}],"about":[{"href":"https:\/\/tvbrazilusa.com\/pt\/wp-json\/wp\/v2\/types\/post"}],"author":[{"embeddable":true,"href":"https:\/\/tvbrazilusa.com\/pt\/wp-json\/wp\/v2\/users\/1"}],"replies":[{"embeddable":true,"href":"https:\/\/tvbrazilusa.com\/pt\/wp-json\/wp\/v2\/comments?post=81487"}],"version-history":[{"count":1,"href":"https:\/\/tvbrazilusa.com\/pt\/wp-json\/wp\/v2\/posts\/81487\/revisions"}],"predecessor-version":[{"id":81489,"href":"https:\/\/tvbrazilusa.com\/pt\/wp-json\/wp\/v2\/posts\/81487\/revisions\/81489"}],"wp:featuredmedia":[{"embeddable":true,"href":"https:\/\/tvbrazilusa.com\/pt\/wp-json\/wp\/v2\/media\/81488"}],"wp:attachment":[{"href":"https:\/\/tvbrazilusa.com\/pt\/wp-json\/wp\/v2\/media?parent=81487"}],"wp:term":[{"taxonomy":"category","embeddable":true,"href":"https:\/\/tvbrazilusa.com\/pt\/wp-json\/wp\/v2\/categories?post=81487"},{"taxonomy":"post_tag","embeddable":true,"href":"https:\/\/tvbrazilusa.com\/pt\/wp-json\/wp\/v2\/tags?post=81487"}],"curies":[{"name":"wp","href":"https:\/\/api.w.org\/{rel}","templated":true}]}}