{"id":81493,"date":"2024-12-23T17:35:19","date_gmt":"2024-12-23T17:35:19","guid":{"rendered":"https:\/\/tvbrazilusa.com\/2024\/12\/23\/bombeiro-de-brockton-morre-dias-depois-de-ter-tido-uma-parada-cardiaca-durante-uma-ligacao\/"},"modified":"2024-12-23T17:39:28","modified_gmt":"2024-12-23T17:39:28","slug":"bombeiro-de-brockton-morre-dias-depois-de-ter-tido-uma-parada-cardiaca-durante-uma-ligacao","status":"publish","type":"post","link":"https:\/\/tvbrazilusa.com\/pt\/2024\/12\/23\/bombeiro-de-brockton-morre-dias-depois-de-ter-tido-uma-parada-cardiaca-durante-uma-ligacao\/","title":{"rendered":"Bombeiro de Brockton morre dias depois de ter tido uma parada card\u00edaca durante uma liga\u00e7\u00e3o"},"content":{"rendered":"<p> <script async src=\"https:\/\/pagead2.googlesyndication.com\/pagead\/js\/adsbygoogle.js?client=ca-pub-8864793242727901\"\r\n     crossorigin=\"anonymous\"><\/script><br \/>\n<\/p>\n<div id=\"\">\n<header class=\"m-article-header m-article-header--standard\">\n\t\t\t\t\t\t\t\t\t\t\t\t<span id=\"article-header-primary-term\"><br \/>\n\t\t\t\t\t\t\t\t<a class=\"a-term a-term--primary\" href=\"https:\/\/www.boston.com\/tag\/local-news\/\"><\/p>\n<p>\t\t\t\t\t\t\t\tNot\u00edcias locais\t\t\t\t\t\t\t\t<\/a><br \/>\n\t\t\t\t\t\t\t<\/span><\/p>\n<h2 class=\"m-article-header__sub-headline\">O bombeiro Jeffrey Albanese foi hospitalizado depois que seu cora\u00e7\u00e3o parou durante uma liga\u00e7\u00e3o em 9 de dezembro.<\/h2>\n<figure class=\"a-photo m-article-header__photo\"><figcaption class=\"a-photo__caption\">\n<p>\tO bombeiro de Brockton, Jeffrey Albanese, morreu em 21 de dezembro de 2024. Ele trabalhava na Esta\u00e7\u00e3o n\u00ba 4, onde este buqu\u00ea foi deixado.<em> Equipe Pat Greenhouse\/Boston Globe<\/em>\t<\/figcaption><\/figure>\n<div class=\"m-article-header__meta\">\n<div class=\"m-article-header__byline\">\n<p class=\"m-article-header__author\">\n<p>\t\t\t\t\t\t\t\tPor <a class=\"a-link a-link--inline\" href=\"https:\/\/www.boston.com\/author\/abby-patkin\/\">Abby Patkin<\/a>\t\t\t\t\t\t\t<\/p>\n<p>\t\t\t\t\t\t\t\t\t\t\t\t\t\t\t<time class=\"m-article-header__date\"><\/p>\n<p>\t\t\t\t\t\t\t\t\t23 de dezembro de 2024 | 12h35\t\t\t\t\t\t\t\t<\/time><\/p>\n<p><span>1 minuto para ler<\/span><\/p>\n<\/p><\/div>\n<\/p><\/div>\n<\/header>\n<p>Um bombeiro de Brockton morreu no cumprimento do dever no s\u00e1bado, dias depois de ter sofrido uma parada card\u00edaca ao responder a uma chamada, anunciou o corpo de bombeiros da cidade.<\/p>\n<p>O bombeiro veterano Jeffrey Albanese foi hospitalizado no Beth Israel Deaconess Medical Center depois que seu cora\u00e7\u00e3o parou durante uma liga\u00e7\u00e3o em 9 de dezembro, disse o chefe dos bombeiros de Brockton, Brian F. Nardelli, em um <a href=\"https:\/\/www.facebook.com\/photo\/?fbid=904572455183261&#038;set=pb.100068915452181.-2207520000\" target=\"_blank\" rel=\"noreferrer noopener\">Comunicado de imprensa<\/a> Domingo. <\/p>\n<div class=\"wp-block-image\">\n<figure class=\"alignright size-full\"><img fetchpriority=\"high\" decoding=\"async\" width=\"265\" height=\"372\" src=\"https:\/\/bdc2020.o0bc.com\/wp-content\/uploads\/2024\/12\/471413322_1047923974012819_8233540263009897072_n-67699983b7303.jpg\" alt=\"\" class=\"wp-image-32539780\" srcset=\"https:\/\/bdc2020.o0bc.com\/wp-content\/uploads\/2024\/12\/471413322_1047923974012819_8233540263009897072_n-67699983b7303.jpg?width=200 200w, https:\/\/bdc2020.o0bc.com\/wp-content\/uploads\/2024\/12\/471413322_1047923974012819_8233540263009897072_n-67699983b7303.jpg?width=300 300w, https:\/\/bdc2020.o0bc.com\/wp-content\/uploads\/2024\/12\/471413322_1047923974012819_8233540263009897072_n-67699983b7303.jpg?width=400 400w, https:\/\/bdc2020.o0bc.com\/wp-content\/uploads\/2024\/12\/471413322_1047923974012819_8233540263009897072_n-67699983b7303.jpg?width=500 500w, https:\/\/bdc2020.o0bc.com\/wp-content\/uploads\/2024\/12\/471413322_1047923974012819_8233540263009897072_n-67699983b7303.jpg?width=600 600w, https:\/\/bdc2020.o0bc.com\/wp-content\/uploads\/2024\/12\/471413322_1047923974012819_8233540263009897072_n-67699983b7303.jpg?width=700 700w, https:\/\/bdc2020.o0bc.com\/wp-content\/uploads\/2024\/12\/471413322_1047923974012819_8233540263009897072_n-67699983b7303.jpg?width=800 800w, https:\/\/bdc2020.o0bc.com\/wp-content\/uploads\/2024\/12\/471413322_1047923974012819_8233540263009897072_n-67699983b7303.jpg?width=900 900w\" sizes=\"(max-width: 265px) 100vw, 265px\"\/><figcaption class=\"wp-element-caption\">Bombeiro de Brockton, Jeffrey Albanese.<i> \u2013 Bombeiros de Brockton Local IAFF 144\/Facebook<\/i><\/figcaption><\/figure>\n<\/div>\n<p>Os colegas bombeiros e a equipe m\u00e9dica de emerg\u00eancia de Albanese o ressuscitaram, de acordo com Nardelli. No entanto, embora Albanese \u201clutasse muito\u201d e recebesse cuidados \u201cincr\u00edveis\u201d, ele morreu pouco depois das 23h de s\u00e1bado, disse o chefe.<\/p>\n<p>\u201cO bombeiro Albanese travou uma batalha corajosa com sua fam\u00edlia e irm\u00e3os bombeiros ao seu lado\u201d, disse Nardelli. \u201cPor favor, mantenham a fam\u00edlia Albanese e os membros dos Bombeiros Locais 144 de Brockton em seus pensamentos e ora\u00e7\u00f5es.\u201d <\/p>\n<p>Albanese deixa esposa e dois filhos, disse o sindicato dos bombeiros em um <a href=\"https:\/\/www.facebook.com\/permalink.php?story_fbid=pfbid01FF2bJ5xpbu4pYxXdv2tc82KcREi4K6GvHab92f3mcQwHn3nSDrwjgo4gXqK8Bbjl&#038;id=100063856770879&#038;ref=embed_post\" target=\"_blank\" rel=\"noreferrer noopener\">declara\u00e7\u00e3o separada<\/a>. <\/p>\n<p>Veterano de 24 anos no Corpo de Bombeiros de Brockton, Albanese tamb\u00e9m representou a Engine Company 4 como diretor sindical e foi membro da Guarda de Honra, disse o Brockton Firefighters Local 144. <\/p>\n<p>Falando com <a href=\"https:\/\/www.bostonglobe.com\/2024\/12\/22\/metro\/brockton-firefighter-dies-cardiac-arrest\/\" target=\"_blank\" rel=\"noreferrer noopener\"><em>O Globo de Boston<\/em><\/a><em>, <\/em>Nardelli disse que os bombeiros que ressuscitaram Albanese lutaram contra a culpa por n\u00e3o terem sido capazes de salv\u00e1-lo, mas seus esfor\u00e7os permitiram que \u201cJeff vivesse para que sua esposa pudesse segurar sua m\u00e3o por mais duas semanas\u201d.<\/p>\n<p>\u201cA m\u00e3o dele era quente e com o cora\u00e7\u00e3o batendo\u201d, disse Nardelli ao <em>Globo<\/em>. \u201cE isso \u00e9 importante.\u201d<\/p>\n<p>Fotos de <a href=\"https:\/\/www.enterprisenews.com\/picture-gallery\/news\/2024\/12\/23\/brockton-grieves-the-loss-of-veteran-firefighter-jeffrey-albanese\/77158932007\/?fbclid=IwZXh0bgNhZW0CMTEAAR31YxlBsa85Qad7YVXLNoqjxqmvlB1J_QkR0c7-5mlbsGkv7cnX6YplPjw_aem_IzM73yspFTeosANkS_KDtA\" target=\"_blank\" rel=\"noreferrer noopener\"><em>A empresa<\/em><\/a>  mostram a cena sombria no domingo, quando o corpo de Albanese foi transportado para uma funer\u00e1ria em Brockton. A fam\u00edlia, amigos e colegas bombeiros do bombeiro fizeram fila para confortar uns aos outros e prestar suas homenagens. <\/p>\n<p><iframe loading=\"lazy\" src=\"https:\/\/www.facebook.com\/plugins\/post.php?href=https%3A%2F%2Fwww.facebook.com%2FBrocktonFireandLifeSafety%2Fposts%2Fpfbid02j5tb3MQ1m3TfLVFQ3sqZsEEcSzxKM8hRGY34ahrDjJ8AtL2FaTmwSsz5EaSCxYvEl&#038;show_text=true&#038;width=500\" width=\"500\" height=\"728\" style=\"border:none;overflow:hidden\" scrolling=\"no\" frameborder=\"0\" allowfullscreen=\"true\" allow=\"autoplay; clipboard-write; encrypted-media; picture-in-picture; web-share\"><\/iframe><\/p>\n<div class=\"o-author-single has-avatar\">\n<header class=\"m-author-card\">\n<div class=\"a-image a-image--square m-author-card__image\">\n\t\t<img decoding=\"async\" class=\"\" src=\"https:\/\/www.boston.com\/wp-content\/uploads\/2024\/10\/cropped-Patkin-Headshot-66fea67b66dd2-scaled-1-66fea6a1c6f25.jpg\" alt=\"Imagem do perfil de Abby Patkin\"\/>\t<\/div>\n<\/header>\n<section class=\"author-info\">\n<div class=\"m-author__section\">\n<p>Abby Patkin \u00e9 uma rep\u00f3rter de not\u00edcias gerais cujo trabalho aborda transporte p\u00fablico, crime, sa\u00fade e tudo mais.<\/p>\n<\/div>\n<\/section>\n<\/div>\n<div class=\"m-block m-generic-cta\t m-generic-cta--post-content\t m-generic-cta--dark\t m-generic-cta--homepage\t m-generic-cta--email-signup\t\t m-generic-cta-block-style--default \tt-amp__generic-cta\"><\/p>\n<div class=\"m-generic-cta__wrap\">\n<div class=\"m-generic-cta__content\">\n<h3 class=\"m-generic-cta__title\">Boston.com hoje<\/h3>\n<p class=\"m-generic-cta__subtitle\">Inscreva-se para receber as \u00faltimas manchetes em sua caixa de entrada todas as manh\u00e3s.<\/p>\n<\/p><\/div>\n<\/p><\/div>\n<\/div><\/div>\n<p><script>\n\t\tvar consent=\"grant\";\n\t\t\/* The above code is parsing the JSON data from the local storage and storing it in a variable. *\/\n\t\t\t\t\tconst onetrustStorageConsent = JSON.parse(localStorage.getItem( 'consent_one_trust_bdc' ) );\n\t\t\tif ( ( onetrustStorageConsent !== null ) ) {\n\t\t\t\t\/* Checking to see if the user has consented to the use of cookies.\n\t\t\t\t* If they have not, it is deleting the cookie.\n\t\t\t\t* This will comment for now, until further notice.\n\t\t\t\t*\/\n\t\t\t\t\/\/if ( onetrustStorageConsent.C0002 === false ) {\n\t\t\t\t\/\/\tdocument.cookie=\"_fbp=;expires=Thu, 01 Jan 2010 00:00:00 UTC; path=\/; domain=.boston.com\";\n\t\t\t\t\/\/}\n\t\t\t\t\/* Checking if the user has given consent for the cookie C0002.\n\t\t\t\t* If the user has given consent, the variable consent will be set to 'grant'.\n\t\t\t\t* If the user has not given consent,the variable consent will be set to 'revoke'.\n\t\t\t\t* Documentation https:\/\/developers.facebook.com\/docs\/meta-pixel\/implementation\/gdpr\n\t\t\t\t*\/\n\t\t\t\tif ( onetrustStorageConsent.C0002 !== true ) {\n\t\t\t\t\tconsent=\"revoke\";\n\t\t\t\t}\n\t\t\t}\n\t\t\t\t!function(f,b,e,v,n,t,s)\n\t\t{if(f.fbq)return;n=f.fbq=function(){n.callMethod?\n\t\tn.callMethod.apply(n,arguments):n.queue.push(arguments)};\n\t\tif(!f._fbq)f._fbq=n;n.push=n;n.loaded=!0;n.version='2.0';\n\t\tn.queue=[];t=b.createElement(e);t.async=!0;\n\t\tt.src=v;s=b.getElementsByTagName(e)[0];\n\t\ts.parentNode.insertBefore(t,s)}(window, document,'script',\n\t\t'https:\/\/connect.facebook.net\/en_US\/fbevents.js');\n\t\tfbq('consent', consent);\n\t\tfbq('init', '989222871864976');\n\t\tfbq('track', 'PageView');\n\t<\/script><script type=\"module\">\n\t\tvar consent=\"grant\";\n\t\t\/* The above code is parsing the JSON data from the local storage and storing it in a variable. *\/\n\t\t\tconst onetrustStorageConsent = JSON.parse(localStorage.getItem( 'consent_one_trust_bdc' ) );\n\t\t\t\/* Checking to see if the user has consented to the use of cookies.\n\t\t\t* If they have not, it is deleting the cookie.\n\t\t\t* This will comment for now, until further notice.\n\t\t\t*\/\n\t\t\t\/\/if ( onetrustStorageConsent.C0002 === false ) {\n\t\t\t\/\/\tdocument.cookie=\"_fbp=;expires=Thu, 01 Jan 2010 00:00:00 UTC; path=\/; domain=.boston.com\";\n\t\t\t\/\/}\n\t\t\t\/* Checking if the user has given consent for the cookie C0002.\n\t\t\t* If the user has given consent, the variable consent will be set to 'grant'.\n\t\t\t* If the user has not given consent,the variable consent will be set to 'revoke'.\n\t\t\t* Documentation https:\/\/developers.facebook.com\/docs\/meta-pixel\/implementation\/gdpr\n\t\t\t*\/\n\t\t\tif ( ( onetrustStorageConsent !== null ) && (onetrustStorageConsent.C0002 !== true ) ) {\n\t\t\t\tconsent=\"revoke\";\n\t\t\t}\n\t\t\t\t!function(f,b,e,v,n,t,s){if(f.fbq)return;n=f.fbq=function()\n\t\t{n.callMethod? n.callMethod.apply(n,arguments):n.queue.push(arguments)}\n\t\t;if(!f._fbq)f._fbq=n;\n\t\tn.push=n;n.loaded=!0;n.version='2.0';n.queue=[];t=b.createElement(e);t.async=!0;\n\t\tt.src=v;s=b.getElementsByTagName(e)[0];s.parentNode.insertBefore(t,s)}(window,\n\t\tdocument,'script','https:\/\/connect.facebook.net\/en_US\/fbevents.js');\n\t\tfbq('consent', consent);\n\t\tfbq('init', '813236348753005');\n\t\tfbq('track', \"PageView\");\n\t<\/script><br \/>\n<br \/><br \/>\n<br \/><a href=\"https:\/\/www.boston.com\/news\/local-news\/2024\/12\/23\/brockton-firefighter-dies-days-after-he-went-into-cardiac-arrest-during-a-call\/\">Source link <\/a><\/p>","protected":false},"excerpt":{"rendered":"<p>Not\u00edcias locais O bombeiro Jeffrey Albanese foi hospitalizado depois que seu cora\u00e7\u00e3o parou durante uma liga\u00e7\u00e3o em 9 de dezembro. O bombeiro de Brockton, Jeffrey Albanese, morreu em 21 de&hellip;<\/p>","protected":false},"author":1,"featured_media":81494,"comment_status":"closed","ping_status":"open","sticky":false,"template":"","format":"standard","meta":{"content-type":"","footnotes":""},"categories":[1],"tags":[],"class_list":["post-81493","post","type-post","status-publish","format-standard","has-post-thumbnail","hentry","category-uncategorized"],"_links":{"self":[{"href":"https:\/\/tvbrazilusa.com\/pt\/wp-json\/wp\/v2\/posts\/81493","targetHints":{"allow":["GET"]}}],"collection":[{"href":"https:\/\/tvbrazilusa.com\/pt\/wp-json\/wp\/v2\/posts"}],"about":[{"href":"https:\/\/tvbrazilusa.com\/pt\/wp-json\/wp\/v2\/types\/post"}],"author":[{"embeddable":true,"href":"https:\/\/tvbrazilusa.com\/pt\/wp-json\/wp\/v2\/users\/1"}],"replies":[{"embeddable":true,"href":"https:\/\/tvbrazilusa.com\/pt\/wp-json\/wp\/v2\/comments?post=81493"}],"version-history":[{"count":1,"href":"https:\/\/tvbrazilusa.com\/pt\/wp-json\/wp\/v2\/posts\/81493\/revisions"}],"predecessor-version":[{"id":81495,"href":"https:\/\/tvbrazilusa.com\/pt\/wp-json\/wp\/v2\/posts\/81493\/revisions\/81495"}],"wp:featuredmedia":[{"embeddable":true,"href":"https:\/\/tvbrazilusa.com\/pt\/wp-json\/wp\/v2\/media\/81494"}],"wp:attachment":[{"href":"https:\/\/tvbrazilusa.com\/pt\/wp-json\/wp\/v2\/media?parent=81493"}],"wp:term":[{"taxonomy":"category","embeddable":true,"href":"https:\/\/tvbrazilusa.com\/pt\/wp-json\/wp\/v2\/categories?post=81493"},{"taxonomy":"post_tag","embeddable":true,"href":"https:\/\/tvbrazilusa.com\/pt\/wp-json\/wp\/v2\/tags?post=81493"}],"curies":[{"name":"wp","href":"https:\/\/api.w.org\/{rel}","templated":true}]}}