{"id":8150,"date":"2024-07-25T01:00:00","date_gmt":"2024-07-25T01:00:00","guid":{"rendered":"https:\/\/tvbrazilusa.com\/2024\/07\/25\/descoberto-novo-el-nino-no-hemisferio-sul-novas-mudancas-climaticas\/"},"modified":"2024-07-25T01:22:04","modified_gmt":"2024-07-25T01:22:04","slug":"descoberto-novo-el-nino-no-hemisferio-sul-novas-mudancas-climaticas","status":"publish","type":"post","link":"https:\/\/tvbrazilusa.com\/pt\/2024\/07\/25\/descoberto-novo-el-nino-no-hemisferio-sul-novas-mudancas-climaticas\/","title":{"rendered":"Descoberto novo \u201cEl Ni\u00f1o\u201d no Hemisf\u00e9rio Sul: Novas mudan\u00e7as clim\u00e1ticas"},"content":{"rendered":"<p> <script async src=\"https:\/\/pagead2.googlesyndication.com\/pagead\/js\/adsbygoogle.js?client=ca-pub-8864793242727901\"\r\n     crossorigin=\"anonymous\"><\/script><br \/>\n<\/p>\n<div>\n<p>Uma equipe de cientistas internacionais anunciou a descoberta de um <strong>novo padr\u00e3o clim\u00e1tico<\/strong> que influencia significativamente o clima do Hemisf\u00e9rio Sul. Este fen\u00f4meno, apelidado de \u201cPadr\u00e3o de N\u00famero 4 de Ondas Circumpolares do Hemisf\u00e9rio Sul\u201d, atua de maneira similar ao conhecido <strong>El Ni\u00f1o<\/strong>, por\u00e9m com caracter\u00edsticas distintas que podem afetar regi\u00f5es desde a Nova Zel\u00e2ndia at\u00e9 a Am\u00e9rica do Sul.<\/p>\n<p>O estudo publicado recentemente traz \u00e0 tona a complexa intera\u00e7\u00e3o entre a atmosfera e o oceano, enfatizando a capacidade de uma pequena \u00e1rea do oceano para desencadear grandes mudan\u00e7as clim\u00e1ticas globais. Balaji Senapati, coautor do estudo, descreveu a descoberta como \u201ca revela\u00e7\u00e3o de um novo mecanismo de regula\u00e7\u00e3o clim\u00e1tica da Terra.\u201d<\/p>\n<div class=\"wp-block-image\">\n<figure class=\"aligncenter size-large\"><picture decoding=\"async\" class=\"wp-image-160486\"><source type=\"image\/webp\" srcset=\"https:\/\/terrabrasilnoticias.com\/wp-content\/uploads\/2024\/07\/sculpture-el-nino-3798708_1280-1024x768.jpg.webp 1024w, https:\/\/terrabrasilnoticias.com\/wp-content\/uploads\/2024\/07\/sculpture-el-nino-3798708_1280-300x225.jpg.webp 300w, https:\/\/terrabrasilnoticias.com\/wp-content\/uploads\/2024\/07\/sculpture-el-nino-3798708_1280-768x576.jpg.webp 768w, https:\/\/terrabrasilnoticias.com\/wp-content\/uploads\/2024\/07\/sculpture-el-nino-3798708_1280-750x563.jpg.webp 750w, https:\/\/terrabrasilnoticias.com\/wp-content\/uploads\/2024\/07\/sculpture-el-nino-3798708_1280-1140x855.jpg.webp 1140w, https:\/\/terrabrasilnoticias.com\/wp-content\/uploads\/2024\/07\/sculpture-el-nino-3798708_1280.jpg.webp 1280w\" sizes=\"(max-width: 1024px) 100vw, 1024px\"\/><\/picture><figcaption class=\"wp-element-caption\">Escultura El Nino Radolfzell Am Bodensee \u2013 Foto: Internet<\/figcaption><\/figure>\n<\/div>\n<h2 class=\"wp-block-heading\">Como foi descoberto o novo fen\u00f4meno clim\u00e1tico?<\/h2>\n<p>Para chegar a essa conclus\u00e3o, a pesquisa contou com a utiliza\u00e7\u00e3o de modelos clim\u00e1ticos avan\u00e7ados que simularam condi\u00e7\u00f5es atmosf\u00e9ricas e oce\u00e2nicas por um per\u00edodo de 300 anos. Os resultados mostraram um padr\u00e3o claro e recorrente que alterna temperaturas quentes e frias nas \u00e1guas do Hemisf\u00e9rio Sul, impactando diretamente o clima regional.<\/p>\n<h2 class=\"wp-block-heading\">O que diferencia este novo padr\u00e3o do El Ni\u00f1o?<\/h2>\n<p>Diferentemente do El Ni\u00f1o, que ocorre em regi\u00f5es tropicais, o novo padr\u00e3o foi identificado nas latitudes m\u00e9dias. Este fen\u00f4meno age independente dos sistemas clim\u00e1ticos tropicais, sugerindo uma din\u00e2mica clim\u00e1tica at\u00e9 ent\u00e3o n\u00e3o observada pela ci\u00eancia moderna.<\/p>\n<h2 class=\"wp-block-heading\">Quais s\u00e3o os poss\u00edveis impactos deste fen\u00f4meno?<\/h2>\n<ul class=\"wp-block-list\">\n<li>Melhoria na precis\u00e3o das previs\u00f5es meteorol\u00f3gicas no Hemisf\u00e9rio Sul.<\/li>\n<li>Compreens\u00e3o aprofundada sobre eventos clim\u00e1ticos extremos.<\/li>\n<li>Possibilidade de antecipar mudan\u00e7as clim\u00e1ticas em \u00e1reas afetadas pelo novo padr\u00e3o.<\/li>\n<\/ul>\n<p>Os pesquisadores esperam que, com esta descoberta, possam n\u00e3o apenas entender melhor os mist\u00e9rios do clima da Terra, mas tamb\u00e9m desenvolver estrat\u00e9gias mais eficazes para lidar com as consequ\u00eancias das altera\u00e7\u00f5es clim\u00e1ticas. A identifica\u00e7\u00e3o deste novo padr\u00e3o oferece importantes insights sobre como o oceano e a atmosfera interagem de formas que anteriormente passavam despercebidas.<\/p>\n<p>A pesquisa segue agora para as pr\u00f3ximas fases, que incluem estudos mais detalhados sobre as intera\u00e7\u00f5es espec\u00edficas entre as temperaturas oce\u00e2nicas e atmosf\u00e9ricas e o desenvolvimento de ferramentas ainda mais sofisticadas de previs\u00e3o clim\u00e1tica. Este avan\u00e7o n\u00e3o s\u00f3 real\u00e7a a import\u00e2ncia do trabalho cooperativo internacional na ci\u00eancia clim\u00e1tica mas tamb\u00e9m refor\u00e7a a necessidade de aten\u00e7\u00e3o \u00e0s mudan\u00e7as no ambiente global que podem afetar a vida em todo o planeta.<\/p>\n<\/p><\/div>\n<p><br \/>\n<br \/><a href=\"https:\/\/terrabrasilnoticias.com\/2024\/07\/descoberto-novo-el-nino-no-hemisferio-sul-novas-mudancas-climaticas\/\">Source link <\/a><\/p>","protected":false},"excerpt":{"rendered":"<p>Uma equipe de cientistas internacionais anunciou a descoberta de um novo padr\u00e3o clim\u00e1tico que influencia significativamente o clima do Hemisf\u00e9rio Sul. Este fen\u00f4meno, apelidado de \u201cPadr\u00e3o de N\u00famero 4 de&hellip;<\/p>","protected":false},"author":1,"featured_media":8151,"comment_status":"closed","ping_status":"open","sticky":false,"template":"","format":"standard","meta":{"content-type":"","footnotes":""},"categories":[16],"tags":[1360,1760,1761,1762],"class_list":["post-8150","post","type-post","status-publish","format-standard","has-post-thumbnail","hentry","category-noticias","tag-clima","tag-el-nino","tag-hemisferio-sul","tag-mudancas-climaticas"],"_links":{"self":[{"href":"https:\/\/tvbrazilusa.com\/pt\/wp-json\/wp\/v2\/posts\/8150","targetHints":{"allow":["GET"]}}],"collection":[{"href":"https:\/\/tvbrazilusa.com\/pt\/wp-json\/wp\/v2\/posts"}],"about":[{"href":"https:\/\/tvbrazilusa.com\/pt\/wp-json\/wp\/v2\/types\/post"}],"author":[{"embeddable":true,"href":"https:\/\/tvbrazilusa.com\/pt\/wp-json\/wp\/v2\/users\/1"}],"replies":[{"embeddable":true,"href":"https:\/\/tvbrazilusa.com\/pt\/wp-json\/wp\/v2\/comments?post=8150"}],"version-history":[{"count":1,"href":"https:\/\/tvbrazilusa.com\/pt\/wp-json\/wp\/v2\/posts\/8150\/revisions"}],"predecessor-version":[{"id":8152,"href":"https:\/\/tvbrazilusa.com\/pt\/wp-json\/wp\/v2\/posts\/8150\/revisions\/8152"}],"wp:featuredmedia":[{"embeddable":true,"href":"https:\/\/tvbrazilusa.com\/pt\/wp-json\/wp\/v2\/media\/8151"}],"wp:attachment":[{"href":"https:\/\/tvbrazilusa.com\/pt\/wp-json\/wp\/v2\/media?parent=8150"}],"wp:term":[{"taxonomy":"category","embeddable":true,"href":"https:\/\/tvbrazilusa.com\/pt\/wp-json\/wp\/v2\/categories?post=8150"},{"taxonomy":"post_tag","embeddable":true,"href":"https:\/\/tvbrazilusa.com\/pt\/wp-json\/wp\/v2\/tags?post=8150"}],"curies":[{"name":"wp","href":"https:\/\/api.w.org\/{rel}","templated":true}]}}