{"id":81505,"date":"2024-12-23T17:59:08","date_gmt":"2024-12-23T17:59:08","guid":{"rendered":"https:\/\/tvbrazilusa.com\/2024\/12\/23\/na-operacao-overclean-agente-da-pf-preso-tem-historico-de-trabalho-com-o-pt-na-bahia\/"},"modified":"2024-12-23T17:59:10","modified_gmt":"2024-12-23T17:59:10","slug":"na-operacao-overclean-agente-da-pf-preso-tem-historico-de-trabalho-com-o-pt-na-bahia","status":"publish","type":"post","link":"https:\/\/tvbrazilusa.com\/pt\/2024\/12\/23\/na-operacao-overclean-agente-da-pf-preso-tem-historico-de-trabalho-com-o-pt-na-bahia\/","title":{"rendered":"Na opera\u00e7\u00e3o Overclean, agente da PF preso tem hist\u00f3rico de trabalho com o PT na Bahia"},"content":{"rendered":"<p> <script async src=\"https:\/\/pagead2.googlesyndication.com\/pagead\/js\/adsbygoogle.js?client=ca-pub-8864793242727901\"\r\n     crossorigin=\"anonymous\"><\/script><br \/>\n<\/p>\n<div id=\"taboola-read-more\" style=\"display:block; width:100%\">\n<p>O agente da Pol\u00edcia Federal (PF) Rog\u00e9rio Magno de Almeida Medeiros, preso preventivamente nesta segunda-feira (23\/12) no \u00e2mbito da Opera\u00e7\u00e3o Overclean, j\u00e1 trabalhou para o PT na Bahia.\n<\/p>\n<p>A opera\u00e7\u00e3o \u00e9 a mesma que j\u00e1 prendeu o empres\u00e1rio Marcos Moura, conhecido como \u201cRei do Lixo\u201d, e o vereador eleito Francisco Nascimento, primo do l\u00edder do Uni\u00e3o Brasil na C\u00e2mara, deputado Elmar Nascimento (BA).<\/p>\n<p>Segundo apurou a coluna, o agente da PF chefiou a Superintend\u00eancia de Intelig\u00eancia da Secretaria de Seguran\u00e7a P\u00fablica da Bahia at\u00e9 2020, na gest\u00e3o do ent\u00e3o governador baiano e atual ministro da Casa da Civil, Rui Costa.\n<\/p>\n<p>Magno, entretanto, foi exonerado por Rui Costa em 31 de outubro de 2020 ap\u00f3s ser citado na Opera\u00e7\u00e3o Faroeste, que investiga um esquema de venda de senten\u00e7as por magistrados na Bahia.\n<\/p>\n<p>Agente da PF repassava \u201cinforma\u00e7\u00f5es sens\u00edveis\u201d<br \/>Como a coluna noticiou, na Opera\u00e7\u00e3o Overclean, Magno \u00e9 acusado de repassar \u201cinforma\u00e7\u00f5es sens\u00edveis\u201d aos investigados, incluindo a identifica\u00e7\u00e3o de agentes federais envolvidos em dilig\u00eancias sigilosas.\n<\/p>\n<p>Al\u00e9m do PF, foram presos o vice-prefeito de Lauro de Freitas (BA), Vidigal Cafezeiro Neto; o secret\u00e1rio de Mobilidade Urbana de Vit\u00f3ria da Conquista (BA), Lucas Dias; e o lobista Carlos Andr\u00e9, tido como operador do grupo.\n<\/p>\n<p>Al\u00e9m das pris\u00f5es preventivas, a PF cumpriu 10 mandados de busca e apreens\u00e3o, uma ordem de afastamento cautelar de um servidor p\u00fablico de suas fun\u00e7\u00f5es, al\u00e9m de medidas de sequestro de cerca de R$ 4,7 milh\u00f5es em bens.\n<\/p>\n<p>A Opera\u00e7\u00e3o Overclean<br \/>A Opera\u00e7\u00e3o Overclean visa desarticular organiza\u00e7\u00e3o criminosa suspeita de envolvimento em fraudes licitat\u00f3rias, desvio de recursos p\u00fablicos, corrup\u00e7\u00e3o e lavagem de dinheiro.\n<\/p>\n<p>De acordo com a PF, durante o per\u00edodo investigado, o grupo teria movimentado cerca de R$ 1,4 bilh\u00e3o, incluindo R$ 825 milh\u00f5es em contratos firmados com \u00f3rg\u00e3os p\u00fablicos apenas em 2024.<\/p>\n<p>Fonte: Metr\u00f3poles              <\/p>\n<\/div>\n<p><br \/>\n<br \/><a href=\"https:\/\/diariodobrasilnoticias.com.br\/noticia\/na-operacao-overclean-agente-da-pf-preso-tem-historico-de-trabalho-com-o-pt-na-bahia-67697b0799b6c\">Source link <\/a><\/p>","protected":false},"excerpt":{"rendered":"<p>O agente da Pol\u00edcia Federal (PF) Rog\u00e9rio Magno de Almeida Medeiros, preso preventivamente nesta segunda-feira (23\/12) no \u00e2mbito da Opera\u00e7\u00e3o Overclean, j\u00e1 trabalhou para o PT na Bahia. A opera\u00e7\u00e3o&hellip;<\/p>","protected":false},"author":1,"featured_media":81506,"comment_status":"closed","ping_status":"open","sticky":false,"template":"","format":"standard","meta":{"content-type":"","footnotes":""},"categories":[16],"tags":[123,2448,5313,1267],"class_list":["post-81505","post","type-post","status-publish","format-standard","has-post-thumbnail","hentry","category-noticias","tag-brasil","tag-diario","tag-noticia","tag-noticias"],"_links":{"self":[{"href":"https:\/\/tvbrazilusa.com\/pt\/wp-json\/wp\/v2\/posts\/81505","targetHints":{"allow":["GET"]}}],"collection":[{"href":"https:\/\/tvbrazilusa.com\/pt\/wp-json\/wp\/v2\/posts"}],"about":[{"href":"https:\/\/tvbrazilusa.com\/pt\/wp-json\/wp\/v2\/types\/post"}],"author":[{"embeddable":true,"href":"https:\/\/tvbrazilusa.com\/pt\/wp-json\/wp\/v2\/users\/1"}],"replies":[{"embeddable":true,"href":"https:\/\/tvbrazilusa.com\/pt\/wp-json\/wp\/v2\/comments?post=81505"}],"version-history":[{"count":1,"href":"https:\/\/tvbrazilusa.com\/pt\/wp-json\/wp\/v2\/posts\/81505\/revisions"}],"predecessor-version":[{"id":81507,"href":"https:\/\/tvbrazilusa.com\/pt\/wp-json\/wp\/v2\/posts\/81505\/revisions\/81507"}],"wp:featuredmedia":[{"embeddable":true,"href":"https:\/\/tvbrazilusa.com\/pt\/wp-json\/wp\/v2\/media\/81506"}],"wp:attachment":[{"href":"https:\/\/tvbrazilusa.com\/pt\/wp-json\/wp\/v2\/media?parent=81505"}],"wp:term":[{"taxonomy":"category","embeddable":true,"href":"https:\/\/tvbrazilusa.com\/pt\/wp-json\/wp\/v2\/categories?post=81505"},{"taxonomy":"post_tag","embeddable":true,"href":"https:\/\/tvbrazilusa.com\/pt\/wp-json\/wp\/v2\/tags?post=81505"}],"curies":[{"name":"wp","href":"https:\/\/api.w.org\/{rel}","templated":true}]}}