{"id":81517,"date":"2024-12-23T18:16:14","date_gmt":"2024-12-23T18:16:14","guid":{"rendered":"https:\/\/tvbrazilusa.com\/2024\/12\/23\/aviao-cai-em-quitupan-7-mortes-confirmados\/"},"modified":"2024-12-23T18:16:15","modified_gmt":"2024-12-23T18:16:15","slug":"aviao-cai-em-quitupan-7-mortes-confirmados","status":"publish","type":"post","link":"https:\/\/tvbrazilusa.com\/pt\/2024\/12\/23\/aviao-cai-em-quitupan-7-mortes-confirmados\/","title":{"rendered":"Avi\u00e3o cai em Quitupan:  7 mortes confirmados"},"content":{"rendered":"<p> <script async src=\"https:\/\/pagead2.googlesyndication.com\/pagead\/js\/adsbygoogle.js?client=ca-pub-8864793242727901\"\r\n     crossorigin=\"anonymous\"><\/script><br \/>\n<\/p>\n<div id=\"taboola-read-more\" style=\"display:block; width:100%\">\n<p>Um tr\u00e1gico acidente a\u00e9reo ocorreu no \u00faltimo domingo, 22, na regi\u00e3o de Quitupan, Jalisco, no oeste do M\u00e9xico. Um avi\u00e3o modelo Cessna 207 caiu em uma \u00e1rea densamente arborizada, resultando na morte de sete pessoas, de acordo com informa\u00e7\u00f5es da Unidade Estadual de Prote\u00e7\u00e3o Civil e Bombeiros. A aeronave partiu de La Parota, em Michoac\u00e1n, mas as causas do acidente ainda n\u00e3o foram esclarecidas.\n<\/p>\n<p>Testemunhas da queda relataram que socorristas estavam no local, tentando remover os corpos dos destro\u00e7os da aeronave. As equipes de resgate local e os oficiais forenses das autoridades locais trabalham arduamente para determinar o n\u00famero exato de v\u00edtimas e entender as circunst\u00e2ncias que levaram ao acidente.<\/p>\n<p>Quais foram as medidas adotadas ap\u00f3s o acidente?<br \/>No cen\u00e1rio do acidente, equipes variadas est\u00e3o atuando para controlar a situa\u00e7\u00e3o. Funcion\u00e1rios da Secretaria da Defesa Nacional (Sedena) est\u00e3o presentes, trabalhando em conjunto com autoridades dos munic\u00edpios vizinhos de Quitupan e Mazamitla. Search teams were dispatched promptly to provide the necessary support and conduct further investigations.\n<\/p>\n<p>Como est\u00e1 sendo conduzida a investiga\u00e7\u00e3o do acidente?<br \/>As autoridades de Jalisco iniciaram uma investiga\u00e7\u00e3o sobre o acidente do Cessna 207 para determinar as causas que levaram \u00e0 trag\u00e9dia. Especialistas est\u00e3o avaliando os registros do voo e examinando os destro\u00e7os da aeronave. A participa\u00e7\u00e3o de peritos forenses \u00e9 fundamental para a retirada dos corpos das v\u00edtimas, trabalhando de forma minuciosa entre os restos do avi\u00e3o.\n<\/p>\n<p>Quais s\u00e3o os pr\u00f3ximos passos para as autoridades locais?<br \/>A prioridade das autoridades \u00e9 garantir que todas as fam\u00edlias das v\u00edtimas sejam informadas e prestem todo o apoio necess\u00e1rio. Ao mesmo tempo, espera-se que o eventual relat\u00f3rio pericial forne\u00e7a informa\u00e7\u00f5es cruciais que possam evitar novos incidentes dessa natureza. Al\u00e9m disso, a comunica\u00e7\u00e3o com a popula\u00e7\u00e3o local est\u00e1 sendo mantida para garantir a seguran\u00e7a nas proximidades do acidente.\n<\/p>\n<p>Quais s\u00e3o as condi\u00e7\u00f5es da aeronave Cessna 207 envolvida no acidente?<br \/>A aeronave Cessna 207 \u00e9 geralmente operada em voos de curta dist\u00e2ncia devido \u00e0 sua capacidade e confiabilidade. No entanto, como qualquer aeronave, est\u00e1 sujeita a riscos t\u00e9cnicos e clim\u00e1ticos. A investiga\u00e7\u00e3o atual tem como objetivo revisar o hist\u00f3rico de manuten\u00e7\u00e3o da aeronave e quaisquer fatores externos que possam ter contribu\u00eddo para a queda.\n<\/p>\n<p>Fonte: O antagonista              <\/p>\n<\/div>\n<p><br \/>\n<br \/><a href=\"https:\/\/diariodobrasilnoticias.com.br\/noticia\/aviao-cai-em-quitupan-7-mortos-confirmados-67698137187a9\">Source link <\/a><\/p>","protected":false},"excerpt":{"rendered":"<p>Um tr\u00e1gico acidente a\u00e9reo ocorreu no \u00faltimo domingo, 22, na regi\u00e3o de Quitupan, Jalisco, no oeste do M\u00e9xico. Um avi\u00e3o modelo Cessna 207 caiu em uma \u00e1rea densamente arborizada, resultando&hellip;<\/p>","protected":false},"author":1,"featured_media":81518,"comment_status":"closed","ping_status":"open","sticky":false,"template":"","format":"standard","meta":{"content-type":"","footnotes":""},"categories":[16],"tags":[123,2448,5313,1267],"class_list":["post-81517","post","type-post","status-publish","format-standard","has-post-thumbnail","hentry","category-noticias","tag-brasil","tag-diario","tag-noticia","tag-noticias"],"_links":{"self":[{"href":"https:\/\/tvbrazilusa.com\/pt\/wp-json\/wp\/v2\/posts\/81517","targetHints":{"allow":["GET"]}}],"collection":[{"href":"https:\/\/tvbrazilusa.com\/pt\/wp-json\/wp\/v2\/posts"}],"about":[{"href":"https:\/\/tvbrazilusa.com\/pt\/wp-json\/wp\/v2\/types\/post"}],"author":[{"embeddable":true,"href":"https:\/\/tvbrazilusa.com\/pt\/wp-json\/wp\/v2\/users\/1"}],"replies":[{"embeddable":true,"href":"https:\/\/tvbrazilusa.com\/pt\/wp-json\/wp\/v2\/comments?post=81517"}],"version-history":[{"count":1,"href":"https:\/\/tvbrazilusa.com\/pt\/wp-json\/wp\/v2\/posts\/81517\/revisions"}],"predecessor-version":[{"id":81519,"href":"https:\/\/tvbrazilusa.com\/pt\/wp-json\/wp\/v2\/posts\/81517\/revisions\/81519"}],"wp:featuredmedia":[{"embeddable":true,"href":"https:\/\/tvbrazilusa.com\/pt\/wp-json\/wp\/v2\/media\/81518"}],"wp:attachment":[{"href":"https:\/\/tvbrazilusa.com\/pt\/wp-json\/wp\/v2\/media?parent=81517"}],"wp:term":[{"taxonomy":"category","embeddable":true,"href":"https:\/\/tvbrazilusa.com\/pt\/wp-json\/wp\/v2\/categories?post=81517"},{"taxonomy":"post_tag","embeddable":true,"href":"https:\/\/tvbrazilusa.com\/pt\/wp-json\/wp\/v2\/tags?post=81517"}],"curies":[{"name":"wp","href":"https:\/\/api.w.org\/{rel}","templated":true}]}}