{"id":81523,"date":"2024-12-23T17:53:30","date_gmt":"2024-12-23T17:53:30","guid":{"rendered":"https:\/\/tvbrazilusa.com\/2024\/12\/23\/amtrak-relata-atrasos-ao-longo-do-corredor-nordeste\/"},"modified":"2024-12-23T18:21:34","modified_gmt":"2024-12-23T18:21:34","slug":"amtrak-relata-atrasos-ao-longo-do-corredor-nordeste","status":"publish","type":"post","link":"https:\/\/tvbrazilusa.com\/pt\/2024\/12\/23\/amtrak-relata-atrasos-ao-longo-do-corredor-nordeste\/","title":{"rendered":"Amtrak relata atrasos ao longo do Corredor Nordeste"},"content":{"rendered":"<p> <script async src=\"https:\/\/pagead2.googlesyndication.com\/pagead\/js\/adsbygoogle.js?client=ca-pub-8864793242727901\"\r\n     crossorigin=\"anonymous\"><\/script><br \/>\n<\/p>\n<div id=\"\">\n<header class=\"m-article-header m-article-header--standard\">\n\t\t\t\t\t\t\t\t\t\t\t\t<span id=\"article-header-primary-term\"><br \/>\n\t\t\t\t\t\t\t\t<a class=\"a-term a-term--primary\" href=\"https:\/\/www.boston.com\/tag\/transportation\/\"><\/p>\n<p>\t\t\t\t\t\t\t\tTransporte\t\t\t\t\t\t\t\t<\/a><br \/>\n\t\t\t\t\t\t\t<\/span><\/p>\n<h2 class=\"m-article-header__sub-headline\">\u201cAgradecemos sua paci\u00eancia enquanto trabalhamos nessas quest\u00f5es e tentamos retomar o servi\u00e7o regular.\u201d<\/h2>\n<figure class=\"a-photo m-article-header__photo\"><figcaption class=\"a-photo__caption\">\n<p>\tTrem Regional Nordeste da Amtrak.<em> Amtrak<\/em>\t<\/figcaption><\/figure>\n<div class=\"m-article-header__meta\">\n<div class=\"m-article-header__byline\">\n<p class=\"m-article-header__author\">\n<p>\t\t\t\t\t\t\t\tPor <a class=\"a-link a-link--inline\" href=\"https:\/\/www.boston.com\/author\/kristi-palma\/\">Kristi Palma<\/a>\t\t\t\t\t\t\t<\/p>\n<p>\t\t\t\t\t\t\t\t\t\t\t\t\t\t\t<time class=\"m-article-header__date\"><\/p>\n<p>\t\t\t\t\t\t\t\t\t23 de dezembro de 2024 | 12h53\t\t\t\t\t\t\t\t<\/time><\/p>\n<p><span>1 minuto para ler<\/span><\/p>\n<\/p><\/div>\n<\/p><\/div>\n<\/header>\n<p>Mais do que <a href=\"https:\/\/www.boston.com\/travel\/travel\/2024\/12\/19\/boston-traffic-holidays-best-and-worst-times-to-leave\/\">119 milh\u00f5es de americanos est\u00e3o viajando durante as f\u00e9rias<\/a> e alguns que viajam de trem tiveram um in\u00edcio inst\u00e1vel.<\/p>\n<div class=\"m-block t-amp__list-container m-article-list-container m-article-list-container--frame-border a-border-frame  a-list-header__headline--red m-article-list--alternative--default  m-article-list--full\">\n<ul class=\"t-amp__list a-list--no-style m-article-list m-article-list--recirculation m-article-list--has-images\">\n<li class=\"m-article-list__item\">\n\t\t\t<a class=\"m-article-list__link-wrapper\" href=\"https:\/\/www.boston.com\/travel\/travel\/2024\/12\/19\/boston-traffic-holidays-best-and-worst-times-to-leave\/?p1=article_recirc_inline_feature\" data-p1=\"article_recirc_inline_feature\"><br \/>\n\t\t\t\t<img fetchpriority=\"high\" decoding=\"async\" width=\"768\" height=\"432\" src=\"https:\/\/bdc2020.o0bc.com\/wp-content\/uploads\/2024\/05\/s3___bgmp-arc_arc-feeds_generic-photos_to-arc_LEE033023traffic1MET-66461120c23c5-768x432.jpg\" class=\"t-amp__list-image m-article-list__image\" alt=\"\" aria-hidden=\"true\" srcset=\"https:\/\/bdc2020.o0bc.com\/wp-content\/uploads\/2024\/05\/s3___bgmp-arc_arc-feeds_generic-photos_to-arc_LEE033023traffic1MET-66461120c23c5-768x432.jpg?width=200 200w, https:\/\/bdc2020.o0bc.com\/wp-content\/uploads\/2024\/05\/s3___bgmp-arc_arc-feeds_generic-photos_to-arc_LEE033023traffic1MET-66461120c23c5-768x432.jpg?width=300 300w, https:\/\/bdc2020.o0bc.com\/wp-content\/uploads\/2024\/05\/s3___bgmp-arc_arc-feeds_generic-photos_to-arc_LEE033023traffic1MET-66461120c23c5-768x432.jpg?width=400 400w, https:\/\/bdc2020.o0bc.com\/wp-content\/uploads\/2024\/05\/s3___bgmp-arc_arc-feeds_generic-photos_to-arc_LEE033023traffic1MET-66461120c23c5-768x432.jpg?width=500 500w, https:\/\/bdc2020.o0bc.com\/wp-content\/uploads\/2024\/05\/s3___bgmp-arc_arc-feeds_generic-photos_to-arc_LEE033023traffic1MET-66461120c23c5-768x432.jpg?width=600 600w, https:\/\/bdc2020.o0bc.com\/wp-content\/uploads\/2024\/05\/s3___bgmp-arc_arc-feeds_generic-photos_to-arc_LEE033023traffic1MET-66461120c23c5-768x432.jpg?width=700 700w, https:\/\/bdc2020.o0bc.com\/wp-content\/uploads\/2024\/05\/s3___bgmp-arc_arc-feeds_generic-photos_to-arc_LEE033023traffic1MET-66461120c23c5-768x432.jpg?width=800 800w, https:\/\/bdc2020.o0bc.com\/wp-content\/uploads\/2024\/05\/s3___bgmp-arc_arc-feeds_generic-photos_to-arc_LEE033023traffic1MET-66461120c23c5-768x432.jpg?width=900 900w\" sizes=\"(max-width: 768px) 100vw, 768px\"\/>\t\t\t\t\t<\/p>\n<div class=\"m-article-list__content\">\n<h4 class=\"m-article-list__headline t-amp__list-headline\">\n\t\t\t\t\t\t\t<span class=\"m-article-list__link a-link a-link--inline a-link--text-link a-link--text-link-dark\"><\/p>\n<p>\t\t\t\t\t\t\tOs melhores e piores momentos para pegar a estrada nas f\u00e9rias\t\t\t\t\t\t\t<\/span><br \/>\n\t\t\t\t\t\t<\/h4>\n<\/p><\/div>\n<p>\t\t\t\t<\/a>\n\t\t\t<\/li>\n<\/ul>\n<\/div>\n<p>A Amtrak suspendeu parte de seu servi\u00e7o Nordeste no domingo devido \u00e0 queda de fios de energia e clientes ao longo do Corredor Nordeste <a href=\"https:\/\/aemstage.amtrak.com\/alert\/service-temporarily-suspended-between-new-york-and-philadelphia.html?cmp=-20241222-customer_communicationstwitter&#038;SID=15625505920\">sofreram atrasos de at\u00e9 60 minutos<\/a>. Em um <a href=\"https:\/\/www.amtrak.com\/alert\/service-temporarily-suspended-between-new-york-and-philadelphia.html\">alerta postado na manh\u00e3 de segunda-feira<\/a>A Amtrak disse que os viajantes est\u00e3o enfrentando atrasos ao longo do Corredor Nordeste devido a problemas de energia de sinaliza\u00e7\u00e3o que afetam os trilhos de entrada e sa\u00edda da Penn Station.<\/p>\n<p>\u201cSeguindo as restri\u00e7\u00f5es da tripula\u00e7\u00e3o dos eventos de ontem, todos os trens que operam entre a Washington Union Station (WAS) e a Boston South Station (BOS) podem ser afetados devido a problemas cont\u00ednuos e residuais ao longo do Corredor Nordeste\u201d, escreveu a Amtrak.<\/p>\n<p>Os clientes devem esperar \u201cum atraso significativo\u201d dentro e fora de Nova York, escreveu a Amtrak, \u201cdevido \u00e0s condi\u00e7\u00f5es de rastreamento \u00fanico que podem causar congestionamento ferrovi\u00e1rio ao longo de nossa rede\u201d.<\/p>\n<p>Alguns servi\u00e7os foram cancelados para minimizar atrasos, observou a Amtrak.<\/p>\n<p>\u201cEsta \u00e9 uma situa\u00e7\u00e3o cont\u00ednua; as equipes est\u00e3o trabalhando ativamente para resolver esse problema\u201d, escreveu a Amtrak. \u201cObserve que os planos s\u00e3o fluidos e podem mudar, e notificaremos os clientes afetados o mais r\u00e1pido poss\u00edvel.\u201d<\/p>\n<p>Os clientes com reservas nos trens afetados est\u00e3o sendo acomodados em trens com hor\u00e1rios de partida semelhantes e a Amtrak est\u00e1 isentando cobran\u00e7as pela altera\u00e7\u00e3o de uma reserva. Os viajantes podem ligar para 1-800-USA-RAIL para fazer altera\u00e7\u00f5es em suas reservas.<\/p>\n<p>\u201cAgradecemos sua paci\u00eancia enquanto trabalhamos nessas quest\u00f5es e tentamos retomar o servi\u00e7o regular\u201d, escreveu a Amtrak.<\/p>\n<p>Para receber notifica\u00e7\u00f5es sobre se os trens est\u00e3o atrasados \u200b\u200bem esta\u00e7\u00f5es espec\u00edficas, os clientes da Amtrak podem se inscrever em <a href=\"https:\/\/www.amtrak.com\/tickets\/delay-alerts.html\" target=\"_blank\" rel=\"noreferrer noopener\">Amtrak.com\/DelayAlerts<\/a>. Os viajantes podem receber alertas em tempo real no X seguindo <a href=\"https:\/\/x.com\/AmtrakNECAlerts\">@AmtrakNECAlertas<\/a> e <a href=\"https:\/\/x.com\/AmtrakAlerts\">@AmtrakAlerts<\/a>.<\/p>\n<div class=\"o-author-single has-avatar\">\n<header class=\"m-author-card\">\n<div class=\"a-image a-image--square m-author-card__image\">\n\t\t<img decoding=\"async\" class=\"\" src=\"https:\/\/www.boston.com\/wp-content\/uploads\/2024\/10\/cropped-IMG_4797-6707dc45a689a-rotated-1-6707dc4f72826-242x242.jpg\" alt=\"Imagem do perfil de Kristi Palma\"\/>\t<\/div>\n<div class=\"m-author-card__text\">\n<h3 class=\"m-author-card__title\"><a href=\"https:\/\/www.boston.com\/author\/kristi.palma\">Kristi Palma<\/a><\/h3>\n<p><span class=\"m-author-card__subtitle\">Escritor de cultura<\/span>\t<\/div>\n<\/header>\n<section class=\"author-info\">\n<div class=\"m-author__section\">\n<p>Kristi Palma \u00e9 redatora cultural do Boston.com, com foco em viagens para a Nova Inglaterra. Ela cobre companhias a\u00e9reas, hot\u00e9is e atividades em Boston e na Nova Inglaterra. Ela \u00e9 autora de <a href=\"https:\/\/www.boston.com\/tag\/scenic-six\/\">C\u00e9nico Seis<\/a>um boletim informativo semanal de viagens.<\/p>\n<\/div>\n<\/section>\n<\/div>\n<div class=\"m-block m-generic-cta\t m-generic-cta--post-content\t m-generic-cta--dark\t m-generic-cta--homepage\t m-generic-cta--email-signup\t\t m-generic-cta-block-style--default \tt-amp__generic-cta\"><\/p>\n<div class=\"m-generic-cta__wrap\">\n<div class=\"m-generic-cta__content\">\n<h3 class=\"m-generic-cta__title\">Inscreva-se no Scenic Six<\/h3>\n<p class=\"m-generic-cta__subtitle\">Navegue pelas infinitas possibilidades de viagens para a Nova Inglaterra com Boston.com.<\/p>\n<\/p><\/div>\n<\/p><\/div>\n<\/div><\/div>\n<p><script>\n\t\tvar consent=\"grant\";\n\t\t\/* The above code is parsing the JSON data from the local storage and storing it in a variable. *\/\n\t\t\t\t\tconst onetrustStorageConsent = JSON.parse(localStorage.getItem( 'consent_one_trust_bdc' ) );\n\t\t\tif ( ( onetrustStorageConsent !== null ) ) {\n\t\t\t\t\/* Checking to see if the user has consented to the use of cookies.\n\t\t\t\t* If they have not, it is deleting the cookie.\n\t\t\t\t* This will comment for now, until further notice.\n\t\t\t\t*\/\n\t\t\t\t\/\/if ( onetrustStorageConsent.C0002 === false ) {\n\t\t\t\t\/\/\tdocument.cookie=\"_fbp=;expires=Thu, 01 Jan 2010 00:00:00 UTC; path=\/; domain=.boston.com\";\n\t\t\t\t\/\/}\n\t\t\t\t\/* Checking if the user has given consent for the cookie C0002.\n\t\t\t\t* If the user has given consent, the variable consent will be set to 'grant'.\n\t\t\t\t* If the user has not given consent,the variable consent will be set to 'revoke'.\n\t\t\t\t* Documentation https:\/\/developers.facebook.com\/docs\/meta-pixel\/implementation\/gdpr\n\t\t\t\t*\/\n\t\t\t\tif ( onetrustStorageConsent.C0002 !== true ) {\n\t\t\t\t\tconsent=\"revoke\";\n\t\t\t\t}\n\t\t\t}\n\t\t\t\t!function(f,b,e,v,n,t,s)\n\t\t{if(f.fbq)return;n=f.fbq=function(){n.callMethod?\n\t\tn.callMethod.apply(n,arguments):n.queue.push(arguments)};\n\t\tif(!f._fbq)f._fbq=n;n.push=n;n.loaded=!0;n.version='2.0';\n\t\tn.queue=[];t=b.createElement(e);t.async=!0;\n\t\tt.src=v;s=b.getElementsByTagName(e)[0];\n\t\ts.parentNode.insertBefore(t,s)}(window, document,'script',\n\t\t'https:\/\/connect.facebook.net\/en_US\/fbevents.js');\n\t\tfbq('consent', consent);\n\t\tfbq('init', '989222871864976');\n\t\tfbq('track', 'PageView');\n\t<\/script><script type=\"module\">\n\t\tvar consent=\"grant\";\n\t\t\/* The above code is parsing the JSON data from the local storage and storing it in a variable. *\/\n\t\t\tconst onetrustStorageConsent = JSON.parse(localStorage.getItem( 'consent_one_trust_bdc' ) );\n\t\t\t\/* Checking to see if the user has consented to the use of cookies.\n\t\t\t* If they have not, it is deleting the cookie.\n\t\t\t* This will comment for now, until further notice.\n\t\t\t*\/\n\t\t\t\/\/if ( onetrustStorageConsent.C0002 === false ) {\n\t\t\t\/\/\tdocument.cookie=\"_fbp=;expires=Thu, 01 Jan 2010 00:00:00 UTC; path=\/; domain=.boston.com\";\n\t\t\t\/\/}\n\t\t\t\/* Checking if the user has given consent for the cookie C0002.\n\t\t\t* If the user has given consent, the variable consent will be set to 'grant'.\n\t\t\t* If the user has not given consent,the variable consent will be set to 'revoke'.\n\t\t\t* Documentation https:\/\/developers.facebook.com\/docs\/meta-pixel\/implementation\/gdpr\n\t\t\t*\/\n\t\t\tif ( ( onetrustStorageConsent !== null ) && (onetrustStorageConsent.C0002 !== true ) ) {\n\t\t\t\tconsent=\"revoke\";\n\t\t\t}\n\t\t\t\t!function(f,b,e,v,n,t,s){if(f.fbq)return;n=f.fbq=function()\n\t\t{n.callMethod? n.callMethod.apply(n,arguments):n.queue.push(arguments)}\n\t\t;if(!f._fbq)f._fbq=n;\n\t\tn.push=n;n.loaded=!0;n.version='2.0';n.queue=[];t=b.createElement(e);t.async=!0;\n\t\tt.src=v;s=b.getElementsByTagName(e)[0];s.parentNode.insertBefore(t,s)}(window,\n\t\tdocument,'script','https:\/\/connect.facebook.net\/en_US\/fbevents.js');\n\t\tfbq('consent', consent);\n\t\tfbq('init', '813236348753005');\n\t\tfbq('track', \"PageView\");\n\t<\/script><br \/>\n<br \/><br \/>\n<br \/><a href=\"https:\/\/www.boston.com\/travel\/transportation\/2024\/12\/23\/amtrak-reports-delays-along-the-northeast-corridor\/\">Source link <\/a><\/p>","protected":false},"excerpt":{"rendered":"<p>Transporte \u201cAgradecemos sua paci\u00eancia enquanto trabalhamos nessas quest\u00f5es e tentamos retomar o servi\u00e7o regular.\u201d Trem Regional Nordeste da Amtrak. Amtrak Por Kristi Palma 23 de dezembro de 2024 | 12h53&hellip;<\/p>","protected":false},"author":1,"featured_media":69954,"comment_status":"closed","ping_status":"open","sticky":false,"template":"","format":"standard","meta":{"content-type":"","footnotes":""},"categories":[1],"tags":[],"class_list":["post-81523","post","type-post","status-publish","format-standard","has-post-thumbnail","hentry","category-uncategorized"],"_links":{"self":[{"href":"https:\/\/tvbrazilusa.com\/pt\/wp-json\/wp\/v2\/posts\/81523","targetHints":{"allow":["GET"]}}],"collection":[{"href":"https:\/\/tvbrazilusa.com\/pt\/wp-json\/wp\/v2\/posts"}],"about":[{"href":"https:\/\/tvbrazilusa.com\/pt\/wp-json\/wp\/v2\/types\/post"}],"author":[{"embeddable":true,"href":"https:\/\/tvbrazilusa.com\/pt\/wp-json\/wp\/v2\/users\/1"}],"replies":[{"embeddable":true,"href":"https:\/\/tvbrazilusa.com\/pt\/wp-json\/wp\/v2\/comments?post=81523"}],"version-history":[{"count":1,"href":"https:\/\/tvbrazilusa.com\/pt\/wp-json\/wp\/v2\/posts\/81523\/revisions"}],"predecessor-version":[{"id":81524,"href":"https:\/\/tvbrazilusa.com\/pt\/wp-json\/wp\/v2\/posts\/81523\/revisions\/81524"}],"wp:featuredmedia":[{"embeddable":true,"href":"https:\/\/tvbrazilusa.com\/pt\/wp-json\/wp\/v2\/media\/69954"}],"wp:attachment":[{"href":"https:\/\/tvbrazilusa.com\/pt\/wp-json\/wp\/v2\/media?parent=81523"}],"wp:term":[{"taxonomy":"category","embeddable":true,"href":"https:\/\/tvbrazilusa.com\/pt\/wp-json\/wp\/v2\/categories?post=81523"},{"taxonomy":"post_tag","embeddable":true,"href":"https:\/\/tvbrazilusa.com\/pt\/wp-json\/wp\/v2\/tags?post=81523"}],"curies":[{"name":"wp","href":"https:\/\/api.w.org\/{rel}","templated":true}]}}