{"id":81531,"date":"2024-12-23T18:23:20","date_gmt":"2024-12-23T18:23:20","guid":{"rendered":"https:\/\/tvbrazilusa.com\/2024\/12\/23\/incendio-em-spencer-destroi-duas-casas\/"},"modified":"2024-12-23T18:33:06","modified_gmt":"2024-12-23T18:33:06","slug":"incendio-em-spencer-destroi-duas-casas","status":"publish","type":"post","link":"https:\/\/tvbrazilusa.com\/pt\/2024\/12\/23\/incendio-em-spencer-destroi-duas-casas\/","title":{"rendered":"Inc\u00eandio em Spencer destr\u00f3i duas casas"},"content":{"rendered":"<p> <script async src=\"https:\/\/pagead2.googlesyndication.com\/pagead\/js\/adsbygoogle.js?client=ca-pub-8864793242727901\"\r\n     crossorigin=\"anonymous\"><\/script><br \/>\n<\/p>\n<div id=\"\">\n<header class=\"m-article-header m-article-header--standard\">\n\t\t\t\t\t\t\t\t\t\t\t\t<span id=\"article-header-primary-term\"><br \/>\n\t\t\t\t\t\t\t\t<a class=\"a-term a-term--primary\" href=\"https:\/\/www.boston.com\/tag\/local-news\/\"><\/p>\n<p>\t\t\t\t\t\t\t\tNot\u00edcias locais\t\t\t\t\t\t\t\t<\/a><br \/>\n\t\t\t\t\t\t\t<\/span><\/p>\n<h2 class=\"m-article-header__sub-headline\">Os bombeiros trabalharam em temperaturas g\u00e9lidas e em meio \u00e0 explos\u00e3o de fogos de artif\u00edcio. Ningu\u00e9m ficou ferido.<\/h2>\n<figure class=\"a-photo m-article-header__photo\"><figcaption class=\"a-photo__caption\">\n<p>\tDuas casas foram destru\u00eddas e uma terceira foi danificada em Spencer. <em> Corpo de Bombeiros da cidade de Leicester<\/em>\t<\/figcaption><\/figure>\n<\/header>\n<p>Os bombeiros em Spencer trabalharam em condi\u00e7\u00f5es de congelamento no domingo enquanto lutavam contra um grande inc\u00eandio que destruiu duas casas e danificou uma terceira. A explos\u00e3o de tanques de propano e fogos de artif\u00edcio tornou a situa\u00e7\u00e3o ainda mais perigosa. <\/p>\n<p>Um pr\u00e9dio na East Avenue foi completamente consumido pelas chamas quando os primeiros socorros chegaram. Bombeiros de v\u00e1rias cidades pr\u00f3ximas foram chamados para ajudar. <\/p>\n<p>Os ocupantes de todos os edif\u00edcios estavam seguros e n\u00e3o houve feridos, segundo bombeiros em <a href=\"https:\/\/www.facebook.com\/profile.php?id=100064667173062\">Paxton<\/a> e <a href=\"https:\/\/www.facebook.com\/profile.php?id=100088110408181\">Leicester<\/a>.<\/p>\n<p>\u201cInfelizmente, duas de nossas fam\u00edlias da cidade perderam tudo esta noite\u201d, escreveu Spencer Fire and Emergency Services em um Facebook <a href=\"https:\/\/www.facebook.com\/SpencerFireDepartment\/\">publicar<\/a>. \u201cApesar das condi\u00e7\u00f5es muito frias, os bombeiros de diversas comunidades fizeram o poss\u00edvel para salvar as duas exposi\u00e7\u00f5es. A casa principal havia desaparecido quando paramos e tentamos salvar as outras duas.\u201d <\/p>\n<p>N\u00e3o h\u00e1 informa\u00e7\u00f5es sobre como o inc\u00eandio come\u00e7ou. Funcion\u00e1rios do Corpo de Bombeiros de Spencer n\u00e3o retornaram pedidos de informa\u00e7\u00f5es na segunda-feira. <\/p>\n<p><a href=\"https:\/\/paulshea.zenfolio.com\/\">Paulo Shea<\/a>um fot\u00f3grafo freelancer, estava no local. Ele capturou um v\u00eddeo mostrando fogos de artif\u00edcio explodindo em meio ao inc\u00eandio. <\/p>\n<p><iframe src=\"https:\/\/www.facebook.com\/plugins\/video.php?height=314&#038;href=https%3A%2F%2Fwww.facebook.com%2Fsheaspotnewsphotography%2Fvideos%2F1371063063875425%2F&#038;show_text=false&#038;width=560&#038;t=0\" width=\"560\" height=\"314\" style=\"border:none;overflow:hidden\" scrolling=\"no\" frameborder=\"0\" allowfullscreen=\"true\" allow=\"autoplay; clipboard-write; encrypted-media; picture-in-picture; web-share\"><\/iframe><\/p>\n<p>N\u00e3o havia hidrantes acess\u00edveis nas proximidades, ent\u00e3o as equipes tiveram que usar bombas port\u00e1teis para tirar \u00e1gua do lago Thompson, nas proximidades, disse Shea em uma postagem no Facebook. <\/p>\n<div class=\"o-author-single no-avatar\">\n<header class=\"m-author-card\">\n<div class=\"m-author-card__text\">\n<h3 class=\"m-author-card__title\"><a href=\"https:\/\/www.boston.com\/author\/ross.cristantiello\">Ross Cristantiello<\/a><\/h3>\n<p><span class=\"m-author-card__subtitle\">Redator da equipe<\/span>\t<\/div>\n<\/header>\n<section class=\"author-info\">\n<div class=\"m-author__section\">\n<p>Ross Cristantiello, rep\u00f3rter de not\u00edcias gerais do Boston.com desde 2022, cobre pol\u00edtica local, crime, meio ambiente e muito mais.<\/p>\n<\/div>\n<\/section>\n<\/div>\n<div class=\"m-block m-generic-cta\t m-generic-cta--post-content\t m-generic-cta--dark\t m-generic-cta--homepage\t m-generic-cta--email-signup\t\t m-generic-cta-block-style--default \tt-amp__generic-cta\"><\/p>\n<div class=\"m-generic-cta__wrap\">\n<div class=\"m-generic-cta__content\">\n<h3 class=\"m-generic-cta__title\">Boston.com hoje<\/h3>\n<p class=\"m-generic-cta__subtitle\">Inscreva-se para receber as \u00faltimas manchetes em sua caixa de entrada todas as manh\u00e3s.<\/p>\n<\/p><\/div>\n<\/p><\/div>\n<\/div><\/div>\n<p><script>\n\t\tvar consent=\"grant\";\n\t\t\/* The above code is parsing the JSON data from the local storage and storing it in a variable. *\/\n\t\t\t\t\tconst onetrustStorageConsent = JSON.parse(localStorage.getItem( 'consent_one_trust_bdc' ) );\n\t\t\tif ( ( onetrustStorageConsent !== null ) ) {\n\t\t\t\t\/* Checking to see if the user has consented to the use of cookies.\n\t\t\t\t* If they have not, it is deleting the cookie.\n\t\t\t\t* This will comment for now, until further notice.\n\t\t\t\t*\/\n\t\t\t\t\/\/if ( onetrustStorageConsent.C0002 === false ) {\n\t\t\t\t\/\/\tdocument.cookie=\"_fbp=;expires=Thu, 01 Jan 2010 00:00:00 UTC; path=\/; domain=.boston.com\";\n\t\t\t\t\/\/}\n\t\t\t\t\/* Checking if the user has given consent for the cookie C0002.\n\t\t\t\t* If the user has given consent, the variable consent will be set to 'grant'.\n\t\t\t\t* If the user has not given consent,the variable consent will be set to 'revoke'.\n\t\t\t\t* Documentation https:\/\/developers.facebook.com\/docs\/meta-pixel\/implementation\/gdpr\n\t\t\t\t*\/\n\t\t\t\tif ( onetrustStorageConsent.C0002 !== true ) {\n\t\t\t\t\tconsent=\"revoke\";\n\t\t\t\t}\n\t\t\t}\n\t\t\t\t!function(f,b,e,v,n,t,s)\n\t\t{if(f.fbq)return;n=f.fbq=function(){n.callMethod?\n\t\tn.callMethod.apply(n,arguments):n.queue.push(arguments)};\n\t\tif(!f._fbq)f._fbq=n;n.push=n;n.loaded=!0;n.version='2.0';\n\t\tn.queue=[];t=b.createElement(e);t.async=!0;\n\t\tt.src=v;s=b.getElementsByTagName(e)[0];\n\t\ts.parentNode.insertBefore(t,s)}(window, document,'script',\n\t\t'https:\/\/connect.facebook.net\/en_US\/fbevents.js');\n\t\tfbq('consent', consent);\n\t\tfbq('init', '989222871864976');\n\t\tfbq('track', 'PageView');\n\t<\/script><script type=\"module\">\n\t\tvar consent=\"grant\";\n\t\t\/* The above code is parsing the JSON data from the local storage and storing it in a variable. *\/\n\t\t\tconst onetrustStorageConsent = JSON.parse(localStorage.getItem( 'consent_one_trust_bdc' ) );\n\t\t\t\/* Checking to see if the user has consented to the use of cookies.\n\t\t\t* If they have not, it is deleting the cookie.\n\t\t\t* This will comment for now, until further notice.\n\t\t\t*\/\n\t\t\t\/\/if ( onetrustStorageConsent.C0002 === false ) {\n\t\t\t\/\/\tdocument.cookie=\"_fbp=;expires=Thu, 01 Jan 2010 00:00:00 UTC; path=\/; domain=.boston.com\";\n\t\t\t\/\/}\n\t\t\t\/* Checking if the user has given consent for the cookie C0002.\n\t\t\t* If the user has given consent, the variable consent will be set to 'grant'.\n\t\t\t* If the user has not given consent,the variable consent will be set to 'revoke'.\n\t\t\t* Documentation https:\/\/developers.facebook.com\/docs\/meta-pixel\/implementation\/gdpr\n\t\t\t*\/\n\t\t\tif ( ( onetrustStorageConsent !== null ) && (onetrustStorageConsent.C0002 !== true ) ) {\n\t\t\t\tconsent=\"revoke\";\n\t\t\t}\n\t\t\t\t!function(f,b,e,v,n,t,s){if(f.fbq)return;n=f.fbq=function()\n\t\t{n.callMethod? n.callMethod.apply(n,arguments):n.queue.push(arguments)}\n\t\t;if(!f._fbq)f._fbq=n;\n\t\tn.push=n;n.loaded=!0;n.version='2.0';n.queue=[];t=b.createElement(e);t.async=!0;\n\t\tt.src=v;s=b.getElementsByTagName(e)[0];s.parentNode.insertBefore(t,s)}(window,\n\t\tdocument,'script','https:\/\/connect.facebook.net\/en_US\/fbevents.js');\n\t\tfbq('consent', consent);\n\t\tfbq('init', '813236348753005');\n\t\tfbq('track', \"PageView\");\n\t<\/script><br \/>\n<br \/><br \/>\n<br \/><a href=\"https:\/\/www.boston.com\/news\/local-news\/2024\/12\/23\/fire-in-spencer-destroys-two-homes\/\">Source link <\/a><\/p>","protected":false},"excerpt":{"rendered":"<p>Not\u00edcias locais Os bombeiros trabalharam em temperaturas g\u00e9lidas e em meio \u00e0 explos\u00e3o de fogos de artif\u00edcio. Ningu\u00e9m ficou ferido. Duas casas foram destru\u00eddas e uma terceira foi danificada em&hellip;<\/p>","protected":false},"author":1,"featured_media":81532,"comment_status":"closed","ping_status":"open","sticky":false,"template":"","format":"standard","meta":{"content-type":"","footnotes":""},"categories":[1],"tags":[],"class_list":["post-81531","post","type-post","status-publish","format-standard","has-post-thumbnail","hentry","category-uncategorized"],"_links":{"self":[{"href":"https:\/\/tvbrazilusa.com\/pt\/wp-json\/wp\/v2\/posts\/81531","targetHints":{"allow":["GET"]}}],"collection":[{"href":"https:\/\/tvbrazilusa.com\/pt\/wp-json\/wp\/v2\/posts"}],"about":[{"href":"https:\/\/tvbrazilusa.com\/pt\/wp-json\/wp\/v2\/types\/post"}],"author":[{"embeddable":true,"href":"https:\/\/tvbrazilusa.com\/pt\/wp-json\/wp\/v2\/users\/1"}],"replies":[{"embeddable":true,"href":"https:\/\/tvbrazilusa.com\/pt\/wp-json\/wp\/v2\/comments?post=81531"}],"version-history":[{"count":1,"href":"https:\/\/tvbrazilusa.com\/pt\/wp-json\/wp\/v2\/posts\/81531\/revisions"}],"predecessor-version":[{"id":81533,"href":"https:\/\/tvbrazilusa.com\/pt\/wp-json\/wp\/v2\/posts\/81531\/revisions\/81533"}],"wp:featuredmedia":[{"embeddable":true,"href":"https:\/\/tvbrazilusa.com\/pt\/wp-json\/wp\/v2\/media\/81532"}],"wp:attachment":[{"href":"https:\/\/tvbrazilusa.com\/pt\/wp-json\/wp\/v2\/media?parent=81531"}],"wp:term":[{"taxonomy":"category","embeddable":true,"href":"https:\/\/tvbrazilusa.com\/pt\/wp-json\/wp\/v2\/categories?post=81531"},{"taxonomy":"post_tag","embeddable":true,"href":"https:\/\/tvbrazilusa.com\/pt\/wp-json\/wp\/v2\/tags?post=81531"}],"curies":[{"name":"wp","href":"https:\/\/api.w.org\/{rel}","templated":true}]}}