{"id":81534,"date":"2024-12-23T18:39:23","date_gmt":"2024-12-23T18:39:23","guid":{"rendered":"https:\/\/tvbrazilusa.com\/2024\/12\/23\/centrao-cogita-adiar-analise-do-orcamento-em-resposta-a-decisao-de-dino\/"},"modified":"2024-12-23T18:39:25","modified_gmt":"2024-12-23T18:39:25","slug":"centrao-cogita-adiar-analise-do-orcamento-em-resposta-a-decisao-de-dino","status":"publish","type":"post","link":"https:\/\/tvbrazilusa.com\/pt\/2024\/12\/23\/centrao-cogita-adiar-analise-do-orcamento-em-resposta-a-decisao-de-dino\/","title":{"rendered":"Centr\u00e3o cogita adiar an\u00e1lise do or\u00e7amento em resposta a decis\u00e3o de Dino"},"content":{"rendered":"<p> <script async src=\"https:\/\/pagead2.googlesyndication.com\/pagead\/js\/adsbygoogle.js?client=ca-pub-8864793242727901\"\r\n     crossorigin=\"anonymous\"><\/script><br \/>\n<\/p>\n<div id=\"taboola-read-more\" style=\"display:block; width:100%\">\n<p>Integrantes do Centr\u00e3o defendem atrasar, ainda mais, a an\u00e1lise da Lei Or\u00e7ament\u00e1ria Anual (LOA) ap\u00f3s a mais recente decis\u00e3o do ministro do STF Fl\u00e1vio Dino, que, nesta segunda-feira, 23, determinou a suspens\u00e3o do pagamento de 4,2 bilh\u00f5es de reais em emendas parlamentares de comiss\u00e3o.\n<\/p>\n<p>Como mostramos mais cedo, deputados e senadores foram surpreendidos com a decis\u00e3o de Dino. O senador Omar Aziz (PSD-AM), um dos maiores aliados do Pal\u00e1cio do Planalto, criticou a interfer\u00eancia do STF na quest\u00e3o.<\/p>\n<p>Integrantes do Centr\u00e3o defendem atrasar, ainda mais, a an\u00e1lise da Lei Or\u00e7ament\u00e1ria Anual (LOA) ap\u00f3s a mais recente decis\u00e3o do ministro do STF Fl\u00e1vio Dino, que, nesta segunda-feira, 23, determinou a suspens\u00e3o do pagamento de 4,2 bilh\u00f5es de reais em emendas parlamentares de comiss\u00e3o.\n<\/p>\n<p>Como mostramos mais cedo, deputados e senadores foram surpreendidos com a decis\u00e3o de Dino. O senador Omar Aziz (PSD-AM), um dos maiores aliados do Pal\u00e1cio do Planalto, criticou a interfer\u00eancia do STF na quest\u00e3o.\n<\/p>\n<p>\u201cN\u00f3s aprovamos os crit\u00e9rios para a libera\u00e7\u00e3o das emendas, tanto o presidente do Senado, como o da C\u00e2mara trabalharam para se chegar em um denominador comum. Tem que analisar direito. S\u00e3o decis\u00f5es tomadas que poderiam pelo menos dar um prazo para a gente se defender, e n\u00e3o decidir dessa forma\u201d, disse o parlamentar.\n<\/p>\n<p>Outro l\u00edder parlamentar ouvido por este site, mas em car\u00e1ter reservado, tamb\u00e9m criticou o que ele chamou de interfer\u00eancia excessiva de Dino na quest\u00e3o. \u201cApesar de o Congresso ter votado o Projeto de Lei Complementar que define os crit\u00e9rios de emendas de comiss\u00e3o, Dino ainda insiste que n\u00e3o estamos cumprindo os tr\u00e2mites legais\u201d, argumentou.\n<\/p>\n<p>LOA s\u00f3 em mar\u00e7o<br \/>A vota\u00e7\u00e3o do or\u00e7amento de 2025 deveria ter ocorrido na semana passada, mas a an\u00e1lise da LOA ficou para o in\u00edcio do ano que vem porque o Congresso terminou de aprovar o pacote fiscal do ministro da Fazenda, Fernando Haddad, apenas na manh\u00e3 desta sexta-feira.\n<\/p>\n<p>Inicialmente, a expectativa \u00e9 que a LOA fosse votada na primeira semana de fevereiro, no retorno do recesso parlamentar. Agora, alguns congressistas defendem que o texto fique apenas para mar\u00e7o, at\u00e9 o Congresso ter todas as diretrizes do STF sobre empenho e pagamento das emendas parlamentares.\n<\/p>\n<p>Como mostramos mais cedo, Fl\u00e1vio Dino suspendeu os pagamentos de 4,2 bilh\u00f5es de reais em emendas parlamentares de comiss\u00e3o e determinou que a Pol\u00edcia Federal instaure um inqu\u00e9rito para investigar a quest\u00e3o.\n<\/p>\n<p>O ministro do Supremo Tribunal Federal (STF) atendeu a pedido de mandado de seguran\u00e7a apresentado pelo PSOL na ter\u00e7a-feira, 17, mas apenas ap\u00f3s o governo Lula aprovar o pacote de corte de gastos no Congresso Nacional, o que s\u00f3 ocorreu ap\u00f3s a libera\u00e7\u00e3o de emendas parlamentares.<\/p>\n<p>Fonte: O antagonista              <\/p>\n<\/div>\n<p><br \/>\n<br \/><a href=\"https:\/\/diariodobrasilnoticias.com.br\/noticia\/centrao-cogita-adiar-analise-do-orcamento-em-resposta-a-decisao-de-dino-67699189bb998\">Source link <\/a><\/p>","protected":false},"excerpt":{"rendered":"<p>Integrantes do Centr\u00e3o defendem atrasar, ainda mais, a an\u00e1lise da Lei Or\u00e7ament\u00e1ria Anual (LOA) ap\u00f3s a mais recente decis\u00e3o do ministro do STF Fl\u00e1vio Dino, que, nesta segunda-feira, 23, determinou&hellip;<\/p>","protected":false},"author":1,"featured_media":81535,"comment_status":"closed","ping_status":"open","sticky":false,"template":"","format":"standard","meta":{"content-type":"","footnotes":""},"categories":[16],"tags":[123,2448,5313,1267],"class_list":["post-81534","post","type-post","status-publish","format-standard","has-post-thumbnail","hentry","category-noticias","tag-brasil","tag-diario","tag-noticia","tag-noticias"],"_links":{"self":[{"href":"https:\/\/tvbrazilusa.com\/pt\/wp-json\/wp\/v2\/posts\/81534","targetHints":{"allow":["GET"]}}],"collection":[{"href":"https:\/\/tvbrazilusa.com\/pt\/wp-json\/wp\/v2\/posts"}],"about":[{"href":"https:\/\/tvbrazilusa.com\/pt\/wp-json\/wp\/v2\/types\/post"}],"author":[{"embeddable":true,"href":"https:\/\/tvbrazilusa.com\/pt\/wp-json\/wp\/v2\/users\/1"}],"replies":[{"embeddable":true,"href":"https:\/\/tvbrazilusa.com\/pt\/wp-json\/wp\/v2\/comments?post=81534"}],"version-history":[{"count":1,"href":"https:\/\/tvbrazilusa.com\/pt\/wp-json\/wp\/v2\/posts\/81534\/revisions"}],"predecessor-version":[{"id":81536,"href":"https:\/\/tvbrazilusa.com\/pt\/wp-json\/wp\/v2\/posts\/81534\/revisions\/81536"}],"wp:featuredmedia":[{"embeddable":true,"href":"https:\/\/tvbrazilusa.com\/pt\/wp-json\/wp\/v2\/media\/81535"}],"wp:attachment":[{"href":"https:\/\/tvbrazilusa.com\/pt\/wp-json\/wp\/v2\/media?parent=81534"}],"wp:term":[{"taxonomy":"category","embeddable":true,"href":"https:\/\/tvbrazilusa.com\/pt\/wp-json\/wp\/v2\/categories?post=81534"},{"taxonomy":"post_tag","embeddable":true,"href":"https:\/\/tvbrazilusa.com\/pt\/wp-json\/wp\/v2\/tags?post=81534"}],"curies":[{"name":"wp","href":"https:\/\/api.w.org\/{rel}","templated":true}]}}