{"id":81652,"date":"2024-12-23T21:58:05","date_gmt":"2024-12-23T21:58:05","guid":{"rendered":"https:\/\/tvbrazilusa.com\/2024\/12\/23\/quem-carmen-lucia-sorteou-no-amigo-secreto-do-fantastico\/"},"modified":"2024-12-23T21:58:06","modified_gmt":"2024-12-23T21:58:06","slug":"quem-carmen-lucia-sorteou-no-amigo-secreto-do-fantastico","status":"publish","type":"post","link":"https:\/\/tvbrazilusa.com\/pt\/2024\/12\/23\/quem-carmen-lucia-sorteou-no-amigo-secreto-do-fantastico\/","title":{"rendered":"Quem C\u00e1rmen L\u00facia sorteou no amigo-secreto do Fant\u00e1stico"},"content":{"rendered":"<p> <script async src=\"https:\/\/pagead2.googlesyndication.com\/pagead\/js\/adsbygoogle.js?client=ca-pub-8864793242727901\"\r\n     crossorigin=\"anonymous\"><\/script><br \/>\n<\/p>\n<div id=\"taboola-read-more\" style=\"display:block; width:100%\">\n<p>A cantora Liniker foi a amiga oculta da ministra C\u00e1rmen L\u00facia, do Supremo Tribunal Federal (STF), no programa Fant\u00e1stico, da TV Globo, no domingo 22.\n<\/p>\n<p>Liniker recebeu da ju\u00edza do STF um exemplar da Constitui\u00e7\u00e3o e uma caixa com cer\u00e2micas pintadas \u00e0 m\u00e3o do Vale do Jequitinhonha, em Minas Gerais.<\/p>\n<p>O m\u00fasico Thulio Milion\u00e1rio, que fez sucesso com a m\u00fasica Casca de Bala, tirou C\u00e1rmen no sorteio e deu \u00e0 magistrada o livro Amaz\u00f4nia, do fot\u00f3grafo Sebasti\u00e3o Salgado, al\u00e9m de uma imagem em cer\u00e2mica de Nossa Senhora Aparecida.\n<\/p>\n<p>Tamb\u00e9m n\u00e3o ficaram de fora da brincadeira o menino Davi, o cavalo Caramelo, a apresentadora Eliana, a menina do meme \u201cQue Show da Xuxa \u00e9 esse?\u201d, Bia do Br\u00e1s e Juan Paiva.\n<\/p>\n<p>Carta a C\u00e1rmen L\u00facia\n<\/p>\n<p>Os presentes de C\u00e1rmen vieram com um bilhete escrito por Milion\u00e1rio. \u201cQuerida ministra C\u00e1rmen L\u00facia, \u00e9 com muito carinho e admira\u00e7\u00e3o que escolhi esses presentes para voc\u00ea\u201d, disse o m\u00fasico. \u201cO livro de Sebasti\u00e3o Salgado mostra a beleza e a for\u00e7a da nossa Amaz\u00f4nia, enquanto a santa simboliza prote\u00e7\u00e3o e b\u00ean\u00e7\u00e3o para o seu caminho.\u201d\n<\/p>\n<p>\u201cEu acabei de mudar de casa, estou refazendo todas as minhas lou\u00e7as\u201d, disse Liniker ao receber as lembrancinhas de C\u00e1rmen. \u201cVou chamar a senhora para vir tomar caf\u00e9 comigo.\u201d\n<\/p>\n<p>Fonte: Revista Oeste              <\/p>\n<\/div>\n<p><br \/>\n<br \/><a href=\"https:\/\/diariodobrasilnoticias.com.br\/noticia\/quem-carmen-lucia-sorteou-no-amigo-secreto-do-fantastico-6769c2a65a847\">Source link <\/a><\/p>","protected":false},"excerpt":{"rendered":"<p>A cantora Liniker foi a amiga oculta da ministra C\u00e1rmen L\u00facia, do Supremo Tribunal Federal (STF), no programa Fant\u00e1stico, da TV Globo, no domingo 22. Liniker recebeu da ju\u00edza do&hellip;<\/p>","protected":false},"author":1,"featured_media":81653,"comment_status":"closed","ping_status":"open","sticky":false,"template":"","format":"standard","meta":{"content-type":"","footnotes":""},"categories":[16],"tags":[123,2448,5313,1267],"class_list":["post-81652","post","type-post","status-publish","format-standard","has-post-thumbnail","hentry","category-noticias","tag-brasil","tag-diario","tag-noticia","tag-noticias"],"_links":{"self":[{"href":"https:\/\/tvbrazilusa.com\/pt\/wp-json\/wp\/v2\/posts\/81652","targetHints":{"allow":["GET"]}}],"collection":[{"href":"https:\/\/tvbrazilusa.com\/pt\/wp-json\/wp\/v2\/posts"}],"about":[{"href":"https:\/\/tvbrazilusa.com\/pt\/wp-json\/wp\/v2\/types\/post"}],"author":[{"embeddable":true,"href":"https:\/\/tvbrazilusa.com\/pt\/wp-json\/wp\/v2\/users\/1"}],"replies":[{"embeddable":true,"href":"https:\/\/tvbrazilusa.com\/pt\/wp-json\/wp\/v2\/comments?post=81652"}],"version-history":[{"count":1,"href":"https:\/\/tvbrazilusa.com\/pt\/wp-json\/wp\/v2\/posts\/81652\/revisions"}],"predecessor-version":[{"id":81654,"href":"https:\/\/tvbrazilusa.com\/pt\/wp-json\/wp\/v2\/posts\/81652\/revisions\/81654"}],"wp:featuredmedia":[{"embeddable":true,"href":"https:\/\/tvbrazilusa.com\/pt\/wp-json\/wp\/v2\/media\/81653"}],"wp:attachment":[{"href":"https:\/\/tvbrazilusa.com\/pt\/wp-json\/wp\/v2\/media?parent=81652"}],"wp:term":[{"taxonomy":"category","embeddable":true,"href":"https:\/\/tvbrazilusa.com\/pt\/wp-json\/wp\/v2\/categories?post=81652"},{"taxonomy":"post_tag","embeddable":true,"href":"https:\/\/tvbrazilusa.com\/pt\/wp-json\/wp\/v2\/tags?post=81652"}],"curies":[{"name":"wp","href":"https:\/\/api.w.org\/{rel}","templated":true}]}}