{"id":81655,"date":"2024-12-23T21:38:23","date_gmt":"2024-12-23T21:38:23","guid":{"rendered":"https:\/\/tvbrazilusa.com\/2024\/12\/23\/adolescente-identificado-apos-esfaqueamento-fatal-em-miami-wsvn-7news-noticias-de-miami-clima-esportes-fort-lauderdale\/"},"modified":"2024-12-23T22:02:36","modified_gmt":"2024-12-23T22:02:36","slug":"adolescente-identificado-apos-esfaqueamento-fatal-em-miami-wsvn-7news-noticias-de-miami-clima-esportes-fort-lauderdale","status":"publish","type":"post","link":"https:\/\/tvbrazilusa.com\/pt\/2024\/12\/23\/adolescente-identificado-apos-esfaqueamento-fatal-em-miami-wsvn-7news-noticias-de-miami-clima-esportes-fort-lauderdale\/","title":{"rendered":"Adolescente identificado ap\u00f3s esfaqueamento fatal em Miami &#8211; WSVN 7News | Not\u00edcias de Miami, clima, esportes | Fort Lauderdale"},"content":{"rendered":"<p> <script async src=\"https:\/\/pagead2.googlesyndication.com\/pagead\/js\/adsbygoogle.js?client=ca-pub-8864793242727901\"\r\n     crossorigin=\"anonymous\"><\/script><br \/>\n<\/p>\n<div itemprop=\"articleBody\">\n<p>MIAMI (WSVN) &#8211; Uma trag\u00e9dia aconteceu em Miami depois que um adolescente foi<a href=\"https:\/\/wsvn.com\/news\/local\/miami-dade\/1-dead-1-in-custody-after-stabbing-in-miami-parking-garage\/\"> esfaqueado e morto<\/a>.<\/p>\n<p>A fam\u00edlia da v\u00edtima disse que Yahkeim Loller, de 17 anos, foi morto a facadas em um estacionamento ao longo da NW Sixth Court com a 61st Street na noite de sexta-feira.<\/p>\n<p>A pol\u00edcia estava entrevistando uma garota que conhecia a v\u00edtima pouco tempo depois do incidente. <\/p>\n<p>Nenhuma pris\u00e3o foi feita. <\/p>\n<p><em>Copyright 2024 Sunbeam Television Corp. Todos os direitos reservados. Este material n\u00e3o pode ser publicado, transmitido, reescrito ou redistribu\u00eddo.<\/em><\/p>\n<div class=\"wp-block-newsletter\">\n\t<strong class=\"wp-block-newsletter__title\">Cadastre-se em nosso boletim informativo para receber as \u00faltimas not\u00edcias diretamente em sua caixa de entrada<\/strong><\/p>\n<\/div><\/div>\n<p><br \/>\n<br \/><a href=\"https:\/\/wsvn.com\/news\/local\/miami-dade\/teen-identified-following-fatal-stabbing-in-miami\/\">Source link <\/a><\/p>","protected":false},"excerpt":{"rendered":"<p>MIAMI (WSVN) &#8211; Uma trag\u00e9dia aconteceu em Miami depois que um adolescente foi esfaqueado e morto. A fam\u00edlia da v\u00edtima disse que Yahkeim Loller, de 17 anos, foi morto a&hellip;<\/p>","protected":false},"author":1,"featured_media":81656,"comment_status":"closed","ping_status":"open","sticky":false,"template":"","format":"standard","meta":{"content-type":"","footnotes":""},"categories":[1],"tags":[],"class_list":["post-81655","post","type-post","status-publish","format-standard","has-post-thumbnail","hentry","category-uncategorized"],"_links":{"self":[{"href":"https:\/\/tvbrazilusa.com\/pt\/wp-json\/wp\/v2\/posts\/81655","targetHints":{"allow":["GET"]}}],"collection":[{"href":"https:\/\/tvbrazilusa.com\/pt\/wp-json\/wp\/v2\/posts"}],"about":[{"href":"https:\/\/tvbrazilusa.com\/pt\/wp-json\/wp\/v2\/types\/post"}],"author":[{"embeddable":true,"href":"https:\/\/tvbrazilusa.com\/pt\/wp-json\/wp\/v2\/users\/1"}],"replies":[{"embeddable":true,"href":"https:\/\/tvbrazilusa.com\/pt\/wp-json\/wp\/v2\/comments?post=81655"}],"version-history":[{"count":1,"href":"https:\/\/tvbrazilusa.com\/pt\/wp-json\/wp\/v2\/posts\/81655\/revisions"}],"predecessor-version":[{"id":81657,"href":"https:\/\/tvbrazilusa.com\/pt\/wp-json\/wp\/v2\/posts\/81655\/revisions\/81657"}],"wp:featuredmedia":[{"embeddable":true,"href":"https:\/\/tvbrazilusa.com\/pt\/wp-json\/wp\/v2\/media\/81656"}],"wp:attachment":[{"href":"https:\/\/tvbrazilusa.com\/pt\/wp-json\/wp\/v2\/media?parent=81655"}],"wp:term":[{"taxonomy":"category","embeddable":true,"href":"https:\/\/tvbrazilusa.com\/pt\/wp-json\/wp\/v2\/categories?post=81655"},{"taxonomy":"post_tag","embeddable":true,"href":"https:\/\/tvbrazilusa.com\/pt\/wp-json\/wp\/v2\/tags?post=81655"}],"curies":[{"name":"wp","href":"https:\/\/api.w.org\/{rel}","templated":true}]}}