{"id":81674,"date":"2024-12-23T22:16:36","date_gmt":"2024-12-23T22:16:36","guid":{"rendered":"https:\/\/tvbrazilusa.com\/2024\/12\/23\/o-ex-presidente-bill-clinton-esta-no-hospital-diz-porta-voz-wsvn-7news-noticias-de-miami-clima-esportes-fort-lauderdale\/"},"modified":"2024-12-23T22:25:58","modified_gmt":"2024-12-23T22:25:58","slug":"o-ex-presidente-bill-clinton-esta-no-hospital-diz-porta-voz-wsvn-7news-noticias-de-miami-clima-esportes-fort-lauderdale","status":"publish","type":"post","link":"https:\/\/tvbrazilusa.com\/pt\/2024\/12\/23\/o-ex-presidente-bill-clinton-esta-no-hospital-diz-porta-voz-wsvn-7news-noticias-de-miami-clima-esportes-fort-lauderdale\/","title":{"rendered":"O ex-presidente Bill Clinton est\u00e1 no hospital, diz porta-voz &#8211; WSVN 7News | Not\u00edcias de Miami, clima, esportes | Fort Lauderdale"},"content":{"rendered":"<p> <script async src=\"https:\/\/pagead2.googlesyndication.com\/pagead\/js\/adsbygoogle.js?client=ca-pub-8864793242727901\"\r\n     crossorigin=\"anonymous\"><\/script><br \/>\n<\/p>\n<div itemprop=\"articleBody\">\n<p><strong>(CNN) &#8211; <\/strong>O ex-presidente Bill Clinton foi internado na tarde de segunda-feira no Centro M\u00e9dico da Universidade de Georgetown, em Washington, DC, onde est\u00e1 sendo submetido a testes e observa\u00e7\u00e3o, disse seu porta-voz \u00e0 CNN.<\/p>\n<p>\u201cO presidente est\u00e1 bem\u201d, disse Angel Urena, vice-chefe de gabinete de Clinton, \u00e0 CNN em entrevista, acrescentando que o ex-presidente espera estar em casa no Natal. \u201cEle continua de bom humor e aprecia profundamente o excelente atendimento que est\u00e1 recebendo.\u201d<\/p>\n<p><em>The-CNN-Wire\u2122 e \u00a9 2024 Cable News Network, Inc., uma empresa da Time Warner. Todos os direitos reservados.<\/em><\/p>\n<div class=\"wp-block-newsletter\">\n\t<strong class=\"wp-block-newsletter__title\">Cadastre-se em nosso boletim informativo para receber as \u00faltimas not\u00edcias diretamente em sua caixa de entrada<\/strong><\/p>\n<\/div><\/div>\n<p><br \/>\n<br \/><a href=\"https:\/\/wsvn.com\/news\/politics\/former-president-bill-clinton-is-in-the-hospital-spokesperson-says\/\">Source link <\/a><\/p>","protected":false},"excerpt":{"rendered":"<p>(CNN) &#8211; O ex-presidente Bill Clinton foi internado na tarde de segunda-feira no Centro M\u00e9dico da Universidade de Georgetown, em Washington, DC, onde est\u00e1 sendo submetido a testes e observa\u00e7\u00e3o,&hellip;<\/p>","protected":false},"author":1,"featured_media":81675,"comment_status":"closed","ping_status":"open","sticky":false,"template":"","format":"standard","meta":{"content-type":"","footnotes":""},"categories":[1],"tags":[],"class_list":["post-81674","post","type-post","status-publish","format-standard","has-post-thumbnail","hentry","category-uncategorized"],"_links":{"self":[{"href":"https:\/\/tvbrazilusa.com\/pt\/wp-json\/wp\/v2\/posts\/81674","targetHints":{"allow":["GET"]}}],"collection":[{"href":"https:\/\/tvbrazilusa.com\/pt\/wp-json\/wp\/v2\/posts"}],"about":[{"href":"https:\/\/tvbrazilusa.com\/pt\/wp-json\/wp\/v2\/types\/post"}],"author":[{"embeddable":true,"href":"https:\/\/tvbrazilusa.com\/pt\/wp-json\/wp\/v2\/users\/1"}],"replies":[{"embeddable":true,"href":"https:\/\/tvbrazilusa.com\/pt\/wp-json\/wp\/v2\/comments?post=81674"}],"version-history":[{"count":1,"href":"https:\/\/tvbrazilusa.com\/pt\/wp-json\/wp\/v2\/posts\/81674\/revisions"}],"predecessor-version":[{"id":81676,"href":"https:\/\/tvbrazilusa.com\/pt\/wp-json\/wp\/v2\/posts\/81674\/revisions\/81676"}],"wp:featuredmedia":[{"embeddable":true,"href":"https:\/\/tvbrazilusa.com\/pt\/wp-json\/wp\/v2\/media\/81675"}],"wp:attachment":[{"href":"https:\/\/tvbrazilusa.com\/pt\/wp-json\/wp\/v2\/media?parent=81674"}],"wp:term":[{"taxonomy":"category","embeddable":true,"href":"https:\/\/tvbrazilusa.com\/pt\/wp-json\/wp\/v2\/categories?post=81674"},{"taxonomy":"post_tag","embeddable":true,"href":"https:\/\/tvbrazilusa.com\/pt\/wp-json\/wp\/v2\/tags?post=81674"}],"curies":[{"name":"wp","href":"https:\/\/api.w.org\/{rel}","templated":true}]}}