{"id":81679,"date":"2024-12-23T22:05:48","date_gmt":"2024-12-23T22:05:48","guid":{"rendered":"https:\/\/tvbrazilusa.com\/2024\/12\/23\/adolescente-julgado-como-adulto-por-matar-jovem-de-18-anos-e-condenado-a-prisao\/"},"modified":"2024-12-23T22:32:06","modified_gmt":"2024-12-23T22:32:06","slug":"adolescente-julgado-como-adulto-por-matar-jovem-de-18-anos-e-condenado-a-prisao","status":"publish","type":"post","link":"https:\/\/tvbrazilusa.com\/pt\/2024\/12\/23\/adolescente-julgado-como-adulto-por-matar-jovem-de-18-anos-e-condenado-a-prisao\/","title":{"rendered":"Adolescente julgado como adulto por matar jovem de 18 anos \u00e9 condenado \u00e0 pris\u00e3o"},"content":{"rendered":"<script async src=\"https:\/\/pagead2.googlesyndication.com\/pagead\/js\/adsbygoogle.js?client=ca-pub-8864793242727901\"\r\n     crossorigin=\"anonymous\"><\/script>\n<div>\n<p class=\"article__paragraph article__paragraph--left\" id=\"VKXYSXHRBBFELEFOXOVAY4OTAE\">Um homem de Atlantic City de 19 anos foi condenado a 12 anos de pris\u00e3o estadual depois de se declarar culpado de homic\u00eddio culposo pela morte a tiros de um homem de Atlantic City de 18 anos no ano passado.<\/p>\n<p class=\"article__paragraph article__paragraph--left\" id=\"VCNQMND77JAOTNT64JXKZ5FVJE\">Azair Wilson tinha 17 anos quando matou a tiros Tamaj Bennett, 18, tamb\u00e9m de Atlantic City, disse o Minist\u00e9rio P\u00fablico do Condado de Atlantic. Ele foi julgado como adulto.<\/p>\n<p class=\"article__paragraph article__paragraph--left\" id=\"5NRI5HCRPNHJHKKO5IIUVXP5LQ\">Segundo o escrit\u00f3rio, o juiz do Tribunal Superior Jorge Coombs desviou-se do acordo de confiss\u00e3o que recomendava que Wilson fosse condenado a 18 anos de pris\u00e3o estadual. O juiz proferiu a senten\u00e7a em 17 de dezembro, no Tribunal Superior do Condado de Atlantic<\/p>\n<p class=\"article__paragraph article__paragraph--left\" id=\"3C2RTISH6ZESVDFYUMEBDHPOWA\">Wilson ter\u00e1 que cumprir 85% de sua senten\u00e7a antes de ser eleg\u00edvel para liberdade condicional, disse a promotoria.<\/p>\n<p class=\"article__paragraph article__paragraph--left\" id=\"JREMMT6YLJGWZJWQRTFGKJPXOE\">Bennett sofreu 13 ferimentos no tiroteio \u00e0s 3h30 do dia 18 de junho de 2023 no bloco 1400 da Avenida Atl\u00e2ntica, disse o comunicado.<\/p>\n<p class=\"article__paragraph article__paragraph--left\" id=\"O252GQ7225CXVEHHKWLYEJXENY\">Wilson ent\u00e3o fugiu da \u00e1rea de Atlantic City ap\u00f3s o tiroteio, disseram as autoridades. Autoridades <a href=\"https:\/\/www.nj.com\/atlantic\/2023\/07\/teen-wanted-on-nj-murder-charge-arrested-in-georgia-police-say.html\" target=\"_blank\">preso em julho de 2023 na Ge\u00f3rgia<\/a> e extraditou-o de volta para Nova Jersey.<\/p>\n<p class=\"article__paragraph article__paragraph--left\" id=\"RECAPIRV65C3VBECWHNXB7B2IY\">De acordo com a promotoria, a videovigil\u00e2ncia capturou o crime, mostrando Bennett caminhando em dire\u00e7\u00e3o \u00e0 loja e Wilson disparando uma arma. Bennett \u00e9 visto no v\u00eddeo correndo para a loja e seguido por Wilson, que continuou a atirar em Bennett v\u00e1rias vezes.<\/p>\n<section class=\"Stories-By-Author-module_wrapper__ezbcK Stories-By-Author-module_nj__Ap1-Y\"\/>\n<p class=\"article__paragraph article__paragraph--left\" id=\"C6LFIXLPBRCALM7YJ76SY73KOA\"><i>Obrigado por confiar em n\u00f3s para fornecer not\u00edcias locais em que voc\u00ea pode confiar. Por favor, considere apoiar <\/i><a href=\"https:\/\/www.nj.com\/\" target=\"_blank\"><i>NJ.com<\/i><\/a><i>  com uma assinatura volunt\u00e1ria.<\/i><\/p>\n<p class=\"article__paragraph article__paragraph--left\" id=\"DJTPBIKAJFDT3FFTBL62NKHZOM\"><i>Stephanie Loder pode ser contatada em <\/i><a href=\"https:\/\/www.nj.com\/atlantic\/2024\/12\/mailto:SLoder@njadvancemedia.com\" target=\"_blank\"><i>SLoder@njadvancemedia.com<\/i><\/a><i>.<\/i><\/p>\n<\/div>\n<p><br \/>\n<br \/><a href=\"https:\/\/www.nj.com\/atlantic\/2024\/12\/teen-tried-as-adult-for-killing-18-year-old-sentenced-to-prison.html\">Source link <\/a><\/p>","protected":false},"excerpt":{"rendered":"<p>Um homem de Atlantic City de 19 anos foi condenado a 12 anos de pris\u00e3o estadual depois de se declarar culpado de homic\u00eddio culposo pela morte a tiros de um&hellip;<\/p>","protected":false},"author":1,"featured_media":81680,"comment_status":"closed","ping_status":"open","sticky":false,"template":"","format":"standard","meta":{"content-type":"","footnotes":""},"categories":[1],"tags":[],"class_list":["post-81679","post","type-post","status-publish","format-standard","has-post-thumbnail","hentry","category-uncategorized"],"_links":{"self":[{"href":"https:\/\/tvbrazilusa.com\/pt\/wp-json\/wp\/v2\/posts\/81679","targetHints":{"allow":["GET"]}}],"collection":[{"href":"https:\/\/tvbrazilusa.com\/pt\/wp-json\/wp\/v2\/posts"}],"about":[{"href":"https:\/\/tvbrazilusa.com\/pt\/wp-json\/wp\/v2\/types\/post"}],"author":[{"embeddable":true,"href":"https:\/\/tvbrazilusa.com\/pt\/wp-json\/wp\/v2\/users\/1"}],"replies":[{"embeddable":true,"href":"https:\/\/tvbrazilusa.com\/pt\/wp-json\/wp\/v2\/comments?post=81679"}],"version-history":[{"count":1,"href":"https:\/\/tvbrazilusa.com\/pt\/wp-json\/wp\/v2\/posts\/81679\/revisions"}],"predecessor-version":[{"id":81681,"href":"https:\/\/tvbrazilusa.com\/pt\/wp-json\/wp\/v2\/posts\/81679\/revisions\/81681"}],"wp:featuredmedia":[{"embeddable":true,"href":"https:\/\/tvbrazilusa.com\/pt\/wp-json\/wp\/v2\/media\/81680"}],"wp:attachment":[{"href":"https:\/\/tvbrazilusa.com\/pt\/wp-json\/wp\/v2\/media?parent=81679"}],"wp:term":[{"taxonomy":"category","embeddable":true,"href":"https:\/\/tvbrazilusa.com\/pt\/wp-json\/wp\/v2\/categories?post=81679"},{"taxonomy":"post_tag","embeddable":true,"href":"https:\/\/tvbrazilusa.com\/pt\/wp-json\/wp\/v2\/tags?post=81679"}],"curies":[{"name":"wp","href":"https:\/\/api.w.org\/{rel}","templated":true}]}}