{"id":81711,"date":"2024-12-23T23:15:20","date_gmt":"2024-12-23T23:15:20","guid":{"rendered":"https:\/\/tvbrazilusa.com\/2024\/12\/23\/bill-clinton-e-hospitalizado-com-febre-mas-de-bom-humor-diz-porta-voz\/"},"modified":"2024-12-23T23:18:09","modified_gmt":"2024-12-23T23:18:09","slug":"bill-clinton-e-hospitalizado-com-febre-mas-de-bom-humor-diz-porta-voz","status":"publish","type":"post","link":"https:\/\/tvbrazilusa.com\/pt\/2024\/12\/23\/bill-clinton-e-hospitalizado-com-febre-mas-de-bom-humor-diz-porta-voz\/","title":{"rendered":"Bill Clinton \u00e9 hospitalizado com febre, mas de bom humor, diz porta-voz"},"content":{"rendered":"<p> <script async src=\"https:\/\/pagead2.googlesyndication.com\/pagead\/js\/adsbygoogle.js?client=ca-pub-8864793242727901\"\r\n     crossorigin=\"anonymous\"><\/script><br \/>\n<\/p>\n<div id=\"\">\n<header class=\"m-article-header m-article-header--standard\">\n\t\t\t\t\t\t\t\t\t\t\t\t<span id=\"article-header-primary-term\"><br \/>\n\t\t\t\t\t\t\t\t<a class=\"a-term a-term--primary\" href=\"https:\/\/www.boston.com\/tag\/politics\/\"><\/p>\n<p>\t\t\t\t\t\t\t\tPol\u00edtica\t\t\t\t\t\t\t\t<\/a><br \/>\n\t\t\t\t\t\t\t<\/span><\/p>\n<h2 class=\"m-article-header__sub-headline\">\u201cEle continua de bom humor e aprecia profundamente o excelente atendimento que est\u00e1 recebendo\u201d, disse Angel Urena, vice-chefe de gabinete de Clinton.<\/h2>\n<figure class=\"a-photo m-article-header__photo\"><figcaption class=\"a-photo__caption\">\n<p>\tO ex-presidente Bill Clinton e a ex-secret\u00e1ria de Estado Hillary Rodham Clinton respondem \u00e0s perguntas do p\u00fablico no s\u00e1bado, 7 de dezembro de 2024, no audit\u00f3rio do Robinson Center em Little Rock, Ark.<em> AP Foto\/Katie Adkins<\/em>\t<\/figcaption><\/figure>\n<div class=\"m-article-header__meta\">\n<div class=\"m-article-header__byline\">\n<p class=\"m-article-header__author\">\n<p>\t\t\t\t\t\t\t\tPor Associated Press\t\t\t\t\t\t\t<\/p>\n<p>\t\t\t\t\t\t\t\t\t\t\t\t\t\t\t<time class=\"m-article-header__date\"><\/p>\n<p>\t\t\t\t\t\t\t\t\t23 de dezembro de 2024 | 18h15\t\t\t\t\t\t\t\t<\/time><\/p>\n<p><span>1 minuto para ler<\/span><\/p>\n<\/p><\/div>\n<\/p><\/div>\n<\/header>\n<p>WASHINGTON (AP) \u2013 O ex-presidente Bill Clinton foi internado na segunda-feira no Centro M\u00e9dico da Universidade de Georgetown, em Washington, ap\u00f3s desenvolver febre.<\/p>\n<p>O homem de 78 anos foi hospitalizado \u00e0 tarde \u201cpara testes e observa\u00e7\u00e3o\u201d, disse Angel Urena, vice-chefe de gabinete de Clinton, em comunicado.<\/p>\n<p>\u201cEle continua de bom humor e aprecia profundamente o excelente atendimento que est\u00e1 recebendo\u201d, disse Urena.<\/p>\n<p>Clinton, um democrata que serviu dois mandatos como presidente, de janeiro de 1993 a janeiro de 2001, discursou na Conven\u00e7\u00e3o Nacional Democrata em Chicago neste ver\u00e3o e fez campanha antes da elei\u00e7\u00e3o de novembro para a candidatura malsucedida \u00e0 Casa Branca da vice-presidente democrata Kamala Harris.<\/p>\n<p>Nos anos desde que Clinton deixou a Casa Branca, ele enfrentou alguns problemas de sa\u00fade.<\/p>\n<p>Em 2004, ele foi submetido a uma cirurgia de ponte de safena qu\u00e1drupla ap\u00f3s sentir dores prolongadas no peito e falta de ar. Clinton voltou ao hospital para uma cirurgia de um pulm\u00e3o parcialmente colapsado em 2005 e, em 2010, implantou um par de stents em uma art\u00e9ria coron\u00e1ria.<\/p>\n<p>Clinton respondeu adotando uma dieta predominantemente vegana que o fez perder peso e relatar melhora na sa\u00fade.<\/p>\n<p>Em 2021, o ex-presidente ficou seis dias hospitalizado na Calif\u00f3rnia enquanto era tratado de uma infec\u00e7\u00e3o n\u00e3o relacionada \u00e0 COVID-19, quando a pandemia ainda estava perto do auge.<\/p>\n<p>Um assessor do ex-presidente disse ent\u00e3o que Clinton tinha uma infec\u00e7\u00e3o urol\u00f3gica que se espalhou para sua corrente sangu\u00ednea, mas estava se recuperando e nunca entrou em choque s\u00e9ptico, uma condi\u00e7\u00e3o potencialmente fatal. O assessor disse que Clinton estava na unidade de terapia intensiva do hospital naquele momento, mas n\u00e3o estava recebendo cuidados na UTI.<\/p>\n<\/p><\/div>\n<p><script>\n\t\tvar consent=\"grant\";\n\t\t\/* The above code is parsing the JSON data from the local storage and storing it in a variable. *\/\n\t\t\t\t\tconst onetrustStorageConsent = JSON.parse(localStorage.getItem( 'consent_one_trust_bdc' ) );\n\t\t\tif ( ( onetrustStorageConsent !== null ) ) {\n\t\t\t\t\/* Checking to see if the user has consented to the use of cookies.\n\t\t\t\t* If they have not, it is deleting the cookie.\n\t\t\t\t* This will comment for now, until further notice.\n\t\t\t\t*\/\n\t\t\t\t\/\/if ( onetrustStorageConsent.C0002 === false ) {\n\t\t\t\t\/\/\tdocument.cookie=\"_fbp=;expires=Thu, 01 Jan 2010 00:00:00 UTC; path=\/; domain=.boston.com\";\n\t\t\t\t\/\/}\n\t\t\t\t\/* Checking if the user has given consent for the cookie C0002.\n\t\t\t\t* If the user has given consent, the variable consent will be set to 'grant'.\n\t\t\t\t* If the user has not given consent,the variable consent will be set to 'revoke'.\n\t\t\t\t* Documentation https:\/\/developers.facebook.com\/docs\/meta-pixel\/implementation\/gdpr\n\t\t\t\t*\/\n\t\t\t\tif ( onetrustStorageConsent.C0002 !== true ) {\n\t\t\t\t\tconsent=\"revoke\";\n\t\t\t\t}\n\t\t\t}\n\t\t\t\t!function(f,b,e,v,n,t,s)\n\t\t{if(f.fbq)return;n=f.fbq=function(){n.callMethod?\n\t\tn.callMethod.apply(n,arguments):n.queue.push(arguments)};\n\t\tif(!f._fbq)f._fbq=n;n.push=n;n.loaded=!0;n.version='2.0';\n\t\tn.queue=[];t=b.createElement(e);t.async=!0;\n\t\tt.src=v;s=b.getElementsByTagName(e)[0];\n\t\ts.parentNode.insertBefore(t,s)}(window, document,'script',\n\t\t'https:\/\/connect.facebook.net\/en_US\/fbevents.js');\n\t\tfbq('consent', consent);\n\t\tfbq('init', '989222871864976');\n\t\tfbq('track', 'PageView');\n\t<\/script><script type=\"module\">\n\t\tvar consent=\"grant\";\n\t\t\/* The above code is parsing the JSON data from the local storage and storing it in a variable. *\/\n\t\t\tconst onetrustStorageConsent = JSON.parse(localStorage.getItem( 'consent_one_trust_bdc' ) );\n\t\t\t\/* Checking to see if the user has consented to the use of cookies.\n\t\t\t* If they have not, it is deleting the cookie.\n\t\t\t* This will comment for now, until further notice.\n\t\t\t*\/\n\t\t\t\/\/if ( onetrustStorageConsent.C0002 === false ) {\n\t\t\t\/\/\tdocument.cookie=\"_fbp=;expires=Thu, 01 Jan 2010 00:00:00 UTC; path=\/; domain=.boston.com\";\n\t\t\t\/\/}\n\t\t\t\/* Checking if the user has given consent for the cookie C0002.\n\t\t\t* If the user has given consent, the variable consent will be set to 'grant'.\n\t\t\t* If the user has not given consent,the variable consent will be set to 'revoke'.\n\t\t\t* Documentation https:\/\/developers.facebook.com\/docs\/meta-pixel\/implementation\/gdpr\n\t\t\t*\/\n\t\t\tif ( ( onetrustStorageConsent !== null ) && (onetrustStorageConsent.C0002 !== true ) ) {\n\t\t\t\tconsent=\"revoke\";\n\t\t\t}\n\t\t\t\t!function(f,b,e,v,n,t,s){if(f.fbq)return;n=f.fbq=function()\n\t\t{n.callMethod? n.callMethod.apply(n,arguments):n.queue.push(arguments)}\n\t\t;if(!f._fbq)f._fbq=n;\n\t\tn.push=n;n.loaded=!0;n.version='2.0';n.queue=[];t=b.createElement(e);t.async=!0;\n\t\tt.src=v;s=b.getElementsByTagName(e)[0];s.parentNode.insertBefore(t,s)}(window,\n\t\tdocument,'script','https:\/\/connect.facebook.net\/en_US\/fbevents.js');\n\t\tfbq('consent', consent);\n\t\tfbq('init', '813236348753005');\n\t\tfbq('track', \"PageView\");\n\t<\/script><br \/>\n<br \/><br \/>\n<br \/><a href=\"https:\/\/www.boston.com\/news\/politics\/2024\/12\/23\/bill-clinton-is-hospitalized-with-a-fever-but-in-good-spirits-spokesperson-says\/\">Source link <\/a><\/p>","protected":false},"excerpt":{"rendered":"<p>Pol\u00edtica \u201cEle continua de bom humor e aprecia profundamente o excelente atendimento que est\u00e1 recebendo\u201d, disse Angel Urena, vice-chefe de gabinete de Clinton. O ex-presidente Bill Clinton e a ex-secret\u00e1ria&hellip;<\/p>","protected":false},"author":1,"featured_media":81712,"comment_status":"closed","ping_status":"open","sticky":false,"template":"","format":"standard","meta":{"content-type":"","footnotes":""},"categories":[1],"tags":[],"class_list":["post-81711","post","type-post","status-publish","format-standard","has-post-thumbnail","hentry","category-uncategorized"],"_links":{"self":[{"href":"https:\/\/tvbrazilusa.com\/pt\/wp-json\/wp\/v2\/posts\/81711","targetHints":{"allow":["GET"]}}],"collection":[{"href":"https:\/\/tvbrazilusa.com\/pt\/wp-json\/wp\/v2\/posts"}],"about":[{"href":"https:\/\/tvbrazilusa.com\/pt\/wp-json\/wp\/v2\/types\/post"}],"author":[{"embeddable":true,"href":"https:\/\/tvbrazilusa.com\/pt\/wp-json\/wp\/v2\/users\/1"}],"replies":[{"embeddable":true,"href":"https:\/\/tvbrazilusa.com\/pt\/wp-json\/wp\/v2\/comments?post=81711"}],"version-history":[{"count":1,"href":"https:\/\/tvbrazilusa.com\/pt\/wp-json\/wp\/v2\/posts\/81711\/revisions"}],"predecessor-version":[{"id":81713,"href":"https:\/\/tvbrazilusa.com\/pt\/wp-json\/wp\/v2\/posts\/81711\/revisions\/81713"}],"wp:featuredmedia":[{"embeddable":true,"href":"https:\/\/tvbrazilusa.com\/pt\/wp-json\/wp\/v2\/media\/81712"}],"wp:attachment":[{"href":"https:\/\/tvbrazilusa.com\/pt\/wp-json\/wp\/v2\/media?parent=81711"}],"wp:term":[{"taxonomy":"category","embeddable":true,"href":"https:\/\/tvbrazilusa.com\/pt\/wp-json\/wp\/v2\/categories?post=81711"},{"taxonomy":"post_tag","embeddable":true,"href":"https:\/\/tvbrazilusa.com\/pt\/wp-json\/wp\/v2\/tags?post=81711"}],"curies":[{"name":"wp","href":"https:\/\/api.w.org\/{rel}","templated":true}]}}