{"id":81734,"date":"2024-12-24T00:05:47","date_gmt":"2024-12-24T00:05:47","guid":{"rendered":"https:\/\/tvbrazilusa.com\/2024\/12\/24\/policia-penal-federal-transfere-27-membros-do-pcc-para-presidio-em-mossoro\/"},"modified":"2024-12-24T00:05:49","modified_gmt":"2024-12-24T00:05:49","slug":"policia-penal-federal-transfere-27-membros-do-pcc-para-presidio-em-mossoro","status":"publish","type":"post","link":"https:\/\/tvbrazilusa.com\/pt\/2024\/12\/24\/policia-penal-federal-transfere-27-membros-do-pcc-para-presidio-em-mossoro\/","title":{"rendered":"Pol\u00edcia Penal Federal transfere 27 membros do PCC para pres\u00eddio em Mossor\u00f3"},"content":{"rendered":"<p> <script async src=\"https:\/\/pagead2.googlesyndication.com\/pagead\/js\/adsbygoogle.js?client=ca-pub-8864793242727901\"\r\n     crossorigin=\"anonymous\"><\/script><br \/>\n<\/p>\n<div id=\"taboola-read-more\" style=\"display:block; width:100%\">\n<p>A Pol\u00edcia Penal Federal transferiu 27 presos de duas penitenci\u00e1rias federais para o pres\u00eddio de Mossor\u00f3 (RN), que \u00e9 de seguran\u00e7a m\u00e1xima.\n<\/p>\n<p>Os presos, sob cust\u00f3dia do Sistema Penitenci\u00e1rio Federal (SPF), estavam nas unidades de Catanduvas (PR) e Porto Velho (RO). O SPF tem cinco pris\u00f5es federais em todo o Brasil e faz rod\u00edzios rotineiros para evitar intercorr\u00eancias.<\/p>\n<p>A opera\u00e7\u00e3o sigilosa foi realizada durante uma semana e terminou na \u00faltima sexta-feira (20). Os presos foram transferidos de avi\u00e3o, sob forte esquema de seguran\u00e7a na escolta.\n<\/p>\n<p>H\u00e1 dois meses, tr\u00eas desafetos de Marcos Willians Herbas Camacho, o Marcola, l\u00edder do PCC, foram transferidos da Penitenci\u00e1ria Federal de Bras\u00edlia tamb\u00e9m para Mossor\u00f3.\n<\/p>\n<p>Atualmente, a c\u00fapula do PCC est\u00e1 no pres\u00eddio de Bras\u00edlia. Al\u00e9m de Marcola, a unidade abriga Gilberto Aparecido dos Santos, o \u2018Fuminho\u2019, apontado como \u201802\u2019 da fac\u00e7\u00e3o, e Marcolinha, irm\u00e3o de Marcola.\n<\/p>\n<p>A opera\u00e7\u00e3o da PPF \u00e9 coordenada pela Secretaria Nacional de Pol\u00edticas Penais (Senappen), do Minist\u00e9rio da Justi\u00e7a.\n<\/p>\n<p>Fonte: Blog do BG              <\/p>\n<\/div>\n<p><br \/>\n<br \/><a href=\"https:\/\/diariodobrasilnoticias.com.br\/noticia\/policia-penal-federal-transfere-27-membros-do-pcc-para-presidio-em-mossoro-6769e81c734ef\">Source link <\/a><\/p>","protected":false},"excerpt":{"rendered":"<p>A Pol\u00edcia Penal Federal transferiu 27 presos de duas penitenci\u00e1rias federais para o pres\u00eddio de Mossor\u00f3 (RN), que \u00e9 de seguran\u00e7a m\u00e1xima. Os presos, sob cust\u00f3dia do Sistema Penitenci\u00e1rio Federal&hellip;<\/p>","protected":false},"author":1,"featured_media":81735,"comment_status":"closed","ping_status":"open","sticky":false,"template":"","format":"standard","meta":{"content-type":"","footnotes":""},"categories":[16],"tags":[123,2448,5313,1267],"class_list":["post-81734","post","type-post","status-publish","format-standard","has-post-thumbnail","hentry","category-noticias","tag-brasil","tag-diario","tag-noticia","tag-noticias"],"_links":{"self":[{"href":"https:\/\/tvbrazilusa.com\/pt\/wp-json\/wp\/v2\/posts\/81734","targetHints":{"allow":["GET"]}}],"collection":[{"href":"https:\/\/tvbrazilusa.com\/pt\/wp-json\/wp\/v2\/posts"}],"about":[{"href":"https:\/\/tvbrazilusa.com\/pt\/wp-json\/wp\/v2\/types\/post"}],"author":[{"embeddable":true,"href":"https:\/\/tvbrazilusa.com\/pt\/wp-json\/wp\/v2\/users\/1"}],"replies":[{"embeddable":true,"href":"https:\/\/tvbrazilusa.com\/pt\/wp-json\/wp\/v2\/comments?post=81734"}],"version-history":[{"count":1,"href":"https:\/\/tvbrazilusa.com\/pt\/wp-json\/wp\/v2\/posts\/81734\/revisions"}],"predecessor-version":[{"id":81736,"href":"https:\/\/tvbrazilusa.com\/pt\/wp-json\/wp\/v2\/posts\/81734\/revisions\/81736"}],"wp:featuredmedia":[{"embeddable":true,"href":"https:\/\/tvbrazilusa.com\/pt\/wp-json\/wp\/v2\/media\/81735"}],"wp:attachment":[{"href":"https:\/\/tvbrazilusa.com\/pt\/wp-json\/wp\/v2\/media?parent=81734"}],"wp:term":[{"taxonomy":"category","embeddable":true,"href":"https:\/\/tvbrazilusa.com\/pt\/wp-json\/wp\/v2\/categories?post=81734"},{"taxonomy":"post_tag","embeddable":true,"href":"https:\/\/tvbrazilusa.com\/pt\/wp-json\/wp\/v2\/tags?post=81734"}],"curies":[{"name":"wp","href":"https:\/\/api.w.org\/{rel}","templated":true}]}}