{"id":81739,"date":"2024-12-24T00:00:00","date_gmt":"2024-12-24T00:00:00","guid":{"rendered":"https:\/\/tvbrazilusa.com\/2024\/12\/24\/elijah-wald-nativo-de-cambridge-escreveu-o-livro-que-inspirou-a-complete-unknown-aqui-esta-o-que-ele-pensa-do-filme\/"},"modified":"2024-12-24T00:11:01","modified_gmt":"2024-12-24T00:11:01","slug":"elijah-wald-nativo-de-cambridge-escreveu-o-livro-que-inspirou-a-complete-unknown-aqui-esta-o-que-ele-pensa-do-filme","status":"publish","type":"post","link":"https:\/\/tvbrazilusa.com\/pt\/2024\/12\/24\/elijah-wald-nativo-de-cambridge-escreveu-o-livro-que-inspirou-a-complete-unknown-aqui-esta-o-que-ele-pensa-do-filme\/","title":{"rendered":"Elijah Wald, nativo de Cambridge, escreveu o livro que inspirou &#8216;A Complete Unknown&#8217;. Aqui est\u00e1 o que ele pensa do filme."},"content":{"rendered":"<p> <script async src=\"https:\/\/pagead2.googlesyndication.com\/pagead\/js\/adsbygoogle.js?client=ca-pub-8864793242727901\"\r\n     crossorigin=\"anonymous\"><\/script><br \/>\n<\/p>\n<div id=\"\">\n<header class=\"m-article-header m-article-header--standard\">\n\t\t\t\t\t\t\t\t\t\t\t\t<span id=\"article-header-primary-term\"><br \/>\n\t\t\t\t\t\t\t\t<a class=\"a-term a-term--primary\" href=\"https:\/\/www.boston.com\/tag\/books\/\"><\/p>\n<p>\t\t\t\t\t\t\t\tLivros\t\t\t\t\t\t\t\t<\/a><br \/>\n\t\t\t\t\t\t\t<\/span><\/p>\n<h2 class=\"m-article-header__sub-headline\">\u201cN\u00e3o \u00e9 historicamente preciso, mas \u00e9 poeticamente preciso\u201d, diz Wald sobre a nova cinebiografia de Bob Dylan. <\/h2>\n<figure class=\"a-photo m-article-header__photo\"><figcaption class=\"a-photo__caption\">\n<p>\tElle Fanning e Timoth\u00e9e Chalamet em &#8220;Um Desconhecido&#8221;.<em> Imagens de holofote<\/em>\t<\/figcaption><\/figure>\n<\/header>\n<p>No in\u00edcio deste m\u00eas, Elijah Wald, natural de Cambridge, recebeu um e-mail t\u00e3o surpreendente que ficou sem palavras.<\/p>\n<p>Um amigo lhe enviou por e-mail uma captura de tela do filme de Bob Dylan em 4 de dezembro.<a href=\"https:\/\/x.com\/bobdylan\/status\/1864381624915231149\"> twittar<\/a>:<\/p>\n<p>\u201cH\u00e1 um filme sobre mim estreando em breve chamado A Complete Unknown (que t\u00edtulo!)\u2026 O filme foi retirado de Dylan Goes Electric, de Elijah Wald \u2013 um livro lan\u00e7ado em 2015. \u00c9 uma releitura fant\u00e1stica de eventos do in\u00edcio dos anos 60 que levaram at\u00e9 o fiasco em Newport. Depois de ver o filme, leia o livro.\u201d<\/p>\n<p>O endosso de Dylan deve ter sido chocante, eu digo.<\/p>\n<p>\u201cSim\u201d, diz Wald, aparentemente incr\u00e9dulo. \u201cN\u00e3o tenho nada a dizer al\u00e9m de sim quanto a isso.\u201d<\/p>\n<p>Essa seria a resposta mais curta que receberia de Wald em nossa entrevista recente. <\/p>\n<p>Durante quase duas horas, o autor de<a href=\"https:\/\/bookshop.org\/p\/books\/dylan-goes-electric-newport-seeger-dylan-and-the-night-that-split-the-sixties-elijah-wald\/6435223\"> \u201cDylan fica el\u00e9trico!<\/a>\u201d(2015) no qual \u201cA Complete Unknown\u201d \u00e9 baseado, discutiu Dylan, Pete Seeger, Joan Baez, Newport Folk e muito mais antes do lan\u00e7amento do filme no dia de Natal.<\/p>\n<figure class=\"wp-block-image size-full\"><img loading=\"lazy\" decoding=\"async\" width=\"1751\" height=\"1034\" src=\"https:\/\/bdc2020.o0bc.com\/wp-content\/uploads\/2024\/12\/https___arcmigration-prdweb.bostonglobe.com_r_Boston_2011-2020_2012_07_05_BostonGlobe.com_Arts_Images_13book1-6769a822c3cfa.jpg\" alt=\"\" class=\"wp-image-32540318\" srcset=\"https:\/\/bdc2020.o0bc.com\/wp-content\/uploads\/2024\/12\/https___arcmigration-prdweb.bostonglobe.com_r_Boston_2011-2020_2012_07_05_BostonGlobe.com_Arts_Images_13book1-6769a822c3cfa.jpg?width=200 200w, https:\/\/bdc2020.o0bc.com\/wp-content\/uploads\/2024\/12\/https___arcmigration-prdweb.bostonglobe.com_r_Boston_2011-2020_2012_07_05_BostonGlobe.com_Arts_Images_13book1-6769a822c3cfa.jpg?width=300 300w, https:\/\/bdc2020.o0bc.com\/wp-content\/uploads\/2024\/12\/https___arcmigration-prdweb.bostonglobe.com_r_Boston_2011-2020_2012_07_05_BostonGlobe.com_Arts_Images_13book1-6769a822c3cfa.jpg?width=400 400w, https:\/\/bdc2020.o0bc.com\/wp-content\/uploads\/2024\/12\/https___arcmigration-prdweb.bostonglobe.com_r_Boston_2011-2020_2012_07_05_BostonGlobe.com_Arts_Images_13book1-6769a822c3cfa.jpg?width=500 500w, https:\/\/bdc2020.o0bc.com\/wp-content\/uploads\/2024\/12\/https___arcmigration-prdweb.bostonglobe.com_r_Boston_2011-2020_2012_07_05_BostonGlobe.com_Arts_Images_13book1-6769a822c3cfa.jpg?width=600 600w, https:\/\/bdc2020.o0bc.com\/wp-content\/uploads\/2024\/12\/https___arcmigration-prdweb.bostonglobe.com_r_Boston_2011-2020_2012_07_05_BostonGlobe.com_Arts_Images_13book1-6769a822c3cfa.jpg?width=700 700w, https:\/\/bdc2020.o0bc.com\/wp-content\/uploads\/2024\/12\/https___arcmigration-prdweb.bostonglobe.com_r_Boston_2011-2020_2012_07_05_BostonGlobe.com_Arts_Images_13book1-6769a822c3cfa.jpg?width=800 800w, https:\/\/bdc2020.o0bc.com\/wp-content\/uploads\/2024\/12\/https___arcmigration-prdweb.bostonglobe.com_r_Boston_2011-2020_2012_07_05_BostonGlobe.com_Arts_Images_13book1-6769a822c3cfa.jpg?width=900 900w\" sizes=\"auto, (max-width: 1751px) 100vw, 1751px\"\/><figcaption class=\"wp-element-caption\">Autor Elijah Wald. <em>Sandrine Sheon<\/em><\/figcaption><\/figure>\n<p><a href=\"https:\/\/www.elijahwald.com\/\">Wald,<\/a> 65, escritor e m\u00fasico, foi criado na cena folk de Cambridge. \u201cMeu meio-irm\u00e3o muito mais velho n\u00e3o deu aulas, mas mostrou algumas coisas de viol\u00e3o para Joan Baez. Quero dizer, este era um mundo min\u00fasculo.\u201d<\/p>\n<p>Este n\u00e3o \u00e9 seu primeiro rodeio de adapta\u00e7\u00e3o. As mem\u00f3rias p\u00f3stumas do falecido e grande Dave Van Ronk, \u201c<a href=\"https:\/\/bookshop.org\/p\/books\/the-mayor-of-macdougal-street-a-memoir-dave-van-ronk\/8264027?gad_source=1&#038;gclid=CjwKCAiAjp-7BhBZEiwAmh9rBTI554duGqyDNd48gbu-Vt6n5PmynXCng7y2cSp3-02f0w7nJs5_-xoCy_8QAvD_BwE\">Prefeito da Rua MacDougal<\/a>\u201d, escrito com Wald, inspirou \u201cInside Llewyn Davis\u201d dos irm\u00e3os Coen.<\/p>\n<p>Entre isso e \u201cUnknown\u201d, diz Wald, \u201cme sinto como algu\u00e9m que ganhou na loteria duas vezes. Quero dizer, considerando o n\u00famero de malditos livros de Dylan?<\/p>\n<p>Como um devoto de Dylan que tem sido <a href=\"https:\/\/www.boston.com\/culture\/music\/2024\/12\/23\/heres-why-the-new-dylan-biopic-may-be-just-what-bob-needs\/\">pensando um pouco nesse filme<\/a> mas ainda n\u00e3o vi, fiquei com d\u00favidas.<\/p>\n<h4 class=\"wp-block-heading\" id=\"h-boston-com-you-told-me-it-was-dylan-s-camp-who-optioned-the-book-in-2016\">Boston. com: <strong>Voc\u00ea me disse que foi a equipe de Dylan quem optou pelo livro em 2016.<\/strong><\/h4>\n<p><strong>Elias Wald: <\/strong>Dylan esteve envolvido neste projeto antes de Chalamet ou James Mangold. Tudo come\u00e7ou com o pessoal de Dylan. Honestamente, fiquei intrigado, porque por que Dylan precisa do meu livro para contar a hist\u00f3ria de sua vida? Mas fiquei feliz com isso.<\/p>\n<h4 class=\"wp-block-heading\" id=\"h-laughs-that-is-classic-puzzling-dylan-so-what-happened-in-2016-you-got-a-call\"><strong><em>[laughs]<\/em>  Esse \u00e9 o cl\u00e1ssico e intrigante Dylan. Ent\u00e3o, o que aconteceu em 2016? Voc\u00ea recebeu uma liga\u00e7\u00e3o?<\/strong><\/h4>\n<p>Esqueci se foi uma liga\u00e7\u00e3o ou um e-mail, mas sim, de Jeff Rosen, seu empres\u00e1rio. Eles pediram para optar pelo livro. Eu disse: \u201cFale com meu agente\u201d. Meu agente elaborou os termos. Eles nos pagaram algum dinheiro. Eventualmente vi na internet que o filme estava realmente acontecendo. N\u00e3o estive envolvido com o processo de filmagem de forma alguma. Acabei de ver uma triagem avan\u00e7ada. Eu irei \u00e0 estreia. Eles t\u00eam sido bons em rela\u00e7\u00e3o ao cr\u00e9dito; eles t\u00eam sido bons em rela\u00e7\u00e3o ao pagamento. Mas n\u00e3o estive envolvido no processo.<\/p>\n<h4 class=\"wp-block-heading\" id=\"h-what-did-you-think-of-the-screening\"><strong>O que voc\u00ea achou da exibi\u00e7\u00e3o?<\/strong><\/h4>\n<p>Eu acho que \u00e9 um filme muito bom. Minha cita\u00e7\u00e3o \u00e9: n\u00e3o \u00e9 historicamente preciso, mas \u00e9 poeticamente preciso. E eu realmente acredito nisso &#8211; n\u00e3o sou apenas eu sendo um espertinho. Eu esperava que houvesse coisas que me incomodassem porque [Mangold] estava divergindo da hist\u00f3ria real. Mas o que aconteceu foi que ele divergiu <em>t\u00e3o completamente<\/em> que me envolvi na hist\u00f3ria. <\/p>\n<p>Houve um monte de pequenos detalhes que n\u00e3o foram exatamente o que aconteceu, mas foram t\u00e3o [poetically] certo que sa\u00ed gostando muito. Como todo o mito sobre Pete Seeger com o machado [at Newport Folk]. Eles lidaram com isso de forma muito inteligente. Eles n\u00e3o mostram Pete Seeger pegando um machado, gra\u00e7as a Deus, j\u00e1 que n\u00e3o o fez. Eles acenam com a cabe\u00e7a em dire\u00e7\u00e3o \u00e0 sua irrita\u00e7\u00e3o e ao fato de que havia machados por a\u00ed, o que \u00e9 real. <\/p>\n<p>Adoro que quando ele est\u00e1 ficando irritado e querendo encerrar as coisas, quem o impede \u00e9 sua esposa, Toshi, e \u00e9 exatamente assim que acontece. <em>EU <\/em>ouviu a hist\u00f3ria de sua filha.<\/p>\n<p>Eles realmente trabalharam para conseguir o [essence of the] personagens certos. Por exemplo: Na manh\u00e3 seguinte ao Newport Folk, h\u00e1 uma cena de Dylan saindo em sua motocicleta, passando pelo campo onde Pete Seeger est\u00e1 ajudando a guardar as cadeiras dobr\u00e1veis. Tenho certeza que Dylan<em> n\u00e3o<\/em> tenho uma motocicleta em Newport e Seeger n\u00e3o se levantou naquela manh\u00e3 para ajudar a arrumar as cadeiras \u2013 mas eles eram assim.<\/p>\n<h4 class=\"wp-block-heading\" id=\"h-true-symbolically-it-represents-their-characters-well\"><strong>Verdadeiro. Simbolicamente, representa bem seus personagens.<\/strong><\/h4>\n<p>Tenho certeza de que h\u00e1 pessoas que ficar\u00e3o incomodadas com isso, mas n\u00e3o sou uma delas. Achei que era uma maneira inteligente de resumir o que levei muitas p\u00e1ginas para explicar. Tenho uma hist\u00f3ria como essa sobre Seeger no livro.<\/p>\n<h4 class=\"wp-block-heading\" id=\"h-what-s-your-story\"><strong>Qual \u00e9 a sua hist\u00f3ria?<\/strong><\/h4>\n<p>Eu estava em um retiro de fim de semana para cantores pol\u00edticos em algum lugar no Hudson, cheio de cantores folk de esquerda conhecidos. Pete apareceu para almo\u00e7ar um dia e foi convidado a dizer algumas palavras. Pelo que me lembro, todo o seu discurso foi: \u201cEste \u00e9 um evento maravilhoso. Eu gostaria de ter ficado com voc\u00ea o fim de semana inteiro, mas, infelizmente, s\u00f3 tenho algumas horas, ent\u00e3o se algu\u00e9m quiser conversar comigo, estarei de volta na cozinha lavando a lou\u00e7a.\u201d<\/p>\n<h4 class=\"wp-block-heading\" id=\"h-laughs-that-s-a-perfect-seeger-anecdote\"><strong><em>[laughs]<\/em>  Essa \u00e9 uma anedota perfeita de Seeger.<\/strong><\/h4>\n<p>Se as pessoas de Boston querem ficar mal-humoradas com esse filme, ele move um monte de gente da cena de Boston para Nova York. [<a href=\"https:\/\/www.bostonglobe.com\/2020\/12\/10\/arts\/painting-her-heroes-is-no-brainer-folk-icon-joan-baez\/\">Former Belmont resident]<\/a>  Baez est\u00e1 perto de Greenwich Village, que Baez evitou como uma praga. <a href=\"https:\/\/en.wikipedia.org\/wiki\/Bob_Neuwirth#:~:text=Robert%20John%20Neuwirth%20(June%2020,hit%20song%20%22Mercedes%20Benz%22.\">Bobby Neuwirth<\/a> est\u00e1 na Vila. Ent\u00e3o, do ponto de vista de Boston: \u201cEi, e n\u00f3s?\u201d Mas do ponto de vista cinematogr\u00e1fico \u00e9 muito mais simples.<\/p>\n<p>E musicalmente, Chalamet pode <em>realmente<\/em> jogar essas coisas.  Muitas pessoas que eu conhecia odiavam \u201cInside Llewyn Davis\u201d. Minha posi\u00e7\u00e3o \u00e9: se eles acertarem a m\u00fasica, eu perdoarei muitas outras coisas<strong>.  <\/strong><\/p>\n<p>Eles n\u00e3o apenas acertaram na m\u00fasica, mas tamb\u00e9m no relacionamento com as mulheres. Ele anda perto de mulheres fortes, \u00e9 um idiota, elas falam isso para ele e v\u00e3o embora. Eles est\u00e3o tristes com isso, ele est\u00e1 triste com isso, mas todo mundo \u00e9 assim. <strong> <\/strong><a href=\"https:\/\/www.npr.org\/2011\/03\/01\/134158270\/remembering-suze-rotolo-dylans-freewheeling-muse\">Suze Rotolo<\/a> \u2026 \u00e9 a \u00fanica pessoa no filme a quem eles d\u00e3o um nome falso, aparentemente algo que Dylan solicitou.<\/p>\n<h4 class=\"wp-block-heading\" id=\"h-do-you-know-why\"><strong>Voc\u00ea sabe por qu\u00ea?<\/strong><\/h4>\n<p>Pela privacidade dela, que&#8230; n\u00e3o entendo a l\u00f3gica. Quero dizer, ela est\u00e1 morta, e que privacidade? Todos n\u00f3s sabemos que essa personagem de Russo \u00e9 Suze Rotolo. Na verdade, eles adicionam cenas com ela que n\u00e3o aconteceram. Minha grande preocupa\u00e7\u00e3o era que eles fariam dela a linda vizinha que Dylan deixa para a misteriosa Joan Baez. E eles <em>n\u00e3o<\/em> de forma alguma. Eles fazem dela uma personagem totalmente forte. Eu conhecia Suze, ent\u00e3o isso era importante para mim.<\/p>\n<p>No geral, eles fizeram um filme em vez de fazer hist\u00f3ria. Mas estou feliz com o filme.<\/p>\n<h4 class=\"wp-block-heading\" id=\"h-for-hardcore-dylan-fans-nervous-to-see-this-what-do-you-think-we-re-going-to-think\"><strong>Para hardcore <\/strong><strong>F\u00e3s de Dylan nervosos ao ver isso, o que voc\u00eas acham que vamos pensar?<\/strong><\/h4>\n<p>Em termos de m\u00fasica, acho que todo mundo vai ficar impressionado. Qualquer um que<em> n\u00e3o \u00e9<\/em> deslumbrado, vai ter que me explicar o porqu\u00ea. A variedade de m\u00fasicas de Dylan que ele toca est\u00e1 fora das paradas. <\/p>\n<h4 class=\"wp-block-heading\" id=\"h-like-what\"><strong>Como o que?<\/strong><\/h4>\n<p>\u201c<a href=\"https:\/\/www.bobdylan.com\/songs\/all-over-you\/\">Em cima de voc\u00ea,<\/a>\u201dO que eu apostaria que nada estaria neste filme. E caramba, ele canta um pouco disso.<\/p>\n<h4 class=\"wp-block-heading\" id=\"h-that-s-awesome-what-about-the-storyline\"><strong>Isso \u00e9 incr\u00edvel. E quanto ao enredo?<\/strong><\/h4>\n<p>Qualquer um que queira que os fatos sejam corretos ficar\u00e1 muito irritado. <\/p>\n<h4 class=\"wp-block-heading\" id=\"h-laughs\"><strong><em>[laughs]<\/em><\/strong><\/h4>\n<p>Do come\u00e7o ao fim \u2013 literalmente. <em>[rattles off inaccuracies]<\/em>  Mas a ideia b\u00e1sica \u2013 a narrativa de Dylan entrando, tornando-se parte do mundo de Pete Seeger e depois divergindo dele \u2013 \u00e9 exatamente assim que eu enquadro a hist\u00f3ria. A hist\u00f3ria deles torna esse relacionamento mais<em>e pessoal <\/em>do que na vida real &#8211; o que, se voc\u00ea vai fazer um filme, faz todo o sentido. <\/p>\n<h4 class=\"wp-block-heading\" id=\"h-d-o-you-know-how-involved-dylan-was-with-this-movie\"><strong>D<\/strong><strong>voc\u00ea sabe o qu\u00e3o envolvido Dylan estava com esse filme?<\/strong><\/h4>\n<p>Minha impress\u00e3o \u00e9 que o contato dele se limitou a conversar com James Mangold. Presumo que ele conheceu Chalamet, mas n\u00e3o sei disso. Eu sei que Elle Fanning deu uma<a href=\"https:\/\/www.yahoo.com\/entertainment\/elle-fanning-got-bamboozled-thinking-043500586.html\"> entrevista que sugere<\/a> que ela nunca o conheceu.<\/p>\n<h4 class=\"wp-block-heading\" id=\"h-do-you-know-if-dylan-will-be-at-the-premiere\"><strong>Voc\u00ea sabe se Dylan estar\u00e1 na estreia?<\/strong><\/h4>\n<p>Posso dizer com absoluta certeza que ele n\u00e3o estar\u00e1 l\u00e1.<\/p>\n<h4 class=\"wp-block-heading\" id=\"h-i-didn-t-think-he-would-but-i-thought-maybe-he-d-pull-a-dylan-and-surprise-people\"><strong>N\u00e3o achei que ele faria isso, mas pensei que talvez ele fizesse uma imita\u00e7\u00e3o de Dylan e surpreendesse as pessoas.<\/strong><\/h4>\n<p>Bem, quero dizer, ent\u00e3o n\u00e3o devo dizer nada com certeza absoluta.<\/p>\n<h4 class=\"wp-block-heading\" id=\"h-laughs-0\"><strong><em>[laughs]<\/em><\/strong><\/h4>\n<p>Mas presumo que ele n\u00e3o estar\u00e1 l\u00e1. Haver\u00e1 uma estreia em Nova York e outra em Los Angeles. Se ele fosse fazer alguma coisa, eu esperaria que ele fizesse em Los Angeles.<\/p>\n<h4 class=\"wp-block-heading\" id=\"h-what-do-you-think-of-the-oscar-buzz\"><strong>O que fazer <\/strong><strong>voc\u00ea pensa na agita\u00e7\u00e3o do Oscar?<\/strong><\/h4>\n<p>Eu n\u00e3o fa\u00e7o ideia. Eu acho que \u00e9 um desempenho absolutamente fant\u00e1stico. Mas a parte que me surpreende \u00e9 o lado musical, n\u00e3o o lado da atua\u00e7\u00e3o. Mas n\u00e3o h\u00e1 muito drama. \u00c9 a aliena\u00e7\u00e3o \u2013 \u00e9 um cara que joga as coisas bem escondido e n\u00e3o fala muito. Nesse sentido, eu acho, bastante fiel ao personagem. Voc\u00ea n\u00e3o o est\u00e1 vendo desmoronar e chorar por nada. \u00c0 medida que fica mais alienado, ele apenas usa \u00f3culos escuros. <\/p>\n<h4 class=\"wp-block-heading\" id=\"h-laughs-that-is-true-to-life-dylan-tweeted-about-your-book-did-he-really-read-it\"><strong><em>[laughs] <\/em>Isso \u00e9 verdade para a vida. Dylan twittou sobre o seu livro. Ele realmente leu?<\/strong><\/h4>\n<p>A certa altura, perguntei se Dylan havia lido, e a resposta de Jeff Rosen foi: \u201cBob n\u00e3o l\u00ea livros de Dylan\u201d.<\/p>\n<figure class=\"wp-block-image size-full\"><img loading=\"lazy\" decoding=\"async\" width=\"1768\" height=\"2560\" src=\"https:\/\/bdc2020.o0bc.com\/wp-content\/uploads\/2024\/12\/https___arcmigration-prdweb.bostonglobe.com_r_Boston_2011-2020_2015_07_16_BostonGlobe.com_Arts_Images_Dylancover3-6769a74f9b9a0-scaled.jpg\" alt=\"\" class=\"wp-image-32540261\" srcset=\"https:\/\/bdc2020.o0bc.com\/wp-content\/uploads\/2024\/12\/https___arcmigration-prdweb.bostonglobe.com_r_Boston_2011-2020_2015_07_16_BostonGlobe.com_Arts_Images_Dylancover3-6769a74f9b9a0-scaled.jpg?width=200 200w, https:\/\/bdc2020.o0bc.com\/wp-content\/uploads\/2024\/12\/https___arcmigration-prdweb.bostonglobe.com_r_Boston_2011-2020_2015_07_16_BostonGlobe.com_Arts_Images_Dylancover3-6769a74f9b9a0-scaled.jpg?width=300 300w, https:\/\/bdc2020.o0bc.com\/wp-content\/uploads\/2024\/12\/https___arcmigration-prdweb.bostonglobe.com_r_Boston_2011-2020_2015_07_16_BostonGlobe.com_Arts_Images_Dylancover3-6769a74f9b9a0-scaled.jpg?width=400 400w, https:\/\/bdc2020.o0bc.com\/wp-content\/uploads\/2024\/12\/https___arcmigration-prdweb.bostonglobe.com_r_Boston_2011-2020_2015_07_16_BostonGlobe.com_Arts_Images_Dylancover3-6769a74f9b9a0-scaled.jpg?width=500 500w, https:\/\/bdc2020.o0bc.com\/wp-content\/uploads\/2024\/12\/https___arcmigration-prdweb.bostonglobe.com_r_Boston_2011-2020_2015_07_16_BostonGlobe.com_Arts_Images_Dylancover3-6769a74f9b9a0-scaled.jpg?width=600 600w, https:\/\/bdc2020.o0bc.com\/wp-content\/uploads\/2024\/12\/https___arcmigration-prdweb.bostonglobe.com_r_Boston_2011-2020_2015_07_16_BostonGlobe.com_Arts_Images_Dylancover3-6769a74f9b9a0-scaled.jpg?width=700 700w, https:\/\/bdc2020.o0bc.com\/wp-content\/uploads\/2024\/12\/https___arcmigration-prdweb.bostonglobe.com_r_Boston_2011-2020_2015_07_16_BostonGlobe.com_Arts_Images_Dylancover3-6769a74f9b9a0-scaled.jpg?width=800 800w, https:\/\/bdc2020.o0bc.com\/wp-content\/uploads\/2024\/12\/https___arcmigration-prdweb.bostonglobe.com_r_Boston_2011-2020_2015_07_16_BostonGlobe.com_Arts_Images_Dylancover3-6769a74f9b9a0-scaled.jpg?width=900 900w\" sizes=\"auto, (max-width: 1768px) 100vw, 1768px\"\/><figcaption class=\"wp-element-caption\">A capa de \u201cDylan Goes Electric\u201d de Elijah Wald. <em>Foto do arquivo<\/em><\/figcaption><\/figure>\n<h4 class=\"wp-block-heading\" id=\"h-laughs-classic-your-book-is-about-newport-65-and-what-s-interesting-is-everyone-i-interview-who-was-at-newport-or-played-at-newport-has-a-different-story-but-to-believe-in-the-booing-as-you-say-is-key\"><strong><em>[laughs] <\/em>Cl\u00e1ssico. Seu livro \u00e9 sobre Newport &#8217;65, e o interessante \u00e9 que todos que entrevistei e que estiveram em Newport ou jogaram em Newport t\u00eam uma hist\u00f3ria diferente. Mas acreditar nas vaias, como voc\u00ea diz, \u00e9 fundamental.<\/strong><\/h4>\n<p>Eu fa\u00e7o quest\u00e3o disso no livro: as vaias foram absolutamente <em>essencial<\/em> ao mito de Dylan, porque as vaias de seus f\u00e3s eram a prova de que ele n\u00e3o estava se vendendo para se tornar uma estrela do rock.<\/p>\n<h4 class=\"wp-block-heading\" id=\"h-true-it-s-such-an-essential-part-of-the-myth-for-us-to-see-that-finger-up-dylan\"><strong>Verdadeiro. Isso \u00e9 <\/strong><strong>uma parte t\u00e3o essencial do mito para vermos aquele Dylan com o dedo levantado.<\/strong><\/h4>\n<p>Dylan queria fazer tudo em seus pr\u00f3prios termos. N\u00e3o \u00e9 uma hist\u00f3ria simples. <\/p>\n<p><em>A entrevista foi editada e condensada.  <\/em><em>Lauren Daley \u00e9 redatora freelance. Ela pode ser contatada em <a href=\"https:\/\/www.boston.com\/cdn-cgi\/l\/email-protection\" class=\"__cf_email__\" data-cfemail=\"d5b9b1b4b9b0ace6e695b2b8b4bcb9fbb6bab8\">[email\u00a0protected]<\/a>. Ela twitta<\/em><a href=\"https:\/\/twitter.com\/LaurenDaley1\"><em>  @laurendaley1<\/em><\/a><em>e Instagram em <\/em><a href=\"https:\/\/www.instagram.com\/laurendaley1\/?hl=en\"><em>@laurendaley1<\/em><\/a><em>. Leia mais hist\u00f3rias no Facebook<\/em><a href=\"https:\/\/www.facebook.com\/daley.writer\"><em>  aqui<\/em><\/a><em>.<\/em><\/p>\n<div class=\"m-block m-generic-cta\t m-generic-cta--post-content\t m-generic-cta--dark\t m-generic-cta--homepage\t m-generic-cta--email-signup\t\t m-generic-cta-block-style--default \tt-amp__generic-cta\"><\/p>\n<div class=\"m-generic-cta__wrap\">\n<div class=\"m-generic-cta__content\">\n<h3 class=\"m-generic-cta__title\">Boston.com hoje<\/h3>\n<p class=\"m-generic-cta__subtitle\">Inscreva-se para receber as \u00faltimas manchetes em sua caixa de entrada todas as manh\u00e3s.<\/p>\n<\/p><\/div>\n<\/p><\/div>\n<\/div><\/div>\n<p><script async src=\"\/\/platform.twitter.com\/widgets.js\" charset=\"utf-8\"><\/script><script>\n\t\tvar consent=\"grant\";\n\t\t\/* The above code is parsing the JSON data from the local storage and storing it in a variable. *\/\n\t\t\t\t\tconst onetrustStorageConsent = JSON.parse(localStorage.getItem( 'consent_one_trust_bdc' ) );\n\t\t\tif ( ( onetrustStorageConsent !== null ) ) {\n\t\t\t\t\/* Checking to see if the user has consented to the use of cookies.\n\t\t\t\t* If they have not, it is deleting the cookie.\n\t\t\t\t* This will comment for now, until further notice.\n\t\t\t\t*\/\n\t\t\t\t\/\/if ( onetrustStorageConsent.C0002 === false ) {\n\t\t\t\t\/\/\tdocument.cookie=\"_fbp=;expires=Thu, 01 Jan 2010 00:00:00 UTC; path=\/; domain=.boston.com\";\n\t\t\t\t\/\/}\n\t\t\t\t\/* Checking if the user has given consent for the cookie C0002.\n\t\t\t\t* If the user has given consent, the variable consent will be set to 'grant'.\n\t\t\t\t* If the user has not given consent,the variable consent will be set to 'revoke'.\n\t\t\t\t* Documentation https:\/\/developers.facebook.com\/docs\/meta-pixel\/implementation\/gdpr\n\t\t\t\t*\/\n\t\t\t\tif ( onetrustStorageConsent.C0002 !== true ) {\n\t\t\t\t\tconsent=\"revoke\";\n\t\t\t\t}\n\t\t\t}\n\t\t\t\t!function(f,b,e,v,n,t,s)\n\t\t{if(f.fbq)return;n=f.fbq=function(){n.callMethod?\n\t\tn.callMethod.apply(n,arguments):n.queue.push(arguments)};\n\t\tif(!f._fbq)f._fbq=n;n.push=n;n.loaded=!0;n.version='2.0';\n\t\tn.queue=[];t=b.createElement(e);t.async=!0;\n\t\tt.src=v;s=b.getElementsByTagName(e)[0];\n\t\ts.parentNode.insertBefore(t,s)}(window, document,'script',\n\t\t'https:\/\/connect.facebook.net\/en_US\/fbevents.js');\n\t\tfbq('consent', consent);\n\t\tfbq('init', '989222871864976');\n\t\tfbq('track', 'PageView');\n\t<\/script><script type=\"module\">\n\t\tvar consent=\"grant\";\n\t\t\/* The above code is parsing the JSON data from the local storage and storing it in a variable. *\/\n\t\t\tconst onetrustStorageConsent = JSON.parse(localStorage.getItem( 'consent_one_trust_bdc' ) );\n\t\t\t\/* Checking to see if the user has consented to the use of cookies.\n\t\t\t* If they have not, it is deleting the cookie.\n\t\t\t* This will comment for now, until further notice.\n\t\t\t*\/\n\t\t\t\/\/if ( onetrustStorageConsent.C0002 === false ) {\n\t\t\t\/\/\tdocument.cookie=\"_fbp=;expires=Thu, 01 Jan 2010 00:00:00 UTC; path=\/; domain=.boston.com\";\n\t\t\t\/\/}\n\t\t\t\/* Checking if the user has given consent for the cookie C0002.\n\t\t\t* If the user has given consent, the variable consent will be set to 'grant'.\n\t\t\t* If the user has not given consent,the variable consent will be set to 'revoke'.\n\t\t\t* Documentation https:\/\/developers.facebook.com\/docs\/meta-pixel\/implementation\/gdpr\n\t\t\t*\/\n\t\t\tif ( ( onetrustStorageConsent !== null ) && (onetrustStorageConsent.C0002 !== true ) ) {\n\t\t\t\tconsent=\"revoke\";\n\t\t\t}\n\t\t\t\t!function(f,b,e,v,n,t,s){if(f.fbq)return;n=f.fbq=function()\n\t\t{n.callMethod? n.callMethod.apply(n,arguments):n.queue.push(arguments)}\n\t\t;if(!f._fbq)f._fbq=n;\n\t\tn.push=n;n.loaded=!0;n.version='2.0';n.queue=[];t=b.createElement(e);t.async=!0;\n\t\tt.src=v;s=b.getElementsByTagName(e)[0];s.parentNode.insertBefore(t,s)}(window,\n\t\tdocument,'script','https:\/\/connect.facebook.net\/en_US\/fbevents.js');\n\t\tfbq('consent', consent);\n\t\tfbq('init', '813236348753005');\n\t\tfbq('track', \"PageView\");\n\t<\/script><script async src=\"\/\/www.instagram.com\/embed.js\"><\/script><br \/>\n<br \/><br \/>\n<br \/><a href=\"https:\/\/www.boston.com\/culture\/books\/2024\/12\/23\/cambridge-native-elijah-wald-dylan-goes-electric-a-complete-unknown\/\">Source link <\/a><\/p>","protected":false},"excerpt":{"rendered":"<p>Livros \u201cN\u00e3o \u00e9 historicamente preciso, mas \u00e9 poeticamente preciso\u201d, diz Wald sobre a nova cinebiografia de Bob Dylan. Elle Fanning e Timoth\u00e9e Chalamet em &#8220;Um Desconhecido&#8221;. Imagens de holofote No&hellip;<\/p>","protected":false},"author":1,"featured_media":81740,"comment_status":"closed","ping_status":"open","sticky":false,"template":"","format":"standard","meta":{"content-type":"","footnotes":""},"categories":[1],"tags":[],"class_list":["post-81739","post","type-post","status-publish","format-standard","has-post-thumbnail","hentry","category-uncategorized"],"_links":{"self":[{"href":"https:\/\/tvbrazilusa.com\/pt\/wp-json\/wp\/v2\/posts\/81739","targetHints":{"allow":["GET"]}}],"collection":[{"href":"https:\/\/tvbrazilusa.com\/pt\/wp-json\/wp\/v2\/posts"}],"about":[{"href":"https:\/\/tvbrazilusa.com\/pt\/wp-json\/wp\/v2\/types\/post"}],"author":[{"embeddable":true,"href":"https:\/\/tvbrazilusa.com\/pt\/wp-json\/wp\/v2\/users\/1"}],"replies":[{"embeddable":true,"href":"https:\/\/tvbrazilusa.com\/pt\/wp-json\/wp\/v2\/comments?post=81739"}],"version-history":[{"count":1,"href":"https:\/\/tvbrazilusa.com\/pt\/wp-json\/wp\/v2\/posts\/81739\/revisions"}],"predecessor-version":[{"id":81741,"href":"https:\/\/tvbrazilusa.com\/pt\/wp-json\/wp\/v2\/posts\/81739\/revisions\/81741"}],"wp:featuredmedia":[{"embeddable":true,"href":"https:\/\/tvbrazilusa.com\/pt\/wp-json\/wp\/v2\/media\/81740"}],"wp:attachment":[{"href":"https:\/\/tvbrazilusa.com\/pt\/wp-json\/wp\/v2\/media?parent=81739"}],"wp:term":[{"taxonomy":"category","embeddable":true,"href":"https:\/\/tvbrazilusa.com\/pt\/wp-json\/wp\/v2\/categories?post=81739"},{"taxonomy":"post_tag","embeddable":true,"href":"https:\/\/tvbrazilusa.com\/pt\/wp-json\/wp\/v2\/tags?post=81739"}],"curies":[{"name":"wp","href":"https:\/\/api.w.org\/{rel}","templated":true}]}}