{"id":81745,"date":"2024-12-24T00:15:14","date_gmt":"2024-12-24T00:15:14","guid":{"rendered":"https:\/\/tvbrazilusa.com\/2024\/12\/24\/o-futuro-politico-do-ex-congressista-da-florida-matt-gaetz-e-incerto-apos-a-divulgacao-do-relatorio-de-etica-da-camara-wsvn-7news-noticias-de-miami-clima-esportes-fort-lauderdale\/"},"modified":"2024-12-24T00:22:09","modified_gmt":"2024-12-24T00:22:09","slug":"o-futuro-politico-do-ex-congressista-da-florida-matt-gaetz-e-incerto-apos-a-divulgacao-do-relatorio-de-etica-da-camara-wsvn-7news-noticias-de-miami-clima-esportes-fort-lauderdale","status":"publish","type":"post","link":"https:\/\/tvbrazilusa.com\/pt\/2024\/12\/24\/o-futuro-politico-do-ex-congressista-da-florida-matt-gaetz-e-incerto-apos-a-divulgacao-do-relatorio-de-etica-da-camara-wsvn-7news-noticias-de-miami-clima-esportes-fort-lauderdale\/","title":{"rendered":"O futuro pol\u00edtico do ex-congressista da Fl\u00f3rida Matt Gaetz \u00e9 incerto ap\u00f3s a divulga\u00e7\u00e3o do relat\u00f3rio de \u00c9tica da C\u00e2mara &#8211; WSVN 7News | Not\u00edcias de Miami, clima, esportes | Fort Lauderdale"},"content":{"rendered":"<p> <script async src=\"https:\/\/pagead2.googlesyndication.com\/pagead\/js\/adsbygoogle.js?client=ca-pub-8864793242727901\"\r\n     crossorigin=\"anonymous\"><\/script><br \/>\n<\/p>\n<div itemprop=\"articleBody\">\n<p>(WSVN) &#8211; Depois do Comit\u00ea de \u00c9tica da C\u00e2mara <a href=\"https:\/\/wsvn.com\/news\/politics\/house-ethics-committee-accuses-gaetz-of-regularly-paying-for-sex-including-with-17-year-old-girl\/\">divulgou seu relat\u00f3rio<\/a> sobre o ex-deputado da Fl\u00f3rida Matt Gaetz, alguns est\u00e3o se perguntando o que vem por a\u00ed para o ex-congressista.<\/p>\n<p>Enquanto ele se prepara para sentar na cadeira de \u00e2ncora de seu programa de TV OANN no in\u00edcio do pr\u00f3ximo ano, ele sugeriu v\u00e1rios cargos pol\u00edticos nos quais pode estar interessado.<\/p>\n<p>O ex-congressista de 42 anos continua sendo uma for\u00e7a ativa na pol\u00edtica republicana.<\/p>\n<p>No fim de semana, ele fez um coment\u00e1rio em uma confer\u00eancia conservadora em Phoenix que poderia dar uma pr\u00e9via de seu futuro pol\u00edtico.<\/p>\n<p>\u201cMeus colegas da Fl\u00f3rida me pediram para dar uma olhada na mans\u00e3o do governador em Tallahassee. Talvez eu apenas concorra \u00e0 vaga de Marco Rubio no Senado dos Estados Unidos e aproveite algumas dessas pessoas\u201d, disse ele.<\/p>\n<p>O atual senador da Fl\u00f3rida, Rubio, renunciar\u00e1 ao cargo no pr\u00f3ximo m\u00eas para passar pelo processo de confirma\u00e7\u00e3o para se tornar <a href=\"https:\/\/wsvn.com\/news\/politics\/trumps-pick-of-rubio-as-americas-top-diplomat-could-reshape-us-policy-in-latin-america\/\">Secret\u00e1rio de Estado do presidente eleito Donald Trump<\/a>.<\/p>\n<p>O analista pol\u00edtico do 7News, Brian Fonseca, disse que embora uma nomea\u00e7\u00e3o para o Senado da Fl\u00f3rida possa ser dif\u00edcil de vender para Gaetz, n\u00e3o \u00e9 imposs\u00edvel.<\/p>\n<p>\u201cAcho que a chance de Gaetz no Senado ser\u00e1 uma batalha incr\u00edvel e dif\u00edcil se ele decidir assumir isso. Muito disso pode depender de o novo presidente eleito Trump apoiar ou n\u00e3o Gaetz para o Senado. O relat\u00f3rio do Comit\u00ea de \u00c9tica da C\u00e2mara foi extremamente prejudicial\u201d, disse Fonseca.<\/p>\n<p>O <a href=\"https:\/\/wsvn.com\/news\/politics\/who-replaces-rubio-if-hes-tapped-to-serve-in-2nd-trump-administration-florida-law-says-desantis-will-decide\/\">decis\u00e3o de substituir Rubio<\/a>de acordo com a lei da Fl\u00f3rida, cai no colo do governador da Fl\u00f3rida, Ron DeSantis.<\/p>\n<p>No fim de semana, a nora de Trump, Lara Trump, retirou seu nome da lista de poss\u00edveis nomeados. Na plataforma de m\u00eddia social, X, <a href=\"https:\/\/x.com\/laraleatrump\/status\/1870600689287901423?s=46&#038;t=A9nAiCFa4ClszTwZajblig\">ela postou<\/a> em parte:<\/p>\n<p>\u201cDepois de muita reflex\u00e3o, contempla\u00e7\u00e3o e incentivo de tantos, decidi retirar meu nome da considera\u00e7\u00e3o para o Senado dos Estados Unidos.\u201d<\/p>\n<p>Num cen\u00e1rio improv\u00e1vel, mas poss\u00edvel, Fonseca disse que DeSantis poderia olhar para o seu futuro pol\u00edtico fora de Tallahassee, j\u00e1 que o seu mandato actual est\u00e1 previsto para terminar em Janeiro de 2027.<\/p>\n<p>\u201cUm cen\u00e1rio selvagem era que DeSantis, que ser\u00e1 nomeado aqui em 2028, acabaria renunciando, j\u00e1 que a governadora, a tenente-governadora (Jeanette) Nu\u00f1ez, se mudaria para esse cargo e ent\u00e3o (ela) nomearia DeSantis\u201d, disse Fonseca. .<\/p>\n<p>Outros poss\u00edveis nomeados que estariam na lista de DeSantis incluem sua vice-governadora, Jeanette Nu\u00f1ez, que, como Rubio, \u00e9 cubano-americana do sul da Fl\u00f3rida. <\/p>\n<p>Outros candidatos \u00e0 substitui\u00e7\u00e3o de Rubio s\u00e3o o procurador-geral da Fl\u00f3rida, Ashley Moody, e a esposa do governador, Casey Desantis.<\/p>\n<p>Tamb\u00e9m na lista est\u00e1 o chefe de gabinete do governador, James Uthmeier. Descrito como um assessor de confian\u00e7a, ele foi promovido a gerente de campanha durante a corrida presidencial de DeSantis durante a corrida de 2024.<\/p>\n<p><a href=\"https:\/\/wsvn.com\/news\/local\/florida\/desantis-aims-to-appoint-marco-rubios-senate-replacement-by-early-january\/\">Quem quer que o governador escolha <\/a>servir\u00e1 at\u00e9 uma elei\u00e7\u00e3o especial em 2026. Ent\u00e3o, os eleitores da Fl\u00f3rida decidir\u00e3o quem cumprir\u00e1 os \u00faltimos dois anos do mandato de Rubio.<\/p>\n<p><em>Copyright 2024 Sunbeam Television Corp. Todos os direitos reservados. Este material n\u00e3o pode ser publicado, transmitido, reescrito ou redistribu\u00eddo.<\/em><\/p>\n<div class=\"wp-block-newsletter\">\n\t<strong class=\"wp-block-newsletter__title\">Cadastre-se em nosso boletim informativo para receber as \u00faltimas not\u00edcias diretamente em sua caixa de entrada<\/strong><\/p>\n<\/div><\/div>\n<p><br \/>\n<br \/><a href=\"https:\/\/wsvn.com\/news\/politics\/former-florida-congressmen-matt-gaetzs-political-future-uncertain-after-house-ethics-report-released\/\">Source link <\/a><\/p>","protected":false},"excerpt":{"rendered":"<p>(WSVN) &#8211; Depois do Comit\u00ea de \u00c9tica da C\u00e2mara divulgou seu relat\u00f3rio sobre o ex-deputado da Fl\u00f3rida Matt Gaetz, alguns est\u00e3o se perguntando o que vem por a\u00ed para o&hellip;<\/p>","protected":false},"author":1,"featured_media":81746,"comment_status":"closed","ping_status":"open","sticky":false,"template":"","format":"standard","meta":{"content-type":"","footnotes":""},"categories":[1],"tags":[],"class_list":["post-81745","post","type-post","status-publish","format-standard","has-post-thumbnail","hentry","category-uncategorized"],"_links":{"self":[{"href":"https:\/\/tvbrazilusa.com\/pt\/wp-json\/wp\/v2\/posts\/81745","targetHints":{"allow":["GET"]}}],"collection":[{"href":"https:\/\/tvbrazilusa.com\/pt\/wp-json\/wp\/v2\/posts"}],"about":[{"href":"https:\/\/tvbrazilusa.com\/pt\/wp-json\/wp\/v2\/types\/post"}],"author":[{"embeddable":true,"href":"https:\/\/tvbrazilusa.com\/pt\/wp-json\/wp\/v2\/users\/1"}],"replies":[{"embeddable":true,"href":"https:\/\/tvbrazilusa.com\/pt\/wp-json\/wp\/v2\/comments?post=81745"}],"version-history":[{"count":1,"href":"https:\/\/tvbrazilusa.com\/pt\/wp-json\/wp\/v2\/posts\/81745\/revisions"}],"predecessor-version":[{"id":81747,"href":"https:\/\/tvbrazilusa.com\/pt\/wp-json\/wp\/v2\/posts\/81745\/revisions\/81747"}],"wp:featuredmedia":[{"embeddable":true,"href":"https:\/\/tvbrazilusa.com\/pt\/wp-json\/wp\/v2\/media\/81746"}],"wp:attachment":[{"href":"https:\/\/tvbrazilusa.com\/pt\/wp-json\/wp\/v2\/media?parent=81745"}],"wp:term":[{"taxonomy":"category","embeddable":true,"href":"https:\/\/tvbrazilusa.com\/pt\/wp-json\/wp\/v2\/categories?post=81745"},{"taxonomy":"post_tag","embeddable":true,"href":"https:\/\/tvbrazilusa.com\/pt\/wp-json\/wp\/v2\/tags?post=81745"}],"curies":[{"name":"wp","href":"https:\/\/api.w.org\/{rel}","templated":true}]}}