{"id":81751,"date":"2024-12-24T00:30:16","date_gmt":"2024-12-24T00:30:16","guid":{"rendered":"https:\/\/tvbrazilusa.com\/2024\/12\/24\/pacientes-internadas-apos-queda-de-aviao-em-gramado-permanecem-em-estado-grave\/"},"modified":"2024-12-24T00:30:17","modified_gmt":"2024-12-24T00:30:17","slug":"pacientes-internadas-apos-queda-de-aviao-em-gramado-permanecem-em-estado-grave","status":"publish","type":"post","link":"https:\/\/tvbrazilusa.com\/pt\/2024\/12\/24\/pacientes-internadas-apos-queda-de-aviao-em-gramado-permanecem-em-estado-grave\/","title":{"rendered":"Pacientes internadas ap\u00f3s queda de avi\u00e3o em Gramado permanecem em estado grave"},"content":{"rendered":"<p> <script async src=\"https:\/\/pagead2.googlesyndication.com\/pagead\/js\/adsbygoogle.js?client=ca-pub-8864793242727901\"\r\n     crossorigin=\"anonymous\"><\/script><br \/>\n<\/p>\n<div id=\"taboola-read-more\" style=\"display:block; width:100%\">\n<p>Duas mulheres, de 51 e 56 anos, foram encaminhadas aos hospitais Cristo Redentor e de Pronto Socorro (HPS), na Capital, refer\u00eancias no Estado para tratamento de queimaduras severas. Apesar da gravidade dos ferimentos, suas condi\u00e7\u00f5es s\u00e3o consideradas est\u00e1veis\n<\/p>\n<p>Ap\u00f3s o acidente a\u00e9reo que aconteceu em Gramado no domingo (22), vitimando todas as 10 pessoas de uma fam\u00edlia a bordo de uma aeronave de pequeno porte que caiu, duas mulheres que sofreram queimaduras de segundo e terceiro grau em solo precisaram ser transferidas para Porto Alegre. As pacientes foram encaminhadas aos hospitais Cristo Redentor e de Pronto Socorro (HPS) ainda na tarde de domingo, e, nesta segunda-feira (23), seguem internadas em estado grave. Tanto o Cristo Redentor quanto o HPS s\u00e3o considerados centros de refer\u00eancia no Estado para o tratamento de pessoas que sofreram queimaduras severas.<\/p>\n<p>No Cristo Redentor, est\u00e1 uma paciente de 51 anos. Segundo os m\u00e9dicos, ela teve cerca de 30% do corpo queimado, principalmente na parte superior. Seu estado de sa\u00fade \u00e9 grave, mas \u00e9 considerado, no momento, est\u00e1vel.\n<\/p>\n<p>\u2014 Ela segue em estado grave. J\u00e1 chegou em estado grave, j\u00e1 em ventila\u00e7\u00e3o mec\u00e2nica, j\u00e1 com seda\u00e7\u00e3o, e ela vem se mantendo ainda nesse quadro, que \u00e9 esperado, inclusive, mas segue est\u00e1vel. Em estado grave, sempre est\u00e1 em risco, mas h\u00e1 uma expectativa positiva \u2014 afirma Fernanda Zanotto, gerente de interna\u00e7\u00e3o do Hospital Cristo Redentor.\n<\/p>\n<p>Tamb\u00e9m de acordo com Fernanda, a paciente tem les\u00f5es de segundo e terceiro graus. No momento, a estimativa \u00e9 de que ele fique pelo menos 30 dias na Unidade de Terapia Intensiva (UTI) do hospital, e ent\u00e3o continue recebendo cuidados na enfermaria, em leito de interna\u00e7\u00e3o para queimados.\n<\/p>\n<p>\u2014 Tem todo um protocolo de atendimento a les\u00f5es de queimadas, onde se faz a limpeza dessas queimaduras e reposi\u00e7\u00e3o h\u00eddrica, porque o paciente queimado perde muito l\u00edquido. Ent\u00e3o, o tratamento principal \u00e9 esse, ir tratando a queimadura com limpeza cir\u00fargica, curativos e repondo esses l\u00edquidos, al\u00e9m de ir controlando a press\u00e3o e a infec\u00e7\u00e3o \u2014 explica Fernanda.\n<\/p>\n<p>A outra ferida, de 56 anos, tem cerca de 43% da superf\u00edcie corporal queimada, o coordenador de enfermagem da UTI do HPS, Tiago Fontana. Ela tamb\u00e9m sofreu queimaduras de segundo e terceiro graus.\n<\/p>\n<p>\u2014 Com esses crit\u00e9rios, ela se enquadra em um quadro de alta complexidade e exige muitos cuidados. No momento, ela est\u00e1 est\u00e1vel, respirando sem a ajuda de aparelhos, mas ainda em cuidados cr\u00edticos, considerada em estado grave, porque \u00e9 uma paciente que est\u00e1 fazendo reposi\u00e7\u00e3o vol\u00eamica e que precisa de cuidados de terapia intensiva \u2014 relata Fontana.\n<\/p>\n<p>A paciente teve queimaduras nas pernas, nos bra\u00e7os, nas costas e no dorso. Diferentemente da pessoa internada no Cristo Redentor, n\u00e3o est\u00e1 sedada.\n<\/p>\n<p>\u2014 O tratamento agora \u00e9 com cuidados hemodin\u00e2micos, reposi\u00e7\u00e3o vol\u00eamica de soro, cuidados com a ferida, analgesia e avalia\u00e7\u00f5es di\u00e1rias da cirurgia pl\u00e1stica, da equipe da enfermagem, al\u00e9m das avalia\u00e7\u00f5es constantes do estado geral \u2014 refor\u00e7a Tiago, projetando ainda que a paciente pode ficar internada na UTI por um per\u00edodo entre 30 e 40 dias.\n<\/p>\n<p>Fonte: Gauchazh              <\/p>\n<\/div>\n<p><br \/>\n<br \/><a href=\"https:\/\/diariodobrasilnoticias.com.br\/noticia\/pacientes-internadas-apos-queda-de-aviao-em-gramado-permanecem-em-estado-grave-6769dd8ba5966\">Source link <\/a><\/p>","protected":false},"excerpt":{"rendered":"<p>Duas mulheres, de 51 e 56 anos, foram encaminhadas aos hospitais Cristo Redentor e de Pronto Socorro (HPS), na Capital, refer\u00eancias no Estado para tratamento de queimaduras severas. Apesar da&hellip;<\/p>","protected":false},"author":1,"featured_media":81752,"comment_status":"closed","ping_status":"open","sticky":false,"template":"","format":"standard","meta":{"content-type":"","footnotes":""},"categories":[16],"tags":[123,2448,5313,1267],"class_list":["post-81751","post","type-post","status-publish","format-standard","has-post-thumbnail","hentry","category-noticias","tag-brasil","tag-diario","tag-noticia","tag-noticias"],"_links":{"self":[{"href":"https:\/\/tvbrazilusa.com\/pt\/wp-json\/wp\/v2\/posts\/81751","targetHints":{"allow":["GET"]}}],"collection":[{"href":"https:\/\/tvbrazilusa.com\/pt\/wp-json\/wp\/v2\/posts"}],"about":[{"href":"https:\/\/tvbrazilusa.com\/pt\/wp-json\/wp\/v2\/types\/post"}],"author":[{"embeddable":true,"href":"https:\/\/tvbrazilusa.com\/pt\/wp-json\/wp\/v2\/users\/1"}],"replies":[{"embeddable":true,"href":"https:\/\/tvbrazilusa.com\/pt\/wp-json\/wp\/v2\/comments?post=81751"}],"version-history":[{"count":1,"href":"https:\/\/tvbrazilusa.com\/pt\/wp-json\/wp\/v2\/posts\/81751\/revisions"}],"predecessor-version":[{"id":81753,"href":"https:\/\/tvbrazilusa.com\/pt\/wp-json\/wp\/v2\/posts\/81751\/revisions\/81753"}],"wp:featuredmedia":[{"embeddable":true,"href":"https:\/\/tvbrazilusa.com\/pt\/wp-json\/wp\/v2\/media\/81752"}],"wp:attachment":[{"href":"https:\/\/tvbrazilusa.com\/pt\/wp-json\/wp\/v2\/media?parent=81751"}],"wp:term":[{"taxonomy":"category","embeddable":true,"href":"https:\/\/tvbrazilusa.com\/pt\/wp-json\/wp\/v2\/categories?post=81751"},{"taxonomy":"post_tag","embeddable":true,"href":"https:\/\/tvbrazilusa.com\/pt\/wp-json\/wp\/v2\/tags?post=81751"}],"curies":[{"name":"wp","href":"https:\/\/api.w.org\/{rel}","templated":true}]}}