{"id":81775,"date":"2024-12-24T01:24:46","date_gmt":"2024-12-24T01:24:46","guid":{"rendered":"https:\/\/tvbrazilusa.com\/2024\/12\/24\/promotores-retiram-recurso-de-caso-arquivado-contra-alec-baldwin-em-tiroteio-fatal-no-set-de-um-filme-wsvn-7news-noticias-de-miami-clima-esportes-fort-lauderdale\/"},"modified":"2024-12-24T01:25:04","modified_gmt":"2024-12-24T01:25:04","slug":"promotores-retiram-recurso-de-caso-arquivado-contra-alec-baldwin-em-tiroteio-fatal-no-set-de-um-filme-wsvn-7news-noticias-de-miami-clima-esportes-fort-lauderdale","status":"publish","type":"post","link":"https:\/\/tvbrazilusa.com\/pt\/2024\/12\/24\/promotores-retiram-recurso-de-caso-arquivado-contra-alec-baldwin-em-tiroteio-fatal-no-set-de-um-filme-wsvn-7news-noticias-de-miami-clima-esportes-fort-lauderdale\/","title":{"rendered":"Promotores retiram recurso de caso arquivado contra Alec Baldwin em tiroteio fatal no set de um filme &#8211; WSVN 7News | Not\u00edcias de Miami, clima, esportes | Fort Lauderdale"},"content":{"rendered":"<p> <script async src=\"https:\/\/pagead2.googlesyndication.com\/pagead\/js\/adsbygoogle.js?client=ca-pub-8864793242727901\"\r\n     crossorigin=\"anonymous\"><\/script><br \/>\n<\/p>\n<div itemprop=\"articleBody\">\n<p>SANTA FE, NM (AP) \u2013 Os promotores do Novo M\u00e9xico n\u00e3o v\u00e3o recorrer da decis\u00e3o de um tribunal de rejeitar uma acusa\u00e7\u00e3o de homic\u00eddio culposo contra Alec Baldwin no tiroteio fatal contra um diretor de fotografia no set de um filme de faroeste.<\/p>\n<p>A promotora especial Kari Morrissey retirou na segunda-feira o recurso de uma decis\u00e3o de julho no julgamento para rejeitar a acusa\u00e7\u00e3o. O promotor distrital de Santa F\u00e9 anunciou a mudan\u00e7a em um comunicado \u00e0 imprensa.<\/p>\n<p><em>Direitos autorais 2024 da Associated Press. Todos os direitos reservados. Este material n\u00e3o pode ser publicado, transmitido, reescrito ou redistribu\u00eddo.<\/em><\/p>\n<div class=\"wp-block-newsletter\">\n\t<strong class=\"wp-block-newsletter__title\">Cadastre-se em nosso boletim informativo para receber as \u00faltimas not\u00edcias diretamente em sua caixa de entrada<\/strong><\/p>\n<\/div><\/div>\n<p><br \/>\n<br \/><a href=\"https:\/\/wsvn.com\/entertainment\/prosecutors-withdraw-appeal-of-dismissed-case-against-alec-baldwin-in-fatal-movie-set-shooting\/\">Source link <\/a><\/p>","protected":false},"excerpt":{"rendered":"<p>SANTA FE, NM (AP) \u2013 Os promotores do Novo M\u00e9xico n\u00e3o v\u00e3o recorrer da decis\u00e3o de um tribunal de rejeitar uma acusa\u00e7\u00e3o de homic\u00eddio culposo contra Alec Baldwin no tiroteio&hellip;<\/p>","protected":false},"author":1,"featured_media":81776,"comment_status":"closed","ping_status":"open","sticky":false,"template":"","format":"standard","meta":{"content-type":"","footnotes":""},"categories":[1],"tags":[],"class_list":["post-81775","post","type-post","status-publish","format-standard","has-post-thumbnail","hentry","category-uncategorized"],"_links":{"self":[{"href":"https:\/\/tvbrazilusa.com\/pt\/wp-json\/wp\/v2\/posts\/81775","targetHints":{"allow":["GET"]}}],"collection":[{"href":"https:\/\/tvbrazilusa.com\/pt\/wp-json\/wp\/v2\/posts"}],"about":[{"href":"https:\/\/tvbrazilusa.com\/pt\/wp-json\/wp\/v2\/types\/post"}],"author":[{"embeddable":true,"href":"https:\/\/tvbrazilusa.com\/pt\/wp-json\/wp\/v2\/users\/1"}],"replies":[{"embeddable":true,"href":"https:\/\/tvbrazilusa.com\/pt\/wp-json\/wp\/v2\/comments?post=81775"}],"version-history":[{"count":1,"href":"https:\/\/tvbrazilusa.com\/pt\/wp-json\/wp\/v2\/posts\/81775\/revisions"}],"predecessor-version":[{"id":81777,"href":"https:\/\/tvbrazilusa.com\/pt\/wp-json\/wp\/v2\/posts\/81775\/revisions\/81777"}],"wp:featuredmedia":[{"embeddable":true,"href":"https:\/\/tvbrazilusa.com\/pt\/wp-json\/wp\/v2\/media\/81776"}],"wp:attachment":[{"href":"https:\/\/tvbrazilusa.com\/pt\/wp-json\/wp\/v2\/media?parent=81775"}],"wp:term":[{"taxonomy":"category","embeddable":true,"href":"https:\/\/tvbrazilusa.com\/pt\/wp-json\/wp\/v2\/categories?post=81775"},{"taxonomy":"post_tag","embeddable":true,"href":"https:\/\/tvbrazilusa.com\/pt\/wp-json\/wp\/v2\/tags?post=81775"}],"curies":[{"name":"wp","href":"https:\/\/api.w.org\/{rel}","templated":true}]}}