{"id":81798,"date":"2024-12-24T02:27:09","date_gmt":"2024-12-24T02:27:09","guid":{"rendered":"https:\/\/tvbrazilusa.com\/2024\/12\/24\/numero-de-mortos-na-queda-de-ponte-no-tocantins-chega-a-3\/"},"modified":"2024-12-24T02:27:11","modified_gmt":"2024-12-24T02:27:11","slug":"numero-de-mortos-na-queda-de-ponte-no-tocantins-chega-a-3","status":"publish","type":"post","link":"https:\/\/tvbrazilusa.com\/pt\/2024\/12\/24\/numero-de-mortos-na-queda-de-ponte-no-tocantins-chega-a-3\/","title":{"rendered":"N\u00famero de mortos na queda de ponte no Tocantins chega a 3"},"content":{"rendered":"<p> <script async src=\"https:\/\/pagead2.googlesyndication.com\/pagead\/js\/adsbygoogle.js?client=ca-pub-8864793242727901\"\r\n     crossorigin=\"anonymous\"><\/script><br \/>\n<\/p>\n<div id=\"taboola-read-more\" style=\"display:block; width:100%\">\n<p>Subiu para 3 o n\u00famero de mortos depois do desabamento da ponte Juscelino Kubitschek de Oliveira no domingo (22.dez.2024), que ligava o Maranh\u00e3o ao Tocantins. Outras 15 v\u00edtimas seguem desaparecidas \u2013dentre elas 2 crian\u00e7as, segundo o Corpo de Bombeiros do Tocantins. O acidente se deu na rodovia BR-226, sobre o rio Tocantins, em Estreito (MA).\n<\/p>\n<p>Um dos corpos encontrados \u00e9 o de Lorena Ribeiro Rodrigues, de 25 anos. Ela foi filmada passando de moto na ponte, segundos antes do desabamento. J\u00e1 um homem foi encontrado com vida na \u00e1gua. Ele fraturou a perna e foi encaminhado ao hospital.<\/p>\n<p>Depois do acidente da ponte, que tinha 533 metros e ligava Estreito (MA) a Aguiarn\u00f3polis (TO), autoridades locais e federais foram mobilizadas para as buscas. O Minist\u00e9rio dos Transportes iniciou investiga\u00e7\u00e3o para determinar as causas do desabamento. A estimativa \u00e9 que 8 ve\u00edculos ainda estejam submersos.\n<\/p>\n<p>Em entrevista a jornalistas, o ministro Renan Filho (Transportes) informou ter declarado estado de emerg\u00eancia e prometeu mais de R$ 100 milh\u00f5es para a reconstru\u00e7\u00e3o da ponte, com conclus\u00e3o prevista para 2025.\n<\/p>\n<p>\u201cQuero comunicar ao povo do Maranh\u00e3o, ao povo de Tocantins e ao povo brasileiro que precisa dessa infraestrutura para se deslocar, tanto do ponto de vista econ\u00f4mico quanto do ponto de vista social, que vamos, com a emerg\u00eancia decretada, contratar a reconstru\u00e7\u00e3o da ponte ainda no exerc\u00edcio de 2024\u201d, afirmou Renan Filho.\n<\/p>\n<p>Pouco antes do desabamento da ponte, o vereador de Aguiarn\u00f3polis Elias Junior (Republicanos) estava no local fazendo v\u00eddeos para mostrar a situa\u00e7\u00e3o da estrutura. Ele acabou registrando o momento exato em que o asfalto cedeu e rachou.\n<\/p>\n<p>Fonte: Poder 360              <\/p>\n<\/div>\n<p><br \/>\n<br \/><a href=\"https:\/\/diariodobrasilnoticias.com.br\/noticia\/numero-de-mortos-na-queda-de-ponte-no-tocantins-chega-a-3-6769dc87afa6f\">Source link <\/a><\/p>","protected":false},"excerpt":{"rendered":"<p>Subiu para 3 o n\u00famero de mortos depois do desabamento da ponte Juscelino Kubitschek de Oliveira no domingo (22.dez.2024), que ligava o Maranh\u00e3o ao Tocantins. Outras 15 v\u00edtimas seguem desaparecidas&hellip;<\/p>","protected":false},"author":1,"featured_media":81799,"comment_status":"closed","ping_status":"open","sticky":false,"template":"","format":"standard","meta":{"content-type":"","footnotes":""},"categories":[16],"tags":[123,2448,5313,1267],"class_list":["post-81798","post","type-post","status-publish","format-standard","has-post-thumbnail","hentry","category-noticias","tag-brasil","tag-diario","tag-noticia","tag-noticias"],"_links":{"self":[{"href":"https:\/\/tvbrazilusa.com\/pt\/wp-json\/wp\/v2\/posts\/81798","targetHints":{"allow":["GET"]}}],"collection":[{"href":"https:\/\/tvbrazilusa.com\/pt\/wp-json\/wp\/v2\/posts"}],"about":[{"href":"https:\/\/tvbrazilusa.com\/pt\/wp-json\/wp\/v2\/types\/post"}],"author":[{"embeddable":true,"href":"https:\/\/tvbrazilusa.com\/pt\/wp-json\/wp\/v2\/users\/1"}],"replies":[{"embeddable":true,"href":"https:\/\/tvbrazilusa.com\/pt\/wp-json\/wp\/v2\/comments?post=81798"}],"version-history":[{"count":1,"href":"https:\/\/tvbrazilusa.com\/pt\/wp-json\/wp\/v2\/posts\/81798\/revisions"}],"predecessor-version":[{"id":81800,"href":"https:\/\/tvbrazilusa.com\/pt\/wp-json\/wp\/v2\/posts\/81798\/revisions\/81800"}],"wp:featuredmedia":[{"embeddable":true,"href":"https:\/\/tvbrazilusa.com\/pt\/wp-json\/wp\/v2\/media\/81799"}],"wp:attachment":[{"href":"https:\/\/tvbrazilusa.com\/pt\/wp-json\/wp\/v2\/media?parent=81798"}],"wp:term":[{"taxonomy":"category","embeddable":true,"href":"https:\/\/tvbrazilusa.com\/pt\/wp-json\/wp\/v2\/categories?post=81798"},{"taxonomy":"post_tag","embeddable":true,"href":"https:\/\/tvbrazilusa.com\/pt\/wp-json\/wp\/v2\/tags?post=81798"}],"curies":[{"name":"wp","href":"https:\/\/api.w.org\/{rel}","templated":true}]}}