{"id":81807,"date":"2024-12-24T02:41:31","date_gmt":"2024-12-24T02:41:31","guid":{"rendered":"https:\/\/tvbrazilusa.com\/2024\/12\/24\/confira-a-aprovacao-de-lira-e-pacheco-entre-os-parlamentares\/"},"modified":"2024-12-24T02:41:32","modified_gmt":"2024-12-24T02:41:32","slug":"confira-a-aprovacao-de-lira-e-pacheco-entre-os-parlamentares","status":"publish","type":"post","link":"https:\/\/tvbrazilusa.com\/pt\/2024\/12\/24\/confira-a-aprovacao-de-lira-e-pacheco-entre-os-parlamentares\/","title":{"rendered":"Confira a aprova\u00e7\u00e3o de Lira e Pacheco entre os parlamentares"},"content":{"rendered":"<p> <script async src=\"https:\/\/pagead2.googlesyndication.com\/pagead\/js\/adsbygoogle.js?client=ca-pub-8864793242727901\"\r\n     crossorigin=\"anonymous\"><\/script><br \/>\n<\/p>\n<div id=\"taboola-read-more\" style=\"display:block; width:100%\">\n<p>O Ranking dos Pol\u00edticos publicou dados sobre a avalia\u00e7\u00e3o dos chefes do Legislativo por parte dos parlamentares. Arthur Lira (PP-AL), da C\u00e2mara, e Rodrigo Pacheco (PSD-MG), do Senado, que encerram suas gest\u00f5es em fevereiro de 2025, foram avaliados por seus colegas entre os dias 18 e 22 de novembro.\n<\/p>\n<p>A pesquisa foi realizada com base em question\u00e1rios aplicados a 130 parlamentares \u2013 108 deputados e 22 senadores, de 21 partidos diferentes.<\/p>\n<p>O Ranking dos Pol\u00edticos publicou dados sobre a avalia\u00e7\u00e3o dos chefes do Legislativo por parte dos parlamentares. Arthur Lira (PP-AL), da C\u00e2mara, e Rodrigo Pacheco (PSD-MG), do Senado, que encerram suas gest\u00f5es em fevereiro de 2025, foram avaliados por seus colegas entre os dias 18 e 22 de novembro.\n<\/p>\n<p>A pesquisa foi realizada com base em question\u00e1rios aplicados a 130 parlamentares \u2013 108 deputados e 22 senadores, de 21 partidos diferentes.\n<\/p>\n<p>Segundo o levantamento, Lira conta com ampla aprova\u00e7\u00e3o: 76,9% dos deputados consideram que sua gest\u00e3o \u00e9 \u201c\u00f3tima ou boa\u201d, enquanto 6,5% manifestaram cr\u00edticas \u00e0 sua condu\u00e7\u00e3o. Pacheco recebeu aprova\u00e7\u00e3o de 45,4% dos senadores, e a rejei\u00e7\u00e3o de 27,3%.\n<\/p>\n<p>Para os analistas do instituto, a menor popularidade de Pacheco reflete disputas entre partidos e a resist\u00eancia de setores oposicionistas em rela\u00e7\u00e3o \u00e0 sua atua\u00e7\u00e3o. A gest\u00e3o de Pacheco foi alvo de constantes cr\u00edticas de parlamentares por n\u00e3o pautar o impeachment do ministro Alexandre de Moraes ap\u00f3s pedido protocolado por 156 parlamentares e mais de 1,5 milh\u00e3o de cidad\u00e3os.\n<\/p>\n<p>Sucess\u00e3o\n<\/p>\n<p>Na C\u00e2mara, Hugo Motta (Republicanos-PB) surge como o principal nome para a presid\u00eancia ap\u00f3s conquistar o apoio de 18 partidos. Ele \u00e9 citado por 47,2% dos deputados como o preferido para o posto e teria, hoje, 71,3% dos votos, caso a elei\u00e7\u00e3o ocorresse.\n<\/p>\n<p>No Senado, Davi Alcolumbre (Uni\u00e3o-AP) lidera a corrida, com 77,3% dos parlamentares inclinados a apoi\u00e1-lo. Eduardo Gir\u00e3o (Novo-CE), que lan\u00e7ou candidatura recentemente, tamb\u00e9m entrou no p\u00e1reo. Nomes como Otto Alencar (PSD-BA) e Tereza Cristina (PP-MS) figuram entre as op\u00e7\u00f5es, mas com apoio mais t\u00edmido.\n<\/p>\n<p>Davi Alcolumbre j\u00e1 \u00e9 presidente do Senado na Austr\u00e1lia<br \/>Como mostramos, o favoritismo de Davi Alcolumbre, sucessor prov\u00e1vel de Pacheco j\u00e1 influencia as vota\u00e7\u00f5es no Congresso.\n<\/p>\n<p>Na tarde de quarta-feira, 19, o senador foi visto transitando pelos arredores da presid\u00eancia da C\u00e2mara ap\u00f3s deixar reuni\u00e3o com o presidente da Casa Baixa, Arthur Lira (PP-AL). O encontro, segundo a informa\u00e7\u00e3o de l\u00edderes da C\u00e2mara, tratou da finaliza\u00e7\u00e3o da vota\u00e7\u00e3o do pacote de corte de gastos pelas duas casas legislativas.\n<\/p>\n<p>Ap\u00f3s a presen\u00e7a do senador na C\u00e2mara, o plen\u00e1rio do Senado iniciou a vota\u00e7\u00e3o dos dispositivos do pacote de corte de gastos que j\u00e1 haviam sido aprovados pela Casa liderada por Lira.\n<\/p>\n<p>Fonte: O Antagonista              <\/p>\n<\/div>\n<p><br \/>\n<br \/><a href=\"https:\/\/diariodobrasilnoticias.com.br\/noticia\/confira-a-aprovacao-de-lira-e-pacheco-entre-os-parlamentares-6769e8a976de1\">Source link <\/a><\/p>","protected":false},"excerpt":{"rendered":"<p>O Ranking dos Pol\u00edticos publicou dados sobre a avalia\u00e7\u00e3o dos chefes do Legislativo por parte dos parlamentares. Arthur Lira (PP-AL), da C\u00e2mara, e Rodrigo Pacheco (PSD-MG), do Senado, que encerram&hellip;<\/p>","protected":false},"author":1,"featured_media":81808,"comment_status":"closed","ping_status":"open","sticky":false,"template":"","format":"standard","meta":{"content-type":"","footnotes":""},"categories":[16],"tags":[123,2448,5313,1267],"class_list":["post-81807","post","type-post","status-publish","format-standard","has-post-thumbnail","hentry","category-noticias","tag-brasil","tag-diario","tag-noticia","tag-noticias"],"_links":{"self":[{"href":"https:\/\/tvbrazilusa.com\/pt\/wp-json\/wp\/v2\/posts\/81807","targetHints":{"allow":["GET"]}}],"collection":[{"href":"https:\/\/tvbrazilusa.com\/pt\/wp-json\/wp\/v2\/posts"}],"about":[{"href":"https:\/\/tvbrazilusa.com\/pt\/wp-json\/wp\/v2\/types\/post"}],"author":[{"embeddable":true,"href":"https:\/\/tvbrazilusa.com\/pt\/wp-json\/wp\/v2\/users\/1"}],"replies":[{"embeddable":true,"href":"https:\/\/tvbrazilusa.com\/pt\/wp-json\/wp\/v2\/comments?post=81807"}],"version-history":[{"count":1,"href":"https:\/\/tvbrazilusa.com\/pt\/wp-json\/wp\/v2\/posts\/81807\/revisions"}],"predecessor-version":[{"id":81809,"href":"https:\/\/tvbrazilusa.com\/pt\/wp-json\/wp\/v2\/posts\/81807\/revisions\/81809"}],"wp:featuredmedia":[{"embeddable":true,"href":"https:\/\/tvbrazilusa.com\/pt\/wp-json\/wp\/v2\/media\/81808"}],"wp:attachment":[{"href":"https:\/\/tvbrazilusa.com\/pt\/wp-json\/wp\/v2\/media?parent=81807"}],"wp:term":[{"taxonomy":"category","embeddable":true,"href":"https:\/\/tvbrazilusa.com\/pt\/wp-json\/wp\/v2\/categories?post=81807"},{"taxonomy":"post_tag","embeddable":true,"href":"https:\/\/tvbrazilusa.com\/pt\/wp-json\/wp\/v2\/tags?post=81807"}],"curies":[{"name":"wp","href":"https:\/\/api.w.org\/{rel}","templated":true}]}}