{"id":81848,"date":"2024-12-24T04:56:40","date_gmt":"2024-12-24T04:56:40","guid":{"rendered":"https:\/\/tvbrazilusa.com\/2024\/12\/24\/o-que-kristaps-porzingis-disse-sobre-a-briga-que-levou-a-expulsao-de-goga-bitadze\/"},"modified":"2024-12-24T05:00:29","modified_gmt":"2024-12-24T05:00:29","slug":"o-que-kristaps-porzingis-disse-sobre-a-briga-que-levou-a-expulsao-de-goga-bitadze","status":"publish","type":"post","link":"https:\/\/tvbrazilusa.com\/pt\/2024\/12\/24\/o-que-kristaps-porzingis-disse-sobre-a-briga-que-levou-a-expulsao-de-goga-bitadze\/","title":{"rendered":"O que Kristaps Porzingis disse sobre a briga que levou \u00e0 expuls\u00e3o de Goga Bitadze"},"content":{"rendered":"<p> <script async src=\"https:\/\/pagead2.googlesyndication.com\/pagead\/js\/adsbygoogle.js?client=ca-pub-8864793242727901\"\r\n     crossorigin=\"anonymous\"><\/script><br \/>\n<\/p>\n<div id=\"\">\n<header class=\"m-article-header m-article-header--standard\">\n\t\t\t\t\t\t\t\t\t\t\t\t<span id=\"article-header-primary-term\"><br \/>\n\t\t\t\t\t\t\t\t<a class=\"a-term a-term--primary\" href=\"https:\/\/www.boston.com\/tag\/boston-celtics\/\"><\/p>\n<p>\t\t\t\t\t\t\t\tCeltas\t\t\t\t\t\t\t\t<\/a><br \/>\n\t\t\t\t\t\t\t<\/span><\/p>\n<h2 class=\"m-article-header__sub-headline\">\u201cBitadze veio de lado e meio que me empurrou e \u00e9 claro que reagi a isso.\u201d<\/h2>\n<figure class=\"a-photo m-article-header__photo\"><figcaption class=\"a-photo__caption\">\n<p>\tKristaps Porzingis, Jalen Suggs e Goga Bitadze brigaram na segunda-feira.<em> Foto de Julio Aguilar\/Getty Images<\/em>\t<\/figcaption><\/figure>\n<\/header>\n<p><a href=\"https:\/\/www.espn.com\/nba\/player\/_\/id\/4348700\/goga-bitadze\">Goga Bitadze<\/a> apertou as m\u00e3os, acenou em despedida e apertou a m\u00e3o de um colega de equipe como se pensasse <a href=\"https:\/\/www.boston.com\/sports\/boston-celtics\/2024\/12\/13\/kristaps-porzingis-celtics-big-stage-quotes-comments\/\">Kristaps Porzingis<\/a> seria expulso do jogo por suas a\u00e7\u00f5es. <\/p>\n<p>Eventualmente, as sobrancelhas do centro m\u00e1gico se levantaram quando ele percebeu que seria ele quem seria expulso do jogo. <\/p>\n<p>Porzingis trocou palavras com o armador do Orlando, Jalen Suggs, faltando 3:36 para o final do quarto per\u00edodo da derrota do Boston por 108-104 para o Magic. Ambos receberam faltas t\u00e9cnicas na jogada. <\/p>\n<figure class=\"wp-block-embed is-type-rich is-provider-twitter wp-block-embed-twitter\"\/>\n<p>Bitadze assistiu \u00e0 intera\u00e7\u00e3o, ergueu os bra\u00e7os e decidiu se inserir na situa\u00e7\u00e3o. Enquanto Suggs e Porzingis ficavam cara a cara, Bitadze se aproximou e colocou as m\u00e3os no centro de Boston. <\/p>\n<p>A briga foi interrompida rapidamente, quando Suggs e um treinador derrotaram Porzingis antes que ele pudesse revidar Bitadze. Porzingis minimizou a intera\u00e7\u00e3o ap\u00f3s o jogo.<\/p>\n<figure class=\"wp-block-embed is-type-rich is-provider-twitter wp-block-embed-twitter\"\/>\n<p>&#8220;Nada. Apenas competindo. Comecei a conversar um pouco\u201d, disse Porzingis. \u201cFicamos cara a cara e continuamos conversando e Bitadze veio de lado e meio que me empurrou e \u00e9 claro que reagi a isso. Apenas a\u00e7\u00e3o normal da NBA, um pouco. Nada s\u00e9rio, apenas competindo. Foi bom que ningu\u00e9m tenha sido expulso do nosso lado e continuamos jogando.\u201d <\/p>\n<p>Jaylen Brown classificou a derrota como um \u201cbom jogo de prepara\u00e7\u00e3o\u201d, observando a fisicalidade de Orlando e a resposta sem brilho dos Celtics a ela. Porzingis concordou, dizendo que Boston pode \u201c100%\u201d aprender algo com essa perda. <\/p>\n<p>\u201cAcho que poder\u00edamos ter ajustado um pouco mais cedo, sabendo que n\u00e3o havia muita coisa sendo chamada, e tamb\u00e9m podemos usar isso\u201d, disse Porzingis. \u201cTemos que estar preparados para isso ofensivamente, mas tamb\u00e9m podemos usar isso um pouco mais defensivamente se for esse tipo de jogo&#8230; mas no geral \u00e9 \u00f3timo jogar contra uma equipe como esta, que \u00e9 capaz de ter esse tipo de intensidade, esse tipo de fisicalidade em um jogo da temporada regular.<\/p>\n<p>Ambas as equipes estavam com falta de jogadores. O Celtics estava sem Jayson Tatum, que estava atrasado devido a uma doen\u00e7a n\u00e3o relacionada ao COVID. O Magic ficou sem Paolo Banchero e os dois irm\u00e3os Wagner.<\/p>\n<p>\u201cTiro o chap\u00e9u para eles e tiro o chap\u00e9u para (Jamahl) Mosely, seu treinador, que est\u00e1 colocando suas mentes e sua cultura assim para um jogo da temporada regular\u201d, disse Porzingis. \u201c\u00c9 realmente um \u00f3timo trabalho o que ele est\u00e1 fazendo l\u00e1. N\u00e3o \u00e9 f\u00e1cil de fazer e \u00e9 um time dif\u00edcil de jogar esta noite.\u201d<\/p>\n<div class=\"o-author-single has-avatar\">\n<header class=\"m-author-card\">\n<div class=\"a-image a-image--square m-author-card__image\">\n\t\t<img decoding=\"async\" class=\"\" src=\"https:\/\/www.boston.com\/wp-content\/uploads\/2024\/10\/cropped-Screen-Shot-2024-01-26-at-4.59.30-PM-6706db53ae1d7-6706dcbabfba0-242x242.png\" alt=\"Imagem do perfil de Khari A. Thompson\"\/>\t<\/div>\n<div class=\"m-author-card__text\">\n<h3 class=\"m-author-card__title\"><a href=\"https:\/\/www.boston.com\/author\/kharia-thompson\">Khari A. Thompson<\/a><\/h3>\n<p><span class=\"m-author-card__subtitle\">Rep\u00f3rter Esportivo<\/span>\t<\/div>\n<\/header>\n<section class=\"author-info\">\n<div class=\"m-author__section\">\n<p>Khari Thompson cobre esportes profissionais para Boston.com. Antes de ingressar no time em 2022, Khari cobriu futebol universit\u00e1rio para o The Clarion Ledger em Jackson, Mississipi.<\/p>\n<\/div>\n<\/section>\n<\/div>\n<div class=\"m-block m-generic-cta\t m-generic-cta--post-content\t m-generic-cta--dark\t m-generic-cta--homepage\t m-generic-cta--email-signup\t\t m-generic-cta-block-style--default \tt-amp__generic-cta\"><\/p>\n<div class=\"m-generic-cta__wrap\">\n<div class=\"m-generic-cta__content\">\n<h3 class=\"m-generic-cta__title\">Inscreva-se para receber atualiza\u00e7\u00f5es do Celtics\ud83c\udfc0<\/h3>\n<p class=\"m-generic-cta__subtitle\">Receba as \u00faltimas not\u00edcias e an\u00e1lises em sua caixa de entrada durante a temporada de basquete.<\/p>\n<\/p><\/div>\n<\/p><\/div>\n<\/div><\/div>\n<p><script>\n\t\tvar consent=\"grant\";\n\t\t\/* The above code is parsing the JSON data from the local storage and storing it in a variable. *\/\n\t\t\t\t\tconst onetrustStorageConsent = JSON.parse(localStorage.getItem( 'consent_one_trust_bdc' ) );\n\t\t\tif ( ( onetrustStorageConsent !== null ) ) {\n\t\t\t\t\/* Checking to see if the user has consented to the use of cookies.\n\t\t\t\t* If they have not, it is deleting the cookie.\n\t\t\t\t* This will comment for now, until further notice.\n\t\t\t\t*\/\n\t\t\t\t\/\/if ( onetrustStorageConsent.C0002 === false ) {\n\t\t\t\t\/\/\tdocument.cookie=\"_fbp=;expires=Thu, 01 Jan 2010 00:00:00 UTC; path=\/; domain=.boston.com\";\n\t\t\t\t\/\/}\n\t\t\t\t\/* Checking if the user has given consent for the cookie C0002.\n\t\t\t\t* If the user has given consent, the variable consent will be set to 'grant'.\n\t\t\t\t* If the user has not given consent,the variable consent will be set to 'revoke'.\n\t\t\t\t* Documentation https:\/\/developers.facebook.com\/docs\/meta-pixel\/implementation\/gdpr\n\t\t\t\t*\/\n\t\t\t\tif ( onetrustStorageConsent.C0002 !== true ) {\n\t\t\t\t\tconsent=\"revoke\";\n\t\t\t\t}\n\t\t\t}\n\t\t\t\t!function(f,b,e,v,n,t,s)\n\t\t{if(f.fbq)return;n=f.fbq=function(){n.callMethod?\n\t\tn.callMethod.apply(n,arguments):n.queue.push(arguments)};\n\t\tif(!f._fbq)f._fbq=n;n.push=n;n.loaded=!0;n.version='2.0';\n\t\tn.queue=[];t=b.createElement(e);t.async=!0;\n\t\tt.src=v;s=b.getElementsByTagName(e)[0];\n\t\ts.parentNode.insertBefore(t,s)}(window, document,'script',\n\t\t'https:\/\/connect.facebook.net\/en_US\/fbevents.js');\n\t\tfbq('consent', consent);\n\t\tfbq('init', '989222871864976');\n\t\tfbq('track', 'PageView');\n\t<\/script><script type=\"module\">\n\t\tvar consent=\"grant\";\n\t\t\/* The above code is parsing the JSON data from the local storage and storing it in a variable. *\/\n\t\t\tconst onetrustStorageConsent = JSON.parse(localStorage.getItem( 'consent_one_trust_bdc' ) );\n\t\t\t\/* Checking to see if the user has consented to the use of cookies.\n\t\t\t* If they have not, it is deleting the cookie.\n\t\t\t* This will comment for now, until further notice.\n\t\t\t*\/\n\t\t\t\/\/if ( onetrustStorageConsent.C0002 === false ) {\n\t\t\t\/\/\tdocument.cookie=\"_fbp=;expires=Thu, 01 Jan 2010 00:00:00 UTC; path=\/; domain=.boston.com\";\n\t\t\t\/\/}\n\t\t\t\/* Checking if the user has given consent for the cookie C0002.\n\t\t\t* If the user has given consent, the variable consent will be set to 'grant'.\n\t\t\t* If the user has not given consent,the variable consent will be set to 'revoke'.\n\t\t\t* Documentation https:\/\/developers.facebook.com\/docs\/meta-pixel\/implementation\/gdpr\n\t\t\t*\/\n\t\t\tif ( ( onetrustStorageConsent !== null ) && (onetrustStorageConsent.C0002 !== true ) ) {\n\t\t\t\tconsent=\"revoke\";\n\t\t\t}\n\t\t\t\t!function(f,b,e,v,n,t,s){if(f.fbq)return;n=f.fbq=function()\n\t\t{n.callMethod? n.callMethod.apply(n,arguments):n.queue.push(arguments)}\n\t\t;if(!f._fbq)f._fbq=n;\n\t\tn.push=n;n.loaded=!0;n.version='2.0';n.queue=[];t=b.createElement(e);t.async=!0;\n\t\tt.src=v;s=b.getElementsByTagName(e)[0];s.parentNode.insertBefore(t,s)}(window,\n\t\tdocument,'script','https:\/\/connect.facebook.net\/en_US\/fbevents.js');\n\t\tfbq('consent', consent);\n\t\tfbq('init', '813236348753005');\n\t\tfbq('track', \"PageView\");\n\t<\/script><br \/>\n<br \/><br \/>\n<br \/><a href=\"https:\/\/www.boston.com\/sports\/boston-celtics\/2024\/12\/23\/kristaps-porzingis-goga-bitadze-altercation-ejection-comments-quotes\/\">Source link <\/a><\/p>","protected":false},"excerpt":{"rendered":"<p>Celtas \u201cBitadze veio de lado e meio que me empurrou e \u00e9 claro que reagi a isso.\u201d Kristaps Porzingis, Jalen Suggs e Goga Bitadze brigaram na segunda-feira. Foto de Julio&hellip;<\/p>","protected":false},"author":1,"featured_media":81849,"comment_status":"closed","ping_status":"open","sticky":false,"template":"","format":"standard","meta":{"content-type":"","footnotes":""},"categories":[1],"tags":[],"class_list":["post-81848","post","type-post","status-publish","format-standard","has-post-thumbnail","hentry","category-uncategorized"],"_links":{"self":[{"href":"https:\/\/tvbrazilusa.com\/pt\/wp-json\/wp\/v2\/posts\/81848","targetHints":{"allow":["GET"]}}],"collection":[{"href":"https:\/\/tvbrazilusa.com\/pt\/wp-json\/wp\/v2\/posts"}],"about":[{"href":"https:\/\/tvbrazilusa.com\/pt\/wp-json\/wp\/v2\/types\/post"}],"author":[{"embeddable":true,"href":"https:\/\/tvbrazilusa.com\/pt\/wp-json\/wp\/v2\/users\/1"}],"replies":[{"embeddable":true,"href":"https:\/\/tvbrazilusa.com\/pt\/wp-json\/wp\/v2\/comments?post=81848"}],"version-history":[{"count":1,"href":"https:\/\/tvbrazilusa.com\/pt\/wp-json\/wp\/v2\/posts\/81848\/revisions"}],"predecessor-version":[{"id":81850,"href":"https:\/\/tvbrazilusa.com\/pt\/wp-json\/wp\/v2\/posts\/81848\/revisions\/81850"}],"wp:featuredmedia":[{"embeddable":true,"href":"https:\/\/tvbrazilusa.com\/pt\/wp-json\/wp\/v2\/media\/81849"}],"wp:attachment":[{"href":"https:\/\/tvbrazilusa.com\/pt\/wp-json\/wp\/v2\/media?parent=81848"}],"wp:term":[{"taxonomy":"category","embeddable":true,"href":"https:\/\/tvbrazilusa.com\/pt\/wp-json\/wp\/v2\/categories?post=81848"},{"taxonomy":"post_tag","embeddable":true,"href":"https:\/\/tvbrazilusa.com\/pt\/wp-json\/wp\/v2\/tags?post=81848"}],"curies":[{"name":"wp","href":"https:\/\/api.w.org\/{rel}","templated":true}]}}