{"id":81867,"date":"2024-12-24T10:09:24","date_gmt":"2024-12-24T10:09:24","guid":{"rendered":"https:\/\/tvbrazilusa.com\/2024\/12\/24\/chefe-do-dnit-responsavel-pela-ponte-que-caiu-ja-foi-detido-por-corrupcao\/"},"modified":"2024-12-24T10:09:26","modified_gmt":"2024-12-24T10:09:26","slug":"chefe-do-dnit-responsavel-pela-ponte-que-caiu-ja-foi-detido-por-corrupcao","status":"publish","type":"post","link":"https:\/\/tvbrazilusa.com\/pt\/2024\/12\/24\/chefe-do-dnit-responsavel-pela-ponte-que-caiu-ja-foi-detido-por-corrupcao\/","title":{"rendered":"Chefe do Dnit, respons\u00e1vel pela ponte que caiu, j\u00e1 foi detido por corrup\u00e7\u00e3o"},"content":{"rendered":"<p> <script async src=\"https:\/\/pagead2.googlesyndication.com\/pagead\/js\/adsbygoogle.js?client=ca-pub-8864793242727901\"\r\n     crossorigin=\"anonymous\"><\/script><br \/>\n<\/p>\n<div id=\"taboola-read-more\" style=\"display:block; width:100%\">\n<p>O desabamento da ponte Juscelino Kubitschek de Oliveira, conhecida como Ponte de Estreito, sobre o Rio Tocantins na divisa com o Maranh\u00e3o, neste domingo (22), \u00e9 o que se costuma descrever com o clich\u00ea &#8220;uma trag\u00e9dia anunciada&#8221;. N\u00e3o faltaram avisos de que as condi\u00e7\u00f5es estruturais da ponte eram deplor\u00e1veis. Moradores vinham fazendo den\u00fancias regularmente nas redes sociais. No momento do desabamento, um vereador estava justamente gravando um v\u00eddeo para mostrar rachaduras na entrada da ponte. Quando uma estrutura desse porte, com 533 metros de extens\u00e3o, e constru\u00edda tantas d\u00e9cadas atr\u00e1s, desmorona, levando ao leito do rio quatro caminh\u00f5es, tr\u00eas carros e tr\u00eas motocicletas, s\u00f3 existe uma explica\u00e7\u00e3o poss\u00edvel: falta de manuten\u00e7\u00e3o.\n<\/p>\n<p>O ministro dos Transportes, Renan Filho, e parlamentares da regi\u00e3o apareceram para falar dos esfor\u00e7os de resgate e da promessa de reconstruir rapidamente a ponte. Mas onde estavam todos eles antes, quando os moradores denunciavam as condi\u00e7\u00f5es prec\u00e1rias da ponte? Tamb\u00e9m n\u00e3o h\u00e1 ningu\u00e9m falando de apurar a responsabilidade por essa trag\u00e9dia anunciada.<\/p>\n<p>Quando uma estrutura desse porte, com 533 metros de extens\u00e3o, e constru\u00edda tantas d\u00e9cadas atr\u00e1s, desmorona, levando ao leito do rio quatro caminh\u00f5es, tr\u00eas carros e tr\u00eas motocicletas, s\u00f3 existe uma explica\u00e7\u00e3o poss\u00edvel: falta de manuten\u00e7\u00e3o\n<\/p>\n<p>A pergunta pode come\u00e7ar a ser feita ao pr\u00f3prio ministro dos Transportes e aos gestores que cuidam da conserva\u00e7\u00e3o das rodovias federais. A responsabilidade \u00e9, acima de tudo, do governo federal e, mais especificamente, do Departamento Nacional de Infraestrutura de Transportes (Dnit), que \u00e9 dividido em superintend\u00eancias com a miss\u00e3o de cuidar dos trechos das estradas sob as compet\u00eancias regionais.\n<\/p>\n<p>Como a ponte fica na divisa entre dois estados, surgiu num primeiro momento uma d\u00favida sobre qual das superintend\u00eancias responderia pelo caso. Neste domingo, o Dnit de Maranh\u00e3o divulgou nota afirmando que a manuten\u00e7\u00e3o da ponte cabe ao Dnit do Tocantins.\n<\/p>\n<p>O superintendente do Dnit do Tocantins \u00e9 Renan Bezerra de Melo, com ampla experi\u00eancia em gest\u00e3o p\u00fablica de infraestrutura de transportes. O curr\u00edculo de Melo no site do Dnit informa que ele foi superintendente de opera\u00e7\u00e3o e conserva\u00e7\u00e3o de rodovias e coordenador de resid\u00eancias rodovi\u00e1rias da Agencia de Transporte e Obras P\u00fablicas do Tocantins (AGETO-TO), diretor regional do Departamento Estradas de Rodagem do Tocantins (DERTINS) e vice-presidente do Conselho Estadual de Tr\u00e2nsito do Estado do Tocantins (CETRAN-TO). Ou seja, Melo j\u00e1 teve diferentes cargos em \u00f3rg\u00e3os do setor de obras e transportes do Tocantins. Mas o que o site do Dnit n\u00e3o fala \u00e9 das acusa\u00e7\u00f5es de corrup\u00e7\u00e3o que ele j\u00e1 enfrentou no passado.\n<\/p>\n<p>Em 2017, Renan Bezerra de Melo foi preso pela Pol\u00edcia Federal (PF) na Opera\u00e7\u00e3o \u00c1pia, que investigava fraudes em licita\u00e7\u00f5es e em contratos de obras com suspeitas de desvios de mais de 200 milh\u00f5es de reais do BNDES. A opera\u00e7\u00e3o resultou em den\u00fancia do Minist\u00e9rio P\u00fablico Federal contra os ex-governadores Jos\u00e9 Wilson Siqueira Campos e Sandoval Cardoso, o deputado Jos\u00e9 Eduardo Siqueira Campos, o ex-secret\u00e1rio de Infraestrutura do Tocantins, Alvicto Ozores Nogueira, o empres\u00e1rio Wilmar Oliveira Bastos e Renan Bezerra de Melo, na \u00e9poca ocupando o cargo de superintendente na AGETO, por peculato, corrup\u00e7\u00e3o passiva, crime do colarinho branco e lavagem de dinheiro.\n<\/p>\n<p>Em 2020, o juiz federal do caso decidiu dar baixa no processo no \u00e2mbito criminal e envi\u00e1-lo para a Justi\u00e7a Eleitoral, por entender que o dinheiro supostamente desviado serviu para financiar ilegalmente campanhas eleitorais. O caso est\u00e1 no Tribunal Regional Eleitoral do Tocantins e Renan Bezerra de Melo, o atual superintendente do Dnit do Tocantins, segue sendo um dos r\u00e9us.\n<\/p>\n<p>Melo foi nomeado pelo governo Lula para o cargo de superintendente do Dnit do Tocantins em 2023. Segundo a imprensa local, ele teria sido indicado para a fun\u00e7\u00e3o pelo deputado federal Ricardo Ayres (Republicanos-TO). Apesar de ser de um partido que integra aliados do ex-presidente Jair Bolsonaro, Ayres pertence \u00e0 base aliada do governo. Costuma postar orgulhoso fotos ao lado de Lula em seus perfis nas redes sociais.\n<\/p>\n<div>\n<p class=\"postParagraph_post-paragraph__juWZN\">O deputado reagiu com consterna\u00e7\u00e3o \u00e0 queda da ponte. Ele escreveu o seguinte na rede social X: \u201cAcompanhamos com grande preocupa\u00e7\u00e3o as not\u00edcias sobre o desabamento da ponte do Estreito, localizada na divisa entre o Tocantins e o Maranh\u00e3o. Essa trag\u00e9dia evidencia a urg\u00eancia de uma an\u00e1lise aprofundada das condi\u00e7\u00f5es das estruturas que conectam nossas regi\u00f5es\u201d.\n<\/p>\n<\/div>\n<div>\n<p class=\"postParagraph_post-paragraph__juWZN\">Seria muito importante aproveitar e fazer tamb\u00e9m uma an\u00e1lise profunda das responsabilidades pela falta de manuten\u00e7\u00e3o da Ponte de Estreito, cujo desabamento j\u00e1 resultou em duas mortes confirmadas e ao desaparecimento de doze pessoas.\n<\/p>\n<p class=\"postParagraph_post-paragraph__juWZN\">\u00a0\n<\/p>\n<p class=\"postParagraph_post-paragraph__juWZN\">Fonte: Gazeta do Povo\n<\/p>\n<\/div><\/div>\n<p><br \/>\n<br \/><a href=\"https:\/\/diariodobrasilnoticias.com.br\/noticia\/chefe-do-dnit-responsavel-pela-ponte-que-caiu-ja-foi-detido-por-corrupcao-676a862cafc13\">Source link <\/a><\/p>","protected":false},"excerpt":{"rendered":"<p>O desabamento da ponte Juscelino Kubitschek de Oliveira, conhecida como Ponte de Estreito, sobre o Rio Tocantins na divisa com o Maranh\u00e3o, neste domingo (22), \u00e9 o que se costuma&hellip;<\/p>","protected":false},"author":1,"featured_media":81868,"comment_status":"closed","ping_status":"open","sticky":false,"template":"","format":"standard","meta":{"content-type":"","footnotes":""},"categories":[16],"tags":[123,2448,5313,1267],"class_list":["post-81867","post","type-post","status-publish","format-standard","has-post-thumbnail","hentry","category-noticias","tag-brasil","tag-diario","tag-noticia","tag-noticias"],"_links":{"self":[{"href":"https:\/\/tvbrazilusa.com\/pt\/wp-json\/wp\/v2\/posts\/81867","targetHints":{"allow":["GET"]}}],"collection":[{"href":"https:\/\/tvbrazilusa.com\/pt\/wp-json\/wp\/v2\/posts"}],"about":[{"href":"https:\/\/tvbrazilusa.com\/pt\/wp-json\/wp\/v2\/types\/post"}],"author":[{"embeddable":true,"href":"https:\/\/tvbrazilusa.com\/pt\/wp-json\/wp\/v2\/users\/1"}],"replies":[{"embeddable":true,"href":"https:\/\/tvbrazilusa.com\/pt\/wp-json\/wp\/v2\/comments?post=81867"}],"version-history":[{"count":1,"href":"https:\/\/tvbrazilusa.com\/pt\/wp-json\/wp\/v2\/posts\/81867\/revisions"}],"predecessor-version":[{"id":81869,"href":"https:\/\/tvbrazilusa.com\/pt\/wp-json\/wp\/v2\/posts\/81867\/revisions\/81869"}],"wp:featuredmedia":[{"embeddable":true,"href":"https:\/\/tvbrazilusa.com\/pt\/wp-json\/wp\/v2\/media\/81868"}],"wp:attachment":[{"href":"https:\/\/tvbrazilusa.com\/pt\/wp-json\/wp\/v2\/media?parent=81867"}],"wp:term":[{"taxonomy":"category","embeddable":true,"href":"https:\/\/tvbrazilusa.com\/pt\/wp-json\/wp\/v2\/categories?post=81867"},{"taxonomy":"post_tag","embeddable":true,"href":"https:\/\/tvbrazilusa.com\/pt\/wp-json\/wp\/v2\/tags?post=81867"}],"curies":[{"name":"wp","href":"https:\/\/api.w.org\/{rel}","templated":true}]}}