{"id":81870,"date":"2024-12-24T10:12:43","date_gmt":"2024-12-24T10:12:43","guid":{"rendered":"https:\/\/tvbrazilusa.com\/2024\/12\/24\/%f0%9f%8c%b1-servicos-leetran-estendidos-para-a-vespera-de-ano-novo\/"},"modified":"2024-12-24T10:17:42","modified_gmt":"2024-12-24T10:17:42","slug":"%f0%9f%8c%b1-servicos-leetran-estendidos-para-a-vespera-de-ano-novo","status":"publish","type":"post","link":"https:\/\/tvbrazilusa.com\/pt\/2024\/12\/24\/%f0%9f%8c%b1-servicos-leetran-estendidos-para-a-vespera-de-ano-novo\/","title":{"rendered":"\ud83c\udf31 Servi\u00e7os LeeTran estendidos para a v\u00e9spera de Ano Novo"},"content":{"rendered":"<p> <script async src=\"https:\/\/pagead2.googlesyndication.com\/pagead\/js\/adsbygoogle.js?client=ca-pub-8864793242727901\"\r\n     crossorigin=\"anonymous\"><\/script><br \/>\n<\/p>\n<div>\n<p>\u2615\ufe0f\ufe0fBom dia Fort Myers! Estamos aqui novamente com o que voc\u00ea precisa saber hoje. Pegue uma x\u00edcara de caf\u00e9 e continue lendo. <strong>No boletim informativo de hoje:<\/strong><\/p>\n<\/div>\n<div>\n<ul>\n<li>Servi\u00e7os LeeTran estendidos para a v\u00e9spera de Ano Novo<\/li>\n<li>A paix\u00e3o do jornalista pela educa\u00e7\u00e3o sobre o Holocausto registrada em Fort Myers<\/li>\n<li>A visita m\u00e1gica do Papai Noel inspira estudantes<\/li>\n<\/ul>\n<p>Tamb\u00e9m no calend\u00e1rio de hoje: <strong>Acampamento de Arquitetura e Design<\/strong> e 12 outros eventos.<\/p>\n<p><em>Enigma de hoje:<\/em> Por que o leopardo n\u00e3o brincava de esconde-esconde? \ud83e\udd14 Continue lendo para descobrir.<\/p>\n<\/div>\n<div>\n<hr\/>\n<p> <a href=\"https:\/\/patch.com\/florida\/fort-myers\/weather\"><strong>Previs\u00e3o do tempo:<\/strong><\/a> <\/p>\n<ul>\n<li class=\"sans\"><strong>Ter\u00e7a-feira:<\/strong> Nuvens quebrando para algum sol, com m\u00e1xima de 79 e m\u00ednima de 59 graus. <\/li>\n<li class=\"sans\"><strong>Quarta-feira:<\/strong> Uma chuva passageira \u00e0 tarde, temperatura: alta: 78, baixa: 64. <\/li>\n<li class=\"sans\"><strong>Quinta-feira:<\/strong> Uma ou duas chuvas passageiras, com m\u00e1xima de 81 e m\u00ednima de 64 graus. <\/li>\n<\/ul>\n<hr\/>\n<h4>\ud83d\udcf0 <strong>Not\u00edcias que estamos lendo<\/strong><\/h4>\n<p><b>1. LeeTran fornecer\u00e1 servi\u00e7os estendidos de v\u00e9spera de Ano Novo para o centro de Fort Myers e Fort Myers Beach<\/b> (<a href=\"http:\/\/www.northfortmyersneighbor.com\/2024\/12\/23\/leetran-to-provide-extended-new-years-eve-services-for-downtown-fort-myers-and-fort-myers-beach\" target=\"_blank\" rel=\"nofollow\">northfortmyersneighbor. com<\/a>) \u2013 LeeTran est\u00e1 estendendo seus servi\u00e7os de transporte no centro de Fort Myers e Fort Myers Beach para a v\u00e9spera de Ano Novo, garantindo viagens seguras e convenientes para celebra\u00e7\u00f5es festivas. Os servi\u00e7os incluem opera\u00e7\u00f5es estendidas de bonde e bonde at\u00e9 1h <br \/><a href=\"https:\/\/fort-myers-fl.patch.am\/rate-item?d=u&#038;h=eyJsb2MiOiI3NjkyIiwic291cmNlIjoibm9ydGhmb3J0bXllcnNuZWlnaGJvci5jb20iLCJ0aXRsZSI6IkxlZVRyYW4gdG8gcHJvdmlkZSBleHRlbmRlZCBOZXcgWWVhcidzIEV2ZSBzZXJ2aWNlcyBmb3IgZG93bnRvd24gRm9ydCBNeWVycyBhbmQgRm9ydCBNeWVycyBCZWFjaCIsInVybCI6Imh0dHA6XC9cL3d3dy5ub3J0aGZvcnRteWVyc25laWdoYm9yLmNvbVwvMjAyNFwvMTJcLzIzXC9sZWV0cmFuLXRvLXByb3ZpZGUtZXh0ZW5kZWQtbmV3LXllYXJzLWV2ZS1zZXJ2aWNlcy1mb3ItZG93bnRvd24tZm9ydC1teWVycy1hbmQtZm9ydC1teWVycy1iZWFjaCIsImFydGlkIjoiYTVlYmZlZTQ5NGJiZTc0YmRhODUyZjZjYzgzNzY3YTEifQ==\" target=\"_blank\" rel=\"nofollow\"><\/a>   <a href=\"https:\/\/fort-myers-fl.patch.am\/rate-item?d=d&#038;h=eyJsb2MiOiI3NjkyIiwic291cmNlIjoibm9ydGhmb3J0bXllcnNuZWlnaGJvci5jb20iLCJ0aXRsZSI6IkxlZVRyYW4gdG8gcHJvdmlkZSBleHRlbmRlZCBOZXcgWWVhcidzIEV2ZSBzZXJ2aWNlcyBmb3IgZG93bnRvd24gRm9ydCBNeWVycyBhbmQgRm9ydCBNeWVycyBCZWFjaCIsInVybCI6Imh0dHA6XC9cL3d3dy5ub3J0aGZvcnRteWVyc25laWdoYm9yLmNvbVwvMjAyNFwvMTJcLzIzXC9sZWV0cmFuLXRvLXByb3ZpZGUtZXh0ZW5kZWQtbmV3LXllYXJzLWV2ZS1zZXJ2aWNlcy1mb3ItZG93bnRvd24tZm9ydC1teWVycy1hbmQtZm9ydC1teWVycy1iZWFjaCIsImFydGlkIjoiYTVlYmZlZTQ5NGJiZTc0YmRhODUyZjZjYzgzNzY3YTEifQ==\" target=\"_blank\" rel=\"nofollow\"><img decoding=\"async\" class=\"thumbs\" width=\"16\" height=\"16\" src=\"https:\/\/patch.com\/img\/cdn\/assets\/layout\/thumb_down_16x16.png\" data-sizes=\"(min-width: 780px) 726px, 100vw\" srcset=\"https:\/\/patch.com\/img\/cdn\/assets\/layout\/thumb_down_16x16.png?width=640 640w, https:\/\/patch.com\/img\/cdn\/assets\/layout\/thumb_down_16x16.png?width=726 726w\"\/><\/a><\/p>\n<\/div>\n<div>\n<p><b>2. StoryCorps Fort Myers: Uma jornalista fala sobre sua paix\u00e3o pelo Holocausto e pela educa\u00e7\u00e3o anti\u00f3dio<\/b> (<a href=\"https:\/\/news.wgcu.org\/top-story\/2024-12-23\/storycorps-fort-myers-a-journalist-talks-about-her-passion-for-holocaust-and-anti-hate-education\" target=\"_blank\" rel=\"nofollow\">wgcu.org<\/a>) \u2014 Ella Nayor compartilha sua jornada no jornalismo e sua dedica\u00e7\u00e3o ao Holocausto e \u00e0 educa\u00e7\u00e3o anti\u00f3dio em uma conversa do StoryCorps gravada em Fort Myers. O seu trabalho visa homenagear o Holocausto, abordando quest\u00f5es atuais de opress\u00e3o e genoc\u00eddio. <br \/><a href=\"https:\/\/fort-myers-fl.patch.am\/rate-item?d=u&#038;h=eyJsb2MiOiI3NjkyIiwic291cmNlIjoid2djdS5vcmciLCJ0aXRsZSI6IlN0b3J5Q29ycHMgRm9ydCBNeWVyczogQSBqb3VybmFsaXN0IHRhbGtzIGFib3V0IGhlciBwYXNzaW9uIGZvciBIb2xvY2F1c3QgYW5kIGFudGktaGF0ZSBlZHVjYXRpb24iLCJ1cmwiOiJodHRwczpcL1wvbmV3cy53Z2N1Lm9yZ1wvdG9wLXN0b3J5XC8yMDI0LTEyLTIzXC9zdG9yeWNvcnBzLWZvcnQtbXllcnMtYS1qb3VybmFsaXN0LXRhbGtzLWFib3V0LWhlci1wYXNzaW9uLWZvci1ob2xvY2F1c3QtYW5kLWFudGktaGF0ZS1lZHVjYXRpb24iLCJhcnRpZCI6ImFhNjE1MjdmM2YzNDMwNGNmNjFjODg4ZjE5ZjViN2Q1In0=\" target=\"_blank\" rel=\"nofollow\"><img decoding=\"async\" class=\"thumbs\" width=\"16\" height=\"16\" src=\"https:\/\/patch.com\/img\/cdn\/assets\/layout\/thumb_up_16x16.png\" data-rel=\"penci-gallery-image-content\"  data-sizes=\"(min-width: 780px) 726px, 100vw\" srcset=\"https:\/\/patch.com\/img\/cdn\/assets\/layout\/thumb_up_16x16.png?width=640 640w, https:\/\/patch.com\/img\/cdn\/assets\/layout\/thumb_up_16x16.png?width=726 726w\"\/><\/a>   <a href=\"https:\/\/fort-myers-fl.patch.am\/rate-item?d=d&#038;h=eyJsb2MiOiI3NjkyIiwic291cmNlIjoid2djdS5vcmciLCJ0aXRsZSI6IlN0b3J5Q29ycHMgRm9ydCBNeWVyczogQSBqb3VybmFsaXN0IHRhbGtzIGFib3V0IGhlciBwYXNzaW9uIGZvciBIb2xvY2F1c3QgYW5kIGFudGktaGF0ZSBlZHVjYXRpb24iLCJ1cmwiOiJodHRwczpcL1wvbmV3cy53Z2N1Lm9yZ1wvdG9wLXN0b3J5XC8yMDI0LTEyLTIzXC9zdG9yeWNvcnBzLWZvcnQtbXllcnMtYS1qb3VybmFsaXN0LXRhbGtzLWFib3V0LWhlci1wYXNzaW9uLWZvci1ob2xvY2F1c3QtYW5kLWFudGktaGF0ZS1lZHVjYXRpb24iLCJhcnRpZCI6ImFhNjE1MjdmM2YzNDMwNGNmNjFjODg4ZjE5ZjViN2Q1In0=\" target=\"_blank\" rel=\"nofollow\"><img decoding=\"async\" class=\"thumbs\" width=\"16\" height=\"16\" src=\"https:\/\/patch.com\/img\/cdn\/assets\/layout\/thumb_down_16x16.png\" data-sizes=\"(min-width: 780px) 726px, 100vw\" srcset=\"https:\/\/patch.com\/img\/cdn\/assets\/layout\/thumb_down_16x16.png?width=640 640w, https:\/\/patch.com\/img\/cdn\/assets\/layout\/thumb_down_16x16.png?width=726 726w\"\/><\/a><\/p>\n<p><b>3. Papai Noel espalha alegria natalina na South Fort Myers High School<\/b> (<a href=\"https:\/\/www.nbc-2.com\/article\/santa-holiday-cheer-south-fort-myers-high-school\/63264218\" target=\"_blank\" rel=\"nofollow\">nbc-2.com<\/a>) \u2014 Papai Noel, retratado pelo professor de radiodifus\u00e3o Sr. Jay Rumple, espalha a alegria do feriado na South Fort Myers High School, inspirando os alunos a criar um document\u00e1rio sobre ele. Sua visita anual traz esperan\u00e7a e alegria aos alunos. <br \/><a href=\"https:\/\/fort-myers-fl.patch.am\/rate-item?d=u&#038;h=eyJsb2MiOiI3NjkyIiwic291cmNlIjoibmJjLTIuY29tIiwidGl0bGUiOiJTYW50YSBzcHJlYWRzIGhvbGlkYXkgY2hlZXIgYXQgU291dGggRm9ydCBNeWVycyBIaWdoIFNjaG9vbCIsInVybCI6Imh0dHBzOlwvXC93d3cubmJjLTIuY29tXC9hcnRpY2xlXC9zYW50YS1ob2xpZGF5LWNoZWVyLXNvdXRoLWZvcnQtbXllcnMtaGlnaC1zY2hvb2xcLzYzMjY0MjE4IiwiYXJ0aWQiOiIyYTA2NDUzOTI1ODkyNTVkZDA2ODc4MjYwMGE1MjkzNSJ9\" target=\"_blank\" rel=\"nofollow\"><img decoding=\"async\" class=\"thumbs\" width=\"16\" height=\"16\" src=\"https:\/\/patch.com\/img\/cdn\/assets\/layout\/thumb_up_16x16.png\" data-rel=\"penci-gallery-image-content\"  data-sizes=\"(min-width: 780px) 726px, 100vw\" srcset=\"https:\/\/patch.com\/img\/cdn\/assets\/layout\/thumb_up_16x16.png?width=640 640w, https:\/\/patch.com\/img\/cdn\/assets\/layout\/thumb_up_16x16.png?width=726 726w\"\/><\/a>   <a href=\"https:\/\/fort-myers-fl.patch.am\/rate-item?d=d&#038;h=eyJsb2MiOiI3NjkyIiwic291cmNlIjoibmJjLTIuY29tIiwidGl0bGUiOiJTYW50YSBzcHJlYWRzIGhvbGlkYXkgY2hlZXIgYXQgU291dGggRm9ydCBNeWVycyBIaWdoIFNjaG9vbCIsInVybCI6Imh0dHBzOlwvXC93d3cubmJjLTIuY29tXC9hcnRpY2xlXC9zYW50YS1ob2xpZGF5LWNoZWVyLXNvdXRoLWZvcnQtbXllcnMtaGlnaC1zY2hvb2xcLzYzMjY0MjE4IiwiYXJ0aWQiOiIyYTA2NDUzOTI1ODkyNTVkZDA2ODc4MjYwMGE1MjkzNSJ9\" target=\"_blank\" rel=\"nofollow\"><img decoding=\"async\" class=\"thumbs\" width=\"16\" height=\"16\" src=\"https:\/\/patch.com\/img\/cdn\/assets\/layout\/thumb_down_16x16.png\" data-sizes=\"(min-width: 780px) 726px, 100vw\" srcset=\"https:\/\/patch.com\/img\/cdn\/assets\/layout\/thumb_down_16x16.png?width=640 640w, https:\/\/patch.com\/img\/cdn\/assets\/layout\/thumb_down_16x16.png?width=726 726w\"\/><\/a><\/p>\n<\/div>\n<div>\n<p><b>4. Projeto com um prop\u00f3sito: alunos do Oasis criam ursinhos de pel\u00facia para apoiar crian\u00e7as com diagn\u00f3stico de diabetes<\/b> (<a href=\"https:\/\/www.fox4now.com\/cape-coral\/project-with-a-purpose-oasis-students-create-teddy-bears-to-support-children-being-diagnosed-with-diabetes\" target=\"_blank\" rel=\"nofollow\">fox4now. com<\/a>) \u2014 Alunos da Oasis Middle School em Cape Coral est\u00e3o criando ursinhos de pel\u00facia com monitores de glicose impressos em 3D para apoiar crian\u00e7as com diagn\u00f3stico de diabetes. Esses ursos podem ser adquiridos nas lojas Franklin em <b>Fort Myers<\/b>ajudando a financiar o projeto. <br \/><a href=\"https:\/\/fort-myers-fl.patch.am\/rate-item?d=u&#038;h=eyJsb2MiOiI3NjkyIiwic291cmNlIjoiZm94NG5vdy5jb20iLCJ0aXRsZSI6IlByb2plY3Qgd2l0aCBhIHB1cnBvc2U6IE9hc2lzIHN0dWRlbnRzIGNyZWF0ZSB0ZWRkeSBiZWFycyB0byBzdXBwb3J0IGNoaWxkcmVuIGJlaW5nIGRpYWdub3NlZCB3aXRoIGRpYWJldGVzIiwidXJsIjoiaHR0cHM6XC9cL3d3dy5mb3g0bm93LmNvbVwvY2FwZS1jb3JhbFwvcHJvamVjdC13aXRoLWEtcHVycG9zZS1vYXNpcy1zdHVkZW50cy1jcmVhdGUtdGVkZHktYmVhcnMtdG8tc3VwcG9ydC1jaGlsZHJlbi1iZWluZy1kaWFnbm9zZWQtd2l0aC1kaWFiZXRlcyIsImFydGlkIjoiZDcyODkwMjliMDYyODgyNzU4YzEyMWMzNThlYWEyZWUifQ==\" target=\"_blank\" rel=\"nofollow\"><img decoding=\"async\" class=\"thumbs\" width=\"16\" height=\"16\" src=\"https:\/\/patch.com\/img\/cdn\/assets\/layout\/thumb_up_16x16.png\" data-rel=\"penci-gallery-image-content\"  data-sizes=\"(min-width: 780px) 726px, 100vw\" srcset=\"https:\/\/patch.com\/img\/cdn\/assets\/layout\/thumb_up_16x16.png?width=640 640w, https:\/\/patch.com\/img\/cdn\/assets\/layout\/thumb_up_16x16.png?width=726 726w\"\/><\/a>   <a href=\"https:\/\/fort-myers-fl.patch.am\/rate-item?d=d&#038;h=eyJsb2MiOiI3NjkyIiwic291cmNlIjoiZm94NG5vdy5jb20iLCJ0aXRsZSI6IlByb2plY3Qgd2l0aCBhIHB1cnBvc2U6IE9hc2lzIHN0dWRlbnRzIGNyZWF0ZSB0ZWRkeSBiZWFycyB0byBzdXBwb3J0IGNoaWxkcmVuIGJlaW5nIGRpYWdub3NlZCB3aXRoIGRpYWJldGVzIiwidXJsIjoiaHR0cHM6XC9cL3d3dy5mb3g0bm93LmNvbVwvY2FwZS1jb3JhbFwvcHJvamVjdC13aXRoLWEtcHVycG9zZS1vYXNpcy1zdHVkZW50cy1jcmVhdGUtdGVkZHktYmVhcnMtdG8tc3VwcG9ydC1jaGlsZHJlbi1iZWluZy1kaWFnbm9zZWQtd2l0aC1kaWFiZXRlcyIsImFydGlkIjoiZDcyODkwMjliMDYyODgyNzU4YzEyMWMzNThlYWEyZWUifQ==\" target=\"_blank\" rel=\"nofollow\"><img decoding=\"async\" class=\"thumbs\" width=\"16\" height=\"16\" src=\"https:\/\/patch.com\/img\/cdn\/assets\/layout\/thumb_down_16x16.png\" data-sizes=\"(min-width: 780px) 726px, 100vw\" srcset=\"https:\/\/patch.com\/img\/cdn\/assets\/layout\/thumb_down_16x16.png?width=640 640w, https:\/\/patch.com\/img\/cdn\/assets\/layout\/thumb_down_16x16.png?width=726 726w\"\/><\/a><\/p>\n<p><b>5. Estudo mostra queda nos pre\u00e7os dos alugu\u00e9is em \u00e1reas de SWFL<\/b> (<a href=\"https:\/\/winknews.com\/2024\/12\/23\/study-shows-rent-prices-dropping-in-areas-of-swfl\" target=\"_blank\" rel=\"nofollow\">winknews. com<\/a>) \u2013 Os pre\u00e7os dos alugu\u00e9is em Fort Myers est\u00e3o caindo, oferecendo aos locat\u00e1rios benef\u00edcios como meses gr\u00e1tis e assinaturas de academias. Esta tend\u00eancia, destacada pelo estudo da FGCU, reflecte os esfor\u00e7os dos propriet\u00e1rios para reter os inquilinos num contexto de crescente disponibilidade de apartamentos. <br \/><a href=\"https:\/\/fort-myers-fl.patch.am\/rate-item?d=u&#038;h=eyJsb2MiOiI3NjkyIiwic291cmNlIjoid2lua25ld3MuY29tIiwidGl0bGUiOiJTdHVkeSBzaG93cyByZW50IHByaWNlcyBkcm9wcGluZyBpbiBhcmVhcyBvZiBTV0ZMIiwidXJsIjoiaHR0cHM6XC9cL3dpbmtuZXdzLmNvbVwvMjAyNFwvMTJcLzIzXC9zdHVkeS1zaG93cy1yZW50LXByaWNlcy1kcm9wcGluZy1pbi1hcmVhcy1vZi1zd2ZsIiwiYXJ0aWQiOiJmMTBjMWJmYzUzYzg1NzYzMWFkODAxZDY3MTRlZGRkMiJ9\" target=\"_blank\" rel=\"nofollow\"><img decoding=\"async\" class=\"thumbs\" width=\"16\" height=\"16\" src=\"https:\/\/patch.com\/img\/cdn\/assets\/layout\/thumb_up_16x16.png\" data-rel=\"penci-gallery-image-content\"  data-sizes=\"(min-width: 780px) 726px, 100vw\" srcset=\"https:\/\/patch.com\/img\/cdn\/assets\/layout\/thumb_up_16x16.png?width=640 640w, https:\/\/patch.com\/img\/cdn\/assets\/layout\/thumb_up_16x16.png?width=726 726w\"\/><\/a>   <a href=\"https:\/\/fort-myers-fl.patch.am\/rate-item?d=d&#038;h=eyJsb2MiOiI3NjkyIiwic291cmNlIjoid2lua25ld3MuY29tIiwidGl0bGUiOiJTdHVkeSBzaG93cyByZW50IHByaWNlcyBkcm9wcGluZyBpbiBhcmVhcyBvZiBTV0ZMIiwidXJsIjoiaHR0cHM6XC9cL3dpbmtuZXdzLmNvbVwvMjAyNFwvMTJcLzIzXC9zdHVkeS1zaG93cy1yZW50LXByaWNlcy1kcm9wcGluZy1pbi1hcmVhcy1vZi1zd2ZsIiwiYXJ0aWQiOiJmMTBjMWJmYzUzYzg1NzYzMWFkODAxZDY3MTRlZGRkMiJ9\" target=\"_blank\" rel=\"nofollow\"><img decoding=\"async\" class=\"thumbs\" width=\"16\" height=\"16\" src=\"https:\/\/patch.com\/img\/cdn\/assets\/layout\/thumb_down_16x16.png\" data-sizes=\"(min-width: 780px) 726px, 100vw\" srcset=\"https:\/\/patch.com\/img\/cdn\/assets\/layout\/thumb_down_16x16.png?width=640 640w, https:\/\/patch.com\/img\/cdn\/assets\/layout\/thumb_down_16x16.png?width=726 726w\"\/><\/a><\/p>\n<\/div>\n<div>\n<hr\/>\n<h4>\ud83d\udcac <strong>Conversa<\/strong><\/h4>\n<p>O que seus vizinhos est\u00e3o falando nas redes sociais<\/p>\n<ul>\n<li><b>\u2728 Christine Galey Disney+ Star Wars Performers Conhecida como R2-D2 na s\u00e9rie The Mandalorian.<\/b> <br \/>A primeira R2-D2 feminina na hist\u00f3ria de Star Wars The Mandalorian S1 e S3 O Livro de Boba Fett Jawas, R5-D4, Tritine e muito mais. Conhe\u00e7a Christine em Charlie\u2026 (<a href=\"https:\/\/nextdoor.com\/p\/DdQFQBFSHLtb\/?from_partner=patch&#038;share_id=DdQFQBFSHLtb&#038;utm_medium=public_api&#038;utm_source=patch&#038;utm_content=DdQFQBFSHLtb&#038;next_url=\/p\/DdQFQBFSHLtb&#038;utm_medium=email&#038;utm_campaign=pilot\" target=\"_blank\" rel=\"nofollow\">Ao lado<\/a> Reserva de Gladiolus) <\/li>\n<li><b>Estou pensando em realojar meu pastor alem\u00e3o.<\/b> <br \/>Ele completou um ano em agosto. Ele \u00e9 muito meigo, adora pessoas, adora outros cachorros. E passou por treinamento de obedi\u00eancia. Ele s\u00f3 precisa de um bom\u2026 (<a href=\"https:\/\/nextdoor.com\/p\/3TTfDKCLJ5gm\/?from_partner=patch&#038;share_id=3TTfDKCLJ5gm&#038;utm_medium=public_api&#038;utm_source=patch&#038;utm_content=3TTfDKCLJ5gm&#038;next_url=\/p\/3TTfDKCLJ5gm&#038;utm_medium=email&#038;utm_campaign=pilot\" target=\"_blank\" rel=\"nofollow\">Ao lado<\/a> Parque San Carlos Norte) <\/li>\n<\/ul>\n<hr\/>\n<p> <b>Ok Fort Myers!<\/b> Ent\u00e3o agora voc\u00ea est\u00e1 por dentro do que est\u00e1 acontecendo hoje. Obrigado pela leitura e at\u00e9 a pr\u00f3xima vez na sua caixa de entrada! <\/p>\n<p> <b>&#8211; A equipe do Patch AM<\/b> <\/p>\n<p> <em>PS A resposta para o enigma de hoje:<\/em> Porque ele sempre foi visto. <\/p>\n<hr\/>\n<h4>\ud83d\udc49 <strong>Ajude a tornar o Patch AM melhor<\/strong><\/h4>\n<hr\/>\n<p> <a href=\"https:\/\/nextdoor.com\/sharekit\/?source=Fort%20Myers%20Patch%20AM&#038;body=Catch+up+on+what+you+need+to+know+from+the+Fort+Myers+Patch+AM+daily+update%3A+https%3A%2F%2Fpatch.com%2Fflorida%2Ffort-myers&#038;utm_source=patch&#038;utm_medium=email&#038;utm_campaign=pilot\" target=\"_blank\" class=\"text-weight-bold text-green-8 sans\">Compartilhar no NextDoor<\/a>     <a href=\"https:\/\/www.facebook.com\/share.php?u=https:\/\/patch.com\/florida\/fort-myers&#038;title=Catch+up+on+what+you+need+to+know+from+the+Fort+Myers+Patch+AM+daily+update%3A+https%3A%2F%2Fpatch.com%2Fflorida%2Ffort-myers\" target=\"_blank\" class=\"text-weight-bold text-light-blue-10 sans\">Compartilhar no Facebook<\/a><\/p>\n<\/div>\n<p><br \/>\n<br \/><a href=\"http:\/\/patch.com\/florida\/fort-myers\/extended-leetran-services-new-years-eve-nodx-20241224?utm_source=article-mostrecent&#038;utm_medium=rss&#038;utm_term=community%20corner&#038;utm_campaign=recirc&#038;utm_content=aol\">Source link <\/a><\/p>","protected":false},"excerpt":{"rendered":"<p>\u2615\ufe0f\ufe0fBom dia Fort Myers! Estamos aqui novamente com o que voc\u00ea precisa saber hoje. Pegue uma x\u00edcara de caf\u00e9 e continue lendo. No boletim informativo de hoje: Servi\u00e7os LeeTran estendidos&hellip;<\/p>","protected":false},"author":1,"featured_media":71100,"comment_status":"closed","ping_status":"open","sticky":false,"template":"","format":"standard","meta":{"content-type":"","footnotes":""},"categories":[1],"tags":[],"class_list":["post-81870","post","type-post","status-publish","format-standard","has-post-thumbnail","hentry","category-uncategorized"],"_links":{"self":[{"href":"https:\/\/tvbrazilusa.com\/pt\/wp-json\/wp\/v2\/posts\/81870","targetHints":{"allow":["GET"]}}],"collection":[{"href":"https:\/\/tvbrazilusa.com\/pt\/wp-json\/wp\/v2\/posts"}],"about":[{"href":"https:\/\/tvbrazilusa.com\/pt\/wp-json\/wp\/v2\/types\/post"}],"author":[{"embeddable":true,"href":"https:\/\/tvbrazilusa.com\/pt\/wp-json\/wp\/v2\/users\/1"}],"replies":[{"embeddable":true,"href":"https:\/\/tvbrazilusa.com\/pt\/wp-json\/wp\/v2\/comments?post=81870"}],"version-history":[{"count":1,"href":"https:\/\/tvbrazilusa.com\/pt\/wp-json\/wp\/v2\/posts\/81870\/revisions"}],"predecessor-version":[{"id":81871,"href":"https:\/\/tvbrazilusa.com\/pt\/wp-json\/wp\/v2\/posts\/81870\/revisions\/81871"}],"wp:featuredmedia":[{"embeddable":true,"href":"https:\/\/tvbrazilusa.com\/pt\/wp-json\/wp\/v2\/media\/71100"}],"wp:attachment":[{"href":"https:\/\/tvbrazilusa.com\/pt\/wp-json\/wp\/v2\/media?parent=81870"}],"wp:term":[{"taxonomy":"category","embeddable":true,"href":"https:\/\/tvbrazilusa.com\/pt\/wp-json\/wp\/v2\/categories?post=81870"},{"taxonomy":"post_tag","embeddable":true,"href":"https:\/\/tvbrazilusa.com\/pt\/wp-json\/wp\/v2\/tags?post=81870"}],"curies":[{"name":"wp","href":"https:\/\/api.w.org\/{rel}","templated":true}]}}