{"id":81878,"date":"2024-12-24T10:00:00","date_gmt":"2024-12-24T10:00:00","guid":{"rendered":"https:\/\/tvbrazilusa.com\/2024\/12\/24\/o-marshalls-abrira-mais-cedo-antes-do-natal-de-2024-o-que-saber-antes-de-ir-a-loja\/"},"modified":"2024-12-24T10:47:33","modified_gmt":"2024-12-24T10:47:33","slug":"o-marshalls-abrira-mais-cedo-antes-do-natal-de-2024-o-que-saber-antes-de-ir-a-loja","status":"publish","type":"post","link":"https:\/\/tvbrazilusa.com\/pt\/2024\/12\/24\/o-marshalls-abrira-mais-cedo-antes-do-natal-de-2024-o-que-saber-antes-de-ir-a-loja\/","title":{"rendered":"O Marshalls abrir\u00e1 mais cedo, antes do Natal de 2024? O que saber antes de ir \u00e0 loja"},"content":{"rendered":"<script async src=\"https:\/\/pagead2.googlesyndication.com\/pagead\/js\/adsbygoogle.js?client=ca-pub-8864793242727901\"\r\n     crossorigin=\"anonymous\"><\/script>\n<div>\n<p class=\"article__paragraph article__paragraph--left\" id=\"XEPCYS3SSBC6BA4JEXSFFWWKYI\">Marshalls est\u00e1 se preparando para o principal feriado de Natal, que cai na quarta-feira, 25 de dezembro deste ano. <\/p>\n<p class=\"article__paragraph article__paragraph--left\" id=\"ANPGVKI4DVHX7JWRR7WOKO7BMI\">Os compradores devem esperar que a loja feche em homenagem ao feriado federal. <\/p>\n<p class=\"article__paragraph article__paragraph--left\" id=\"BVE4Y5C6VFAGZNZALL35RNVC6M\">No entanto, a loja \u00e9 uma parada obrigat\u00f3ria para os compradores que desejam conseguir ofertas de presentes de \u00faltima hora em suas listas. <\/p>\n<p class=\"article__paragraph article__paragraph--left\" id=\"5R4U26NJQJDITEATOKAUQV42KU\">Se voc\u00ea est\u00e1 planejando visitar  antes do Natal, aqui est\u00e1 tudo o que voc\u00ea precisa saber antes de ir para l\u00e1. <\/p>\n<h2 class=\"article-heading\">O Marshalls abrir\u00e1 mais cedo, antes do Natal de 2024?<\/h2>\n<p class=\"article__paragraph article__paragraph--left\" id=\"HNCGO4Q6VJC3NCCAFEK5H54JHY\">Os compradores est\u00e3o com sorte porque ter\u00e3o mais tempo para fazer compras na Marshalls antes de quarta-feira. <\/p>\n<p class=\"article__paragraph article__paragraph--left\" id=\"DF7PV4JG4JCMVHGLEUQHIUEYLE\">A loja abrir\u00e1 antes na ter\u00e7a-feira, 24 de dezembro, das 7h \u00e0s 23h<\/p>\n<p class=\"article__paragraph article__paragraph--left\" id=\"BJ3Z6KQK55HAHOOHGGOOAAZ4C4\">Esses <a href=\"https:\/\/www.nj.com\/business\/2024\/11\/is-marshalls-open-on-thanksgiving-2024.html#:~:text=Customers%20who%20want%20to%20start,your%20nearest%20Marshalls%20store%20here.\" target=\"_blank\">hor\u00e1rio de feriado come\u00e7ou na Black Friday<\/a> para que os compradores possam encontrar tudo o que precisam para o Natal.<\/p>\n<p class=\"article__paragraph article__paragraph--left\" id=\"PWGQ3CXT65EBVE44SFVILZXXM4\">No entanto, a v\u00e9spera de Natal \u00e9 o \u00faltimo dia para fazer compras mais cedo, antes de fechar amanh\u00e3. Na quinta-feira, 26 de dezembro, as lojas retornar\u00e3o ao hor\u00e1rio normal de funcionamento.<\/p>\n<p class=\"article__paragraph article__paragraph--left\" id=\"HQSEEWNROREFNC3CFORIMD7UUQ\">Se quiser aproveitar o hor\u00e1rio de compras de fim de ano, voc\u00ea pode . <\/p>\n<section class=\"Stories-By-Section-Tag-module_wrapper__69Ed7 Stories-By-Section-Tag-module_nj__RFbQx\"\/>\n<p class=\"article__paragraph article__paragraph--left\" id=\"LZKKESTIV5GGFOBETJAH5PNBPY\"><i>Nosso jornalismo precisa do seu apoio. Por favor, inscreva-se hoje para <\/i><a href=\"https:\/\/www.nj.com\/\" target=\"_blank\"><i>NJ.com<\/i><\/a><i>.<\/i><\/p>\n<p class=\"article__paragraph article__paragraph--left\" id=\"3MZVAFPRAZCK7HKM7SWXRMIKOQ\"><i>Victoria Rosenthal pode ser contatada em <\/i><a href=\"https:\/\/www.nj.com\/business\/2024\/12\/mailto:vrosenthal@njadvancemedia.com\" target=\"_blank\"><i>vrosenthal@njadvancemedia.com<\/i><\/a><i>. Tem uma dica? Conte-nos em <\/i><a href=\"https:\/\/www.nj.com\/tips\/\" target=\"_blank\"><i>nj.com\/tips<\/i><\/a><i>.<\/i><\/p>\n<\/div>\n<p><br \/>\n<br \/><a href=\"https:\/\/www.nj.com\/business\/2024\/12\/is-marshalls-open-early-ahead-of-christmas-2024-what-to-know-before-you-go-to-the-store.html\">Source link <\/a><\/p>","protected":false},"excerpt":{"rendered":"<p>Marshalls est\u00e1 se preparando para o principal feriado de Natal, que cai na quarta-feira, 25 de dezembro deste ano. Os compradores devem esperar que a loja feche em homenagem ao&hellip;<\/p>","protected":false},"author":1,"featured_media":81879,"comment_status":"closed","ping_status":"open","sticky":false,"template":"","format":"standard","meta":{"content-type":"","footnotes":""},"categories":[1],"tags":[],"class_list":["post-81878","post","type-post","status-publish","format-standard","has-post-thumbnail","hentry","category-uncategorized"],"_links":{"self":[{"href":"https:\/\/tvbrazilusa.com\/pt\/wp-json\/wp\/v2\/posts\/81878","targetHints":{"allow":["GET"]}}],"collection":[{"href":"https:\/\/tvbrazilusa.com\/pt\/wp-json\/wp\/v2\/posts"}],"about":[{"href":"https:\/\/tvbrazilusa.com\/pt\/wp-json\/wp\/v2\/types\/post"}],"author":[{"embeddable":true,"href":"https:\/\/tvbrazilusa.com\/pt\/wp-json\/wp\/v2\/users\/1"}],"replies":[{"embeddable":true,"href":"https:\/\/tvbrazilusa.com\/pt\/wp-json\/wp\/v2\/comments?post=81878"}],"version-history":[{"count":1,"href":"https:\/\/tvbrazilusa.com\/pt\/wp-json\/wp\/v2\/posts\/81878\/revisions"}],"predecessor-version":[{"id":81880,"href":"https:\/\/tvbrazilusa.com\/pt\/wp-json\/wp\/v2\/posts\/81878\/revisions\/81880"}],"wp:featuredmedia":[{"embeddable":true,"href":"https:\/\/tvbrazilusa.com\/pt\/wp-json\/wp\/v2\/media\/81879"}],"wp:attachment":[{"href":"https:\/\/tvbrazilusa.com\/pt\/wp-json\/wp\/v2\/media?parent=81878"}],"wp:term":[{"taxonomy":"category","embeddable":true,"href":"https:\/\/tvbrazilusa.com\/pt\/wp-json\/wp\/v2\/categories?post=81878"},{"taxonomy":"post_tag","embeddable":true,"href":"https:\/\/tvbrazilusa.com\/pt\/wp-json\/wp\/v2\/tags?post=81878"}],"curies":[{"name":"wp","href":"https:\/\/api.w.org\/{rel}","templated":true}]}}