{"id":81918,"date":"2024-12-24T12:33:28","date_gmt":"2024-12-24T12:33:28","guid":{"rendered":"https:\/\/tvbrazilusa.com\/2024\/12\/24\/american-airlines-interrompe-todos-os-voos-nos-estados-unidos-apos-problema-tecnico-wsvn-7news-noticias-de-miami-clima-esportes-fort-lauderdale\/"},"modified":"2024-12-24T12:38:12","modified_gmt":"2024-12-24T12:38:12","slug":"american-airlines-interrompe-todos-os-voos-nos-estados-unidos-apos-problema-tecnico-wsvn-7news-noticias-de-miami-clima-esportes-fort-lauderdale","status":"publish","type":"post","link":"https:\/\/tvbrazilusa.com\/pt\/2024\/12\/24\/american-airlines-interrompe-todos-os-voos-nos-estados-unidos-apos-problema-tecnico-wsvn-7news-noticias-de-miami-clima-esportes-fort-lauderdale\/","title":{"rendered":"American Airlines interrompe todos os voos nos Estados Unidos ap\u00f3s \u2018problema t\u00e9cnico\u2019 \u2013 WSVN 7News | Not\u00edcias de Miami, clima, esportes | Fort Lauderdale"},"content":{"rendered":"<p> <script async src=\"https:\/\/pagead2.googlesyndication.com\/pagead\/js\/adsbygoogle.js?client=ca-pub-8864793242727901\"\r\n     crossorigin=\"anonymous\"><\/script><br \/>\n<\/p>\n<div itemprop=\"articleBody\">\n<p>Nova York (CNN) \u2013 A American Airlines disse que um \u201cproblema t\u00e9cnico\u201d est\u00e1 atrasando todos os seus voos nos Estados Unidos durante um dos per\u00edodos de viagens mais movimentados do ano.<\/p>\n<p>\u201cUm problema t\u00e9cnico est\u00e1 afetando os voos americanos esta manh\u00e3\u201d, disse um porta-voz da companhia a\u00e9rea \u00e0 CNN. \u201cNossas equipes est\u00e3o trabalhando para resolver o problema o mais r\u00e1pido poss\u00edvel e pedimos desculpas aos nossos clientes pelo transtorno.\u201d<\/p>\n<p>A Administra\u00e7\u00e3o Federal de Avia\u00e7\u00e3o publicou uma ordem de escala nacional para todos os voos americanos a pedido da companhia a\u00e9rea, de acordo com um aviso.<\/p>\n<p>Os clientes nas redes sociais come\u00e7aram a reclamar na manh\u00e3 de ter\u00e7a-feira que alguns voos estavam voltando aos seus port\u00f5es e que os atrasos eram de cerca de 90 minutos. Um representante da AA em X disse que \u201cn\u00e3o foi fornecido um prazo estimado\u201d.<\/p>\n<p>As a\u00e7\u00f5es da American Airlines (AAL) ca\u00edram quase 3% nas negocia\u00e7\u00f5es de pr\u00e9-mercado.<\/p>\n<p><em>The-CNN-Wire\u2122 e \u00a9 2024 Cable News Network, Inc., uma empresa da Time Warner. Todos os direitos reservados.<\/em><\/p>\n<div class=\"wp-block-newsletter\">\n\t<strong class=\"wp-block-newsletter__title\">Cadastre-se em nosso boletim informativo para receber as \u00faltimas not\u00edcias diretamente em sua caixa de entrada<\/strong><\/p>\n<\/div><\/div>\n<p><br \/>\n<br \/><a href=\"https:\/\/wsvn.com\/news\/us-world\/american-airlines-halts-all-flights-in-the-united-states-after-a-technical-issue\/\">Source link <\/a><\/p>","protected":false},"excerpt":{"rendered":"<p>Nova York (CNN) \u2013 A American Airlines disse que um \u201cproblema t\u00e9cnico\u201d est\u00e1 atrasando todos os seus voos nos Estados Unidos durante um dos per\u00edodos de viagens mais movimentados do&hellip;<\/p>","protected":false},"author":1,"featured_media":81919,"comment_status":"closed","ping_status":"open","sticky":false,"template":"","format":"standard","meta":{"content-type":"","footnotes":""},"categories":[1],"tags":[],"class_list":["post-81918","post","type-post","status-publish","format-standard","has-post-thumbnail","hentry","category-uncategorized"],"_links":{"self":[{"href":"https:\/\/tvbrazilusa.com\/pt\/wp-json\/wp\/v2\/posts\/81918","targetHints":{"allow":["GET"]}}],"collection":[{"href":"https:\/\/tvbrazilusa.com\/pt\/wp-json\/wp\/v2\/posts"}],"about":[{"href":"https:\/\/tvbrazilusa.com\/pt\/wp-json\/wp\/v2\/types\/post"}],"author":[{"embeddable":true,"href":"https:\/\/tvbrazilusa.com\/pt\/wp-json\/wp\/v2\/users\/1"}],"replies":[{"embeddable":true,"href":"https:\/\/tvbrazilusa.com\/pt\/wp-json\/wp\/v2\/comments?post=81918"}],"version-history":[{"count":1,"href":"https:\/\/tvbrazilusa.com\/pt\/wp-json\/wp\/v2\/posts\/81918\/revisions"}],"predecessor-version":[{"id":81920,"href":"https:\/\/tvbrazilusa.com\/pt\/wp-json\/wp\/v2\/posts\/81918\/revisions\/81920"}],"wp:featuredmedia":[{"embeddable":true,"href":"https:\/\/tvbrazilusa.com\/pt\/wp-json\/wp\/v2\/media\/81919"}],"wp:attachment":[{"href":"https:\/\/tvbrazilusa.com\/pt\/wp-json\/wp\/v2\/media?parent=81918"}],"wp:term":[{"taxonomy":"category","embeddable":true,"href":"https:\/\/tvbrazilusa.com\/pt\/wp-json\/wp\/v2\/categories?post=81918"},{"taxonomy":"post_tag","embeddable":true,"href":"https:\/\/tvbrazilusa.com\/pt\/wp-json\/wp\/v2\/tags?post=81918"}],"curies":[{"name":"wp","href":"https:\/\/api.w.org\/{rel}","templated":true}]}}