{"id":81924,"date":"2024-12-24T12:45:51","date_gmt":"2024-12-24T12:45:51","guid":{"rendered":"https:\/\/tvbrazilusa.com\/2024\/12\/24\/trump-planeja-restaurar-a-ordem-na-america-latina\/"},"modified":"2024-12-24T12:45:52","modified_gmt":"2024-12-24T12:45:52","slug":"trump-planeja-restaurar-a-ordem-na-america-latina","status":"publish","type":"post","link":"https:\/\/tvbrazilusa.com\/pt\/2024\/12\/24\/trump-planeja-restaurar-a-ordem-na-america-latina\/","title":{"rendered":"Trump planeja &#8216;restaurar a ordem&#8217; na Am\u00e9rica Latina"},"content":{"rendered":"<p> <script async src=\"https:\/\/pagead2.googlesyndication.com\/pagead\/js\/adsbygoogle.js?client=ca-pub-8864793242727901\"\r\n     crossorigin=\"anonymous\"><\/script><br \/>\n<\/p>\n<div id=\"taboola-read-more\" style=\"display:block; width:100%\">\n<p>O presidente eleito dos Estados Unidos, Donald Trump, anunciou a nomea\u00e7\u00e3o de Mauricio Claver-Carone como enviado especial para a Am\u00e9rica Latina. Claver-Carone, ex-chefe do Banco Interamericano de Desenvolvimento (BID), j\u00e1 havia atuado no primeiro governo de Trump como assessor do Departamento do Tesouro e do Conselho de Seguran\u00e7a Nacional.\n<\/p>\n<p>Claver-Carone foi um dos principais respons\u00e1veis pela postura dura do republicano contra o ditador da Venezuela, Nicol\u00e1s Maduro, durante a crise que culminou com o reconhecimento de Juan Guaid\u00f3, opositor de Maduro, como chefe de Estado pelo Ocidente.<\/p>\n<p>Trump expressou sua satisfa\u00e7\u00e3o em nomear Claver-Carone para a fun\u00e7\u00e3o, afirmando, em sua rede social, a Truth, que nos \u00faltimos quatro anos, caos e anarquia dominaram as fronteiras dos Estados Unidos. Ele destacou que agora seria o momento de restabelecer a ordem no hemisf\u00e9rio. O presidente eleito tamb\u00e9m elogiou o novo enviado especial, dizendo que ele conhece bem a regi\u00e3o e sabe priorizar os interesses americanos, al\u00e9m de estar ciente das amea\u00e7as representadas pela migra\u00e7\u00e3o ilegal em massa e pelo fentanil.\n<\/p>\n<p>Pouco antes dessa nomea\u00e7\u00e3o, Trump havia amea\u00e7ado retomar o controle do Canal do Panam\u00e1, acusando o pa\u00eds centro-americano de cobrar taxas excessivas para a navega\u00e7\u00e3o pela passagem que conecta os oceanos Atl\u00e2ntico e Pac\u00edfico. Em resposta, o governo panamenho afirmou que \u201ccada metro quadrado do Canal do Panam\u00e1 pertence ao pa\u00eds\u201d. Trump reagiu, dizendo que \u201cisso \u00e9 o que vamos ver\u201d, e publicou uma foto do canal com a bandeira dos Estados Unidos.<\/p>\n<p>Fonte: Gazeta Brasil              <\/p>\n<\/div>\n<p><br \/>\n<br \/><a href=\"https:\/\/diariodobrasilnoticias.com.br\/noticia\/trump-planeja-restaurar-a-ordem-na-america-latina-676a9aa6ea124\">Source link <\/a><\/p>","protected":false},"excerpt":{"rendered":"<p>O presidente eleito dos Estados Unidos, Donald Trump, anunciou a nomea\u00e7\u00e3o de Mauricio Claver-Carone como enviado especial para a Am\u00e9rica Latina. Claver-Carone, ex-chefe do Banco Interamericano de Desenvolvimento (BID), j\u00e1&hellip;<\/p>","protected":false},"author":1,"featured_media":81925,"comment_status":"closed","ping_status":"open","sticky":false,"template":"","format":"standard","meta":{"content-type":"","footnotes":""},"categories":[16],"tags":[123,2448,5313,1267],"class_list":["post-81924","post","type-post","status-publish","format-standard","has-post-thumbnail","hentry","category-noticias","tag-brasil","tag-diario","tag-noticia","tag-noticias"],"_links":{"self":[{"href":"https:\/\/tvbrazilusa.com\/pt\/wp-json\/wp\/v2\/posts\/81924","targetHints":{"allow":["GET"]}}],"collection":[{"href":"https:\/\/tvbrazilusa.com\/pt\/wp-json\/wp\/v2\/posts"}],"about":[{"href":"https:\/\/tvbrazilusa.com\/pt\/wp-json\/wp\/v2\/types\/post"}],"author":[{"embeddable":true,"href":"https:\/\/tvbrazilusa.com\/pt\/wp-json\/wp\/v2\/users\/1"}],"replies":[{"embeddable":true,"href":"https:\/\/tvbrazilusa.com\/pt\/wp-json\/wp\/v2\/comments?post=81924"}],"version-history":[{"count":1,"href":"https:\/\/tvbrazilusa.com\/pt\/wp-json\/wp\/v2\/posts\/81924\/revisions"}],"predecessor-version":[{"id":81926,"href":"https:\/\/tvbrazilusa.com\/pt\/wp-json\/wp\/v2\/posts\/81924\/revisions\/81926"}],"wp:featuredmedia":[{"embeddable":true,"href":"https:\/\/tvbrazilusa.com\/pt\/wp-json\/wp\/v2\/media\/81925"}],"wp:attachment":[{"href":"https:\/\/tvbrazilusa.com\/pt\/wp-json\/wp\/v2\/media?parent=81924"}],"wp:term":[{"taxonomy":"category","embeddable":true,"href":"https:\/\/tvbrazilusa.com\/pt\/wp-json\/wp\/v2\/categories?post=81924"},{"taxonomy":"post_tag","embeddable":true,"href":"https:\/\/tvbrazilusa.com\/pt\/wp-json\/wp\/v2\/tags?post=81924"}],"curies":[{"name":"wp","href":"https:\/\/api.w.org\/{rel}","templated":true}]}}