{"id":81951,"date":"2024-12-24T09:43:29","date_gmt":"2024-12-24T09:43:29","guid":{"rendered":"https:\/\/tvbrazilusa.com\/2024\/12\/24\/lindsey-vonn-acha-que-seu-novo-joelho-de-titanio-pode-iniciar-uma-tendencia-no-esqui-e-esportes-profissionais-em-geral\/"},"modified":"2024-12-24T13:23:05","modified_gmt":"2024-12-24T13:23:05","slug":"lindsey-vonn-acha-que-seu-novo-joelho-de-titanio-pode-iniciar-uma-tendencia-no-esqui-e-esportes-profissionais-em-geral","status":"publish","type":"post","link":"https:\/\/tvbrazilusa.com\/pt\/2024\/12\/24\/lindsey-vonn-acha-que-seu-novo-joelho-de-titanio-pode-iniciar-uma-tendencia-no-esqui-e-esportes-profissionais-em-geral\/","title":{"rendered":"Lindsey Vonn acha que seu novo joelho de tit\u00e2nio pode iniciar uma tend\u00eancia no esqui. E esportes profissionais em geral"},"content":{"rendered":"<p> <script async src=\"https:\/\/pagead2.googlesyndication.com\/pagead\/js\/adsbygoogle.js?client=ca-pub-8864793242727901\"\r\n     crossorigin=\"anonymous\"><\/script><br \/>\n<\/p>\n<div id=\"\">\n<header class=\"m-article-header m-article-header--standard\">\n\t\t\t\t\t\t\t\t\t\t\t\t<span id=\"article-header-primary-term\"><br \/>\n\t\t\t\t\t\t\t\t<a class=\"a-term a-term--primary\" href=\"https:\/\/www.boston.com\/tag\/sports\/\"><\/p>\n<p>\t\t\t\t\t\t\t\tEsportes\t\t\t\t\t\t\t\t<\/a><br \/>\n\t\t\t\t\t\t\t<\/span><\/p>\n<h2 class=\"m-article-header__sub-headline\">&#8220;Estou esquiando sem pensar no joelho, o que realmente n\u00e3o fa\u00e7o desde que rasguei meu ligamento cruzado anterior em 2013.&#8221;<\/h2>\n<figure class=\"a-photo m-article-header__photo\"><figcaption class=\"a-photo__caption\">\n<p>\tLindsey Vonn competindo no evento super-G da Copa do Mundo em St. Moritz, Su\u00ed\u00e7a, no in\u00edcio de dezembro.<em> Jean-Christophe Bott\/Keystone via AP<\/em>\t<\/figcaption><\/figure>\n<div class=\"m-article-header__meta\">\n<div class=\"m-article-header__byline\">\n<p class=\"m-article-header__author\">\n<p>\t\t\t\t\t\t\t\tPor ANDREW DAMPF, Associated Press\t\t\t\t\t\t\t<\/p>\n<p>\t\t\t\t\t\t\t\t\t\t\t\t\t\t\t<time class=\"m-article-header__date\"><\/p>\n<p>\t\t\t\t\t\t\t\t\t24 de dezembro de 2024 | 4h43\t\t\t\t\t\t\t\t<\/time><\/p>\n<p><span>4 minutos para ler<\/span><\/p>\n<\/p><\/div>\n<\/p><\/div>\n<\/header>\n<p>ST. MORITZ, Su\u00ed\u00e7a (AP) \u2013 Quando Lindsey Vonn correu pela \u00faltima vez no circuito da Copa do Mundo, h\u00e1 quase seis anos, a dor constante no joelho a deixou em l\u00e1grimas e a levou \u00e0 aposentadoria.<\/p>\n<p>Avancemos para a corrida de retorno de Vonn com um joelho de tit\u00e2nio aos 40 anos no fim de semana passado, e o <a href=\"https:\/\/www.boston.com\/tag\/skiing\/\">Esqui americano<\/a> o destaque n\u00e3o poderia ter sido mais diferente.<\/p>\n<p>N\u00e3o h\u00e1 mais dor. N\u00e3o h\u00e1 mais incha\u00e7o. N\u00e3o h\u00e1 mais l\u00e1grimas.<\/p>\n<p>\u201cOs \u00faltimos anos da minha carreira foram muito diferentes do que s\u00e3o agora. Estou esquiando sem pensar no joelho, o que realmente n\u00e3o fa\u00e7o desde que rompi meu ligamento cruzado anterior em 2013. J\u00e1 faz muito tempo que me sinto t\u00e3o bem\u201d, disse Vonn no s\u00e1bado, ap\u00f3s ficar em 14\u00ba lugar no super-G. em St. \u201cEstou um pouco mais velho, mas honestamente sou muito mais forte do que antes.\u201d<\/p>\n<p>T\u00e3o mais forte que ela est\u00e1 falando da cirurgia de substitui\u00e7\u00e3o do joelho \u2013 a primeira do tipo na Copa do Mundo de esqui \u2013 como uma nova fronteira para o esporte.<\/p>\n<p>Em abril, Vonn passou por uma substitui\u00e7\u00e3o assistida por rob\u00f4 realizada por Martin Roche, um ortopedista do sul da Fl\u00f3rida especializado em doen\u00e7as complexas do joelho. Parte do osso do joelho direito foi cortada e substitu\u00edda por dois peda\u00e7os de tit\u00e2nio. Um m\u00eas depois, ela estava planejando seu retorno.<\/p>\n<p>\u201c\u00c9 muito melhor do que minha cartilagem inexistente\u201d, disse Vonn, um dos esquiadores mais bem-sucedidos de todos os tempos, com 82 vit\u00f3rias em Copas do Mundo. \u201cJ\u00e1 conversei com muitos esquiadores sobre isso e realmente acho que pode ser algo a ser considerado.<\/p>\n<p>\u201cEu me sinto incr\u00edvel. Quero dizer, obviamente nem todo mundo responde da mesma forma \u00e0s cirurgias. Por alguma raz\u00e3o, me recuperei muito bem da cirurgia. Mas acho que \u00e9 algo a considerar seriamente para atletas que t\u00eam muitos problemas nos joelhos.\u201d<\/p>\n<p>Andrea Panzeri, m\u00e9dico-chefe da Federa\u00e7\u00e3o Italiana de Esportes de Inverno e ortopedista que operou in\u00fameras vezes a boa amiga e colega de descida de Vonn, Sofia Goggia, disse que as substitui\u00e7\u00f5es de joelho geralmente s\u00e3o realizadas em pacientes com mais de 50 anos.<\/p>\n<p>\u201cEsta \u00e9 definitivamente a primeira vez na hist\u00f3ria da Copa do Mundo que um atleta t\u00e3o jovem corre com um\u201d, disse Panzeri \u00e0 Associated Press. \u201cE tamb\u00e9m n\u00e3o tenho conhecimento de nenhum outro atleta de elite em outros esportes competindo com um.\u201d<\/p>\n<p>Panzeri realiza substitui\u00e7\u00f5es de joelho. Mas ele nunca havia pensado em fazer isso com um esquiador da Copa do Mundo \u2013 at\u00e9 ver Vonn competindo com um.<\/p>\n<p>\u201cAs pr\u00f3teses parciais, como as de meio joelho, s\u00e3o definitivamente as que oferecem melhor desempenho e estamos vendo isso (com Vonn)\u201d, disse Panzeri. \u201cN\u00e3o acho que a decis\u00e3o dela v\u00e1 mudar o esporte profissional. Mas poderia fornecer mais motiva\u00e7\u00e3o para as pessoas chamadas \u2018normais\u2019 experimentarem uma pr\u00f3tese.\u201d<\/p>\n<p>Andy Murray, tricampe\u00e3o de t\u00eanis do Grand Slam, jogou com um quadril artificial no final de sua carreira. A ex-companheira de esqui de Vonn, Julia Mancuso, tamb\u00e9m refez o quadril alguns meses depois de se aposentar em 2018 e mant\u00e9m um estilo de vida ativo.<\/p>\n<p>\u201cEu, com certeza, teria considerado um retorno se n\u00e3o tivesse filhos\u201d, disse Mancuso recentemente \u00e0 AP. \u201cEnt\u00e3o, posso me identificar totalmente com Lindsey.\u201d<\/p>\n<p>Mas Panzeri disse que \u201cos quadris t\u00eam uma biomec\u00e2nica diferente da de um joelho e muito mais pessoas s\u00e3o capazes de praticar esportes com uma pr\u00f3tese de quadril do que com uma pr\u00f3tese de joelho\u201d.<\/p>\n<p>Elan Goldwaser, m\u00e9dico de medicina esportiva do Centro M\u00e9dico da Universidade de Columbia que trabalha com a equipe de esqui dos EUA, viu muitos atletas virem \u00e0 sua cl\u00ednica para fazer substitui\u00e7\u00f5es de joelho, mas n\u00e3o competidores de n\u00edvel de elite.<\/p>\n<p>Ent\u00e3o, a opera\u00e7\u00e3o de Vonn ser\u00e1 uma criadora de tend\u00eancias no esqui?<\/p>\n<p>\u201cEu n\u00e3o diria que \u00e9 algo comum no beisebol com a cirurgia de Tommy John\u201d, disse Goldwaser em St. Moritz. \u201cMas se for necess\u00e1rio, \u00e9 um bom procedimento.\u201d<\/p>\n<p>Chris Knight, treinador pessoal de Vonn, disse que tinha d\u00favidas sobre se seu joelho de tit\u00e2nio suportaria as for\u00e7as necess\u00e1rias para fazer curvas de esqui alpino a 130 km\/h enquanto ela se lan\u00e7ava em montanhas \u00edngremes.<\/p>\n<p>\u201cN\u00e3o havia muitas pesquisas com atletas de alto n\u00edvel e substitui\u00e7\u00f5es parciais de joelho\u201d, disse Knight. \u201c\u00c9 uma nova fronteira. Mas at\u00e9 agora tudo est\u00e1 funcionando muito bem\u2026 E eu n\u00e3o ficaria surpreso se outras pessoas fizessem isso porque os resultados que Lindsey teve, sem dor e sem incha\u00e7o, foram inacredit\u00e1veis.<\/p>\n<p>\u201c\u00c9 verdade que ela permaneceu em \u00f3tima forma durante todo o tempo em que n\u00e3o correu. Ent\u00e3o, isso provavelmente ajudou. Quero dizer, se voc\u00ea \u00e9 um esquiador inativo e n\u00e3o faz nada com seu condicionamento f\u00edsico, talvez n\u00e3o seja t\u00e3o eficaz. Mas se voc\u00ea \u00e9 um atleta que tem problemas nos joelhos, pelo que estou vendo, n\u00e3o diria n\u00e3o a eles.\u201d<\/p>\n<p>O novo joelho de Vonn tamb\u00e9m deixou uma impress\u00e3o no t\u00e9cnico da equipe de esqui dos EUA, Paul Kristofic.<\/p>\n<p>\u201cEu definitivamente estou precisando de um\u201d, disse Kristofic. \u201cVou falar com ela.\u201d<\/p>\n<p>Ainda assim, h\u00e1 quem duvide.<\/p>\n<p>O tetracampe\u00e3o mundial da Copa do Mundo, Pirmin Zurbriggen, disse ao tabl\u00f3ide su\u00ed\u00e7o Blick na semana passada que \u201ch\u00e1 o risco de Vonn rasgar seu joelho artificial em peda\u00e7os\u201d.<\/p>\n<p>Mas Panzeri disse que o tit\u00e2nio n\u00e3o se rompe.<\/p>\n<p>\u201cAbsolutamente n\u00e3o\u201d, disse ele. \u201c\u00c9 uma pr\u00f3tese pequena que n\u00e3o quebra.\u201d<\/p>\n<p>Vonn correr\u00e1 em seguida em St. Anton, \u00c1ustria, de 11 a 12 de janeiro.<\/p>\n<p>___<\/p>\n<p>Esqui AP: https:\/\/apnews.com\/hub\/alpine-skiing<\/p>\n<\/p><\/div>\n<p><script>\n\t\tvar consent=\"grant\";\n\t\t\/* The above code is parsing the JSON data from the local storage and storing it in a variable. *\/\n\t\t\t\t\tconst onetrustStorageConsent = JSON.parse(localStorage.getItem( 'consent_one_trust_bdc' ) );\n\t\t\tif ( ( onetrustStorageConsent !== null ) ) {\n\t\t\t\t\/* Checking to see if the user has consented to the use of cookies.\n\t\t\t\t* If they have not, it is deleting the cookie.\n\t\t\t\t* This will comment for now, until further notice.\n\t\t\t\t*\/\n\t\t\t\t\/\/if ( onetrustStorageConsent.C0002 === false ) {\n\t\t\t\t\/\/\tdocument.cookie=\"_fbp=;expires=Thu, 01 Jan 2010 00:00:00 UTC; path=\/; domain=.boston.com\";\n\t\t\t\t\/\/}\n\t\t\t\t\/* Checking if the user has given consent for the cookie C0002.\n\t\t\t\t* If the user has given consent, the variable consent will be set to 'grant'.\n\t\t\t\t* If the user has not given consent,the variable consent will be set to 'revoke'.\n\t\t\t\t* Documentation https:\/\/developers.facebook.com\/docs\/meta-pixel\/implementation\/gdpr\n\t\t\t\t*\/\n\t\t\t\tif ( onetrustStorageConsent.C0002 !== true ) {\n\t\t\t\t\tconsent=\"revoke\";\n\t\t\t\t}\n\t\t\t}\n\t\t\t\t!function(f,b,e,v,n,t,s)\n\t\t{if(f.fbq)return;n=f.fbq=function(){n.callMethod?\n\t\tn.callMethod.apply(n,arguments):n.queue.push(arguments)};\n\t\tif(!f._fbq)f._fbq=n;n.push=n;n.loaded=!0;n.version='2.0';\n\t\tn.queue=[];t=b.createElement(e);t.async=!0;\n\t\tt.src=v;s=b.getElementsByTagName(e)[0];\n\t\ts.parentNode.insertBefore(t,s)}(window, document,'script',\n\t\t'https:\/\/connect.facebook.net\/en_US\/fbevents.js');\n\t\tfbq('consent', consent);\n\t\tfbq('init', '989222871864976');\n\t\tfbq('track', 'PageView');\n\t<\/script><script type=\"module\">\n\t\tvar consent=\"grant\";\n\t\t\/* The above code is parsing the JSON data from the local storage and storing it in a variable. *\/\n\t\t\tconst onetrustStorageConsent = JSON.parse(localStorage.getItem( 'consent_one_trust_bdc' ) );\n\t\t\t\/* Checking to see if the user has consented to the use of cookies.\n\t\t\t* If they have not, it is deleting the cookie.\n\t\t\t* This will comment for now, until further notice.\n\t\t\t*\/\n\t\t\t\/\/if ( onetrustStorageConsent.C0002 === false ) {\n\t\t\t\/\/\tdocument.cookie=\"_fbp=;expires=Thu, 01 Jan 2010 00:00:00 UTC; path=\/; domain=.boston.com\";\n\t\t\t\/\/}\n\t\t\t\/* Checking if the user has given consent for the cookie C0002.\n\t\t\t* If the user has given consent, the variable consent will be set to 'grant'.\n\t\t\t* If the user has not given consent,the variable consent will be set to 'revoke'.\n\t\t\t* Documentation https:\/\/developers.facebook.com\/docs\/meta-pixel\/implementation\/gdpr\n\t\t\t*\/\n\t\t\tif ( ( onetrustStorageConsent !== null ) && (onetrustStorageConsent.C0002 !== true ) ) {\n\t\t\t\tconsent=\"revoke\";\n\t\t\t}\n\t\t\t\t!function(f,b,e,v,n,t,s){if(f.fbq)return;n=f.fbq=function()\n\t\t{n.callMethod? n.callMethod.apply(n,arguments):n.queue.push(arguments)}\n\t\t;if(!f._fbq)f._fbq=n;\n\t\tn.push=n;n.loaded=!0;n.version='2.0';n.queue=[];t=b.createElement(e);t.async=!0;\n\t\tt.src=v;s=b.getElementsByTagName(e)[0];s.parentNode.insertBefore(t,s)}(window,\n\t\tdocument,'script','https:\/\/connect.facebook.net\/en_US\/fbevents.js');\n\t\tfbq('consent', consent);\n\t\tfbq('init', '813236348753005');\n\t\tfbq('track', \"PageView\");\n\t<\/script><br \/>\n<br \/><br \/>\n<br \/><a href=\"https:\/\/www.boston.com\/sports\/sports\/2024\/12\/24\/lindsey-vonn-thinks-her-new-titanium-knee-could-start-a-trend-in-skiing-and-pro-sports-in-general\/\">Source link <\/a><\/p>","protected":false},"excerpt":{"rendered":"<p>Esportes &#8220;Estou esquiando sem pensar no joelho, o que realmente n\u00e3o fa\u00e7o desde que rasguei meu ligamento cruzado anterior em 2013.&#8221; Lindsey Vonn competindo no evento super-G da Copa do&hellip;<\/p>","protected":false},"author":1,"featured_media":81952,"comment_status":"closed","ping_status":"open","sticky":false,"template":"","format":"standard","meta":{"content-type":"","footnotes":""},"categories":[1],"tags":[],"class_list":["post-81951","post","type-post","status-publish","format-standard","has-post-thumbnail","hentry","category-uncategorized"],"_links":{"self":[{"href":"https:\/\/tvbrazilusa.com\/pt\/wp-json\/wp\/v2\/posts\/81951","targetHints":{"allow":["GET"]}}],"collection":[{"href":"https:\/\/tvbrazilusa.com\/pt\/wp-json\/wp\/v2\/posts"}],"about":[{"href":"https:\/\/tvbrazilusa.com\/pt\/wp-json\/wp\/v2\/types\/post"}],"author":[{"embeddable":true,"href":"https:\/\/tvbrazilusa.com\/pt\/wp-json\/wp\/v2\/users\/1"}],"replies":[{"embeddable":true,"href":"https:\/\/tvbrazilusa.com\/pt\/wp-json\/wp\/v2\/comments?post=81951"}],"version-history":[{"count":1,"href":"https:\/\/tvbrazilusa.com\/pt\/wp-json\/wp\/v2\/posts\/81951\/revisions"}],"predecessor-version":[{"id":81953,"href":"https:\/\/tvbrazilusa.com\/pt\/wp-json\/wp\/v2\/posts\/81951\/revisions\/81953"}],"wp:featuredmedia":[{"embeddable":true,"href":"https:\/\/tvbrazilusa.com\/pt\/wp-json\/wp\/v2\/media\/81952"}],"wp:attachment":[{"href":"https:\/\/tvbrazilusa.com\/pt\/wp-json\/wp\/v2\/media?parent=81951"}],"wp:term":[{"taxonomy":"category","embeddable":true,"href":"https:\/\/tvbrazilusa.com\/pt\/wp-json\/wp\/v2\/categories?post=81951"},{"taxonomy":"post_tag","embeddable":true,"href":"https:\/\/tvbrazilusa.com\/pt\/wp-json\/wp\/v2\/tags?post=81951"}],"curies":[{"name":"wp","href":"https:\/\/api.w.org\/{rel}","templated":true}]}}