{"id":81971,"date":"2024-12-24T14:11:23","date_gmt":"2024-12-24T14:11:23","guid":{"rendered":"https:\/\/tvbrazilusa.com\/2024\/12\/24\/daniel-silveira-ex-deputado-e-preso-pela-pf-quatro-dias-apos-ganhar-liberdade-condicional\/"},"modified":"2024-12-24T14:11:24","modified_gmt":"2024-12-24T14:11:24","slug":"daniel-silveira-ex-deputado-e-preso-pela-pf-quatro-dias-apos-ganhar-liberdade-condicional","status":"publish","type":"post","link":"https:\/\/tvbrazilusa.com\/pt\/2024\/12\/24\/daniel-silveira-ex-deputado-e-preso-pela-pf-quatro-dias-apos-ganhar-liberdade-condicional\/","title":{"rendered":"Daniel Silveira, ex-deputado, \u00e9 preso pela PF quatro dias ap\u00f3s ganhar liberdade condicional"},"content":{"rendered":"<p> <script async src=\"https:\/\/pagead2.googlesyndication.com\/pagead\/js\/adsbygoogle.js?client=ca-pub-8864793242727901\"\r\n     crossorigin=\"anonymous\"><\/script><br \/>\n<\/p>\n<div id=\"taboola-read-more\" style=\"display:block; width:100%\">\n<p>A Pol\u00edcia Federal (PF) prendeu na manh\u00e3 desta ter\u00e7a-feira (24), em Petr\u00f3polis (RJ), o ex-deputado federal Daniel Silveira. Colocado em liberdade condicional na \u00faltima sexta-feira (20), Silveira volta ao regime fechado quatro dias depois por desrespeitar as medidas judiciais impostas.\n<\/p>\n<p>O ex-deputado ser\u00e1 levado \u00e0 Superintend\u00eancia da PF no Rio, e posteriormente, deve ser encaminhado ao pres\u00eddio.<\/p>\n<p>Na decis\u00e3o da liberdade condicional, o ministro Alexandre de Moraes, do Supremo Tribunal Federal (STF), determinou diversas condi\u00e7\u00f5es, incluindo uso de tornozeleira. Silveira estava proibido de entrar em contato com indiciados no inqu\u00e9rito que investiga a tentativa de golpe de Estado, como o ex-presidente Jair Bolsonaro (PL) e o presidente do PL, Valdemar Costa Neto.\n<\/p>\n<p>O ex-deputado tamb\u00e9m estava impedido de utilizar as redes sociais ou aplicativos de mensagem, al\u00e9m de dar entrevistas e participar de cerim\u00f4nias.\n<\/p>\n<p>Em nota, ainda ap\u00f3s a determina\u00e7\u00e3o de liberdade condicional, a defesa de Silveira afirmou que causou \u201cperplexidade\u201d o teor das restri\u00e7\u00f5es impostas, que imp\u00f5em a condi\u00e7\u00e3o de \u201csolto-preso\u201d. Os advogados afirmaram que o \u201clivramento concedido n\u00e3o foi um ato de boa vontade do relator, mas uma obriga\u00e7\u00e3o a ele imposta por lei.\u201d\n<\/p>\n<p>A CNN tenta novo contato com os advogados do ex-deputado para comentar a volta para a pris\u00e3o.\n<\/p>\n<p><strong>CNN<\/strong>              <\/p>\n<\/div>\n<p><br \/>\n<br \/><a href=\"https:\/\/diariodobrasilnoticias.com.br\/noticia\/daniel-silveira-ex-deputado-e-preso-pela-pf-quatro-dias-apos-ganhar-liberdade-condicional-676aa1c1f384b\">Source link <\/a><\/p>","protected":false},"excerpt":{"rendered":"<p>A Pol\u00edcia Federal (PF) prendeu na manh\u00e3 desta ter\u00e7a-feira (24), em Petr\u00f3polis (RJ), o ex-deputado federal Daniel Silveira. Colocado em liberdade condicional na \u00faltima sexta-feira (20), Silveira volta ao regime&hellip;<\/p>","protected":false},"author":1,"featured_media":81972,"comment_status":"closed","ping_status":"open","sticky":false,"template":"","format":"standard","meta":{"content-type":"","footnotes":""},"categories":[16],"tags":[123,2448,5313,1267],"class_list":["post-81971","post","type-post","status-publish","format-standard","has-post-thumbnail","hentry","category-noticias","tag-brasil","tag-diario","tag-noticia","tag-noticias"],"_links":{"self":[{"href":"https:\/\/tvbrazilusa.com\/pt\/wp-json\/wp\/v2\/posts\/81971","targetHints":{"allow":["GET"]}}],"collection":[{"href":"https:\/\/tvbrazilusa.com\/pt\/wp-json\/wp\/v2\/posts"}],"about":[{"href":"https:\/\/tvbrazilusa.com\/pt\/wp-json\/wp\/v2\/types\/post"}],"author":[{"embeddable":true,"href":"https:\/\/tvbrazilusa.com\/pt\/wp-json\/wp\/v2\/users\/1"}],"replies":[{"embeddable":true,"href":"https:\/\/tvbrazilusa.com\/pt\/wp-json\/wp\/v2\/comments?post=81971"}],"version-history":[{"count":1,"href":"https:\/\/tvbrazilusa.com\/pt\/wp-json\/wp\/v2\/posts\/81971\/revisions"}],"predecessor-version":[{"id":81973,"href":"https:\/\/tvbrazilusa.com\/pt\/wp-json\/wp\/v2\/posts\/81971\/revisions\/81973"}],"wp:featuredmedia":[{"embeddable":true,"href":"https:\/\/tvbrazilusa.com\/pt\/wp-json\/wp\/v2\/media\/81972"}],"wp:attachment":[{"href":"https:\/\/tvbrazilusa.com\/pt\/wp-json\/wp\/v2\/media?parent=81971"}],"wp:term":[{"taxonomy":"category","embeddable":true,"href":"https:\/\/tvbrazilusa.com\/pt\/wp-json\/wp\/v2\/categories?post=81971"},{"taxonomy":"post_tag","embeddable":true,"href":"https:\/\/tvbrazilusa.com\/pt\/wp-json\/wp\/v2\/tags?post=81971"}],"curies":[{"name":"wp","href":"https:\/\/api.w.org\/{rel}","templated":true}]}}