{"id":81977,"date":"2024-12-24T14:30:15","date_gmt":"2024-12-24T14:30:15","guid":{"rendered":"https:\/\/tvbrazilusa.com\/2024\/12\/24\/em-surto-policial-faz-colega-de-refem-dentro-de-batalhao\/"},"modified":"2024-12-24T14:30:16","modified_gmt":"2024-12-24T14:30:16","slug":"em-surto-policial-faz-colega-de-refem-dentro-de-batalhao","status":"publish","type":"post","link":"https:\/\/tvbrazilusa.com\/pt\/2024\/12\/24\/em-surto-policial-faz-colega-de-refem-dentro-de-batalhao\/","title":{"rendered":"Em surto, policial faz colega de ref\u00e9m dentro de Batalh\u00e3o"},"content":{"rendered":"<p> <script async src=\"https:\/\/pagead2.googlesyndication.com\/pagead\/js\/adsbygoogle.js?client=ca-pub-8864793242727901\"\r\n     crossorigin=\"anonymous\"><\/script><br \/>\n<\/p>\n<div id=\"taboola-read-more\" style=\"display:block; width:100%\">\n<p>Um policial militar, que n\u00e3o teve a identidade revelada at\u00e9 o momento, fez um colega ref\u00e9m dentro do 5\u00ba Batalh\u00e3o, no bairro de Ne\u00f3polis, na noite dessa segunda-feira (23). Segundo informa\u00e7\u00f5es da Pol\u00edcia Militar (PM), o militar, que seria um sargento, teve um surto e rendeu o colega.\n<\/p>\n<p>A PM informou que o policial estava armado e um disparo chegou a ser ouvido no local. Uma equipe do Batalh\u00e3o de Opera\u00e7\u00f5es Especiais (Bope) foi acionada para iniciar as negocia\u00e7\u00f5es com o militar.<\/p>\n<p>Muitas viaturas estavam na regi\u00e3o e isolaram o local at\u00e9 a situa\u00e7\u00e3o ser controlada sem feridos. Os dois policiais foram atendidos e ser\u00e3o ouvidos para entender o que realmente aconteceu na unidade militar.\n<\/p>\n<p>Fonte: Tribuna do Norte              <\/p>\n<\/div>\n<p><br \/>\n<br \/><a href=\"https:\/\/diariodobrasilnoticias.com.br\/noticia\/em-surto-policial-faz-colega-de-refem-dentro-de-batalhao-676aa22c31d38\">Source link <\/a><\/p>","protected":false},"excerpt":{"rendered":"<p>Um policial militar, que n\u00e3o teve a identidade revelada at\u00e9 o momento, fez um colega ref\u00e9m dentro do 5\u00ba Batalh\u00e3o, no bairro de Ne\u00f3polis, na noite dessa segunda-feira (23). Segundo&hellip;<\/p>","protected":false},"author":1,"featured_media":81978,"comment_status":"closed","ping_status":"open","sticky":false,"template":"","format":"standard","meta":{"content-type":"","footnotes":""},"categories":[16],"tags":[123,2448,5313,1267],"class_list":["post-81977","post","type-post","status-publish","format-standard","has-post-thumbnail","hentry","category-noticias","tag-brasil","tag-diario","tag-noticia","tag-noticias"],"_links":{"self":[{"href":"https:\/\/tvbrazilusa.com\/pt\/wp-json\/wp\/v2\/posts\/81977","targetHints":{"allow":["GET"]}}],"collection":[{"href":"https:\/\/tvbrazilusa.com\/pt\/wp-json\/wp\/v2\/posts"}],"about":[{"href":"https:\/\/tvbrazilusa.com\/pt\/wp-json\/wp\/v2\/types\/post"}],"author":[{"embeddable":true,"href":"https:\/\/tvbrazilusa.com\/pt\/wp-json\/wp\/v2\/users\/1"}],"replies":[{"embeddable":true,"href":"https:\/\/tvbrazilusa.com\/pt\/wp-json\/wp\/v2\/comments?post=81977"}],"version-history":[{"count":1,"href":"https:\/\/tvbrazilusa.com\/pt\/wp-json\/wp\/v2\/posts\/81977\/revisions"}],"predecessor-version":[{"id":81979,"href":"https:\/\/tvbrazilusa.com\/pt\/wp-json\/wp\/v2\/posts\/81977\/revisions\/81979"}],"wp:featuredmedia":[{"embeddable":true,"href":"https:\/\/tvbrazilusa.com\/pt\/wp-json\/wp\/v2\/media\/81978"}],"wp:attachment":[{"href":"https:\/\/tvbrazilusa.com\/pt\/wp-json\/wp\/v2\/media?parent=81977"}],"wp:term":[{"taxonomy":"category","embeddable":true,"href":"https:\/\/tvbrazilusa.com\/pt\/wp-json\/wp\/v2\/categories?post=81977"},{"taxonomy":"post_tag","embeddable":true,"href":"https:\/\/tvbrazilusa.com\/pt\/wp-json\/wp\/v2\/tags?post=81977"}],"curies":[{"name":"wp","href":"https:\/\/api.w.org\/{rel}","templated":true}]}}