{"id":81980,"date":"2024-12-24T14:25:33","date_gmt":"2024-12-24T14:25:33","guid":{"rendered":"https:\/\/tvbrazilusa.com\/2024\/12\/24\/pelo-menos-12-mortos-em-explosao-em-fabrica-de-explosivos-na-turquia-wsvn-7news-noticias-de-miami-clima-esportes-fort-lauderdale\/"},"modified":"2024-12-24T14:34:51","modified_gmt":"2024-12-24T14:34:51","slug":"pelo-menos-12-mortos-em-explosao-em-fabrica-de-explosivos-na-turquia-wsvn-7news-noticias-de-miami-clima-esportes-fort-lauderdale","status":"publish","type":"post","link":"https:\/\/tvbrazilusa.com\/pt\/2024\/12\/24\/pelo-menos-12-mortos-em-explosao-em-fabrica-de-explosivos-na-turquia-wsvn-7news-noticias-de-miami-clima-esportes-fort-lauderdale\/","title":{"rendered":"Pelo menos 12 mortos em explos\u00e3o em f\u00e1brica de explosivos na Turquia &#8211; WSVN 7News | Not\u00edcias de Miami, clima, esportes | Fort Lauderdale"},"content":{"rendered":"<p> <script async src=\"https:\/\/pagead2.googlesyndication.com\/pagead\/js\/adsbygoogle.js?client=ca-pub-8864793242727901\"\r\n     crossorigin=\"anonymous\"><\/script><br \/>\n<\/p>\n<div itemprop=\"articleBody\">\n<p>(CNN) \u2013 Pelo menos 12 pessoas morreram em uma explos\u00e3o em uma f\u00e1brica de explosivos e muni\u00e7\u00f5es no distrito de Karesi, na prov\u00edncia de Balikesir, no noroeste da Turquia, na ter\u00e7a-feira, disse o Minist\u00e9rio do Interior do pa\u00eds.<\/p>\n<p>As autoridades locais descartaram a possibilidade de sabotagem, informou a CNN Turk, afiliada da CNN.<\/p>\n<p>Pelo menos outras quatro pessoas ficaram feridas na explos\u00e3o, que tamb\u00e9m causou o desabamento de um edif\u00edcio, segundo o minist\u00e9rio.<\/p>\n<p>O presidente turco, Recep Tayyip Erdogan, disse no X que estava \u201cprofundamente entristecido pela morte de 12 de nossos irm\u00e3os\u201d.<\/p>\n<p>\u201cRezo a Deus para que tenha miseric\u00f3rdia dos meus irm\u00e3os falecidos, apresento as minhas condol\u00eancias \u00e0s suas fam\u00edlias e desejo uma r\u00e1pida recupera\u00e7\u00e3o aos nossos feridos\u201d, acrescentou Erdogan. \u201cMinhas condol\u00eancias a Balikesir e \u00e0 nossa na\u00e7\u00e3o.\u201d<\/p>\n<p>O ministro da Justi\u00e7a turco, Yilmaz Tunc, disse no X que um comit\u00ea de especialistas, incluindo engenheiros qu\u00edmicos, mec\u00e2nicos, de seguran\u00e7a ocupacional e geof\u00edsicos, foi designado para determinar a causa da explos\u00e3o.<\/p>\n<p>As autoridades est\u00e3o trabalhando para confirmar quantas pessoas estavam dentro do pr\u00e9dio no momento, informou a CNN Turk.<\/p>\n<p><em>The-CNN-Wire\u2122 e \u00a9 2024 Cable News Network, Inc., uma empresa da Time Warner. Todos os direitos reservados.<\/em><\/p>\n<div class=\"wp-block-newsletter\">\n\t<strong class=\"wp-block-newsletter__title\">Cadastre-se em nosso boletim informativo para receber as \u00faltimas not\u00edcias diretamente em sua caixa de entrada<\/strong><\/p>\n<\/div><\/div>\n<p><br \/>\n<br \/><a href=\"https:\/\/wsvn.com\/news\/us-world\/at-least-12-killed-in-blast-at-explosives-factory-in-turkey\/\">Source link <\/a><\/p>","protected":false},"excerpt":{"rendered":"<p>(CNN) \u2013 Pelo menos 12 pessoas morreram em uma explos\u00e3o em uma f\u00e1brica de explosivos e muni\u00e7\u00f5es no distrito de Karesi, na prov\u00edncia de Balikesir, no noroeste da Turquia, na&hellip;<\/p>","protected":false},"author":1,"featured_media":81981,"comment_status":"closed","ping_status":"open","sticky":false,"template":"","format":"standard","meta":{"content-type":"","footnotes":""},"categories":[1],"tags":[],"class_list":["post-81980","post","type-post","status-publish","format-standard","has-post-thumbnail","hentry","category-uncategorized"],"_links":{"self":[{"href":"https:\/\/tvbrazilusa.com\/pt\/wp-json\/wp\/v2\/posts\/81980","targetHints":{"allow":["GET"]}}],"collection":[{"href":"https:\/\/tvbrazilusa.com\/pt\/wp-json\/wp\/v2\/posts"}],"about":[{"href":"https:\/\/tvbrazilusa.com\/pt\/wp-json\/wp\/v2\/types\/post"}],"author":[{"embeddable":true,"href":"https:\/\/tvbrazilusa.com\/pt\/wp-json\/wp\/v2\/users\/1"}],"replies":[{"embeddable":true,"href":"https:\/\/tvbrazilusa.com\/pt\/wp-json\/wp\/v2\/comments?post=81980"}],"version-history":[{"count":1,"href":"https:\/\/tvbrazilusa.com\/pt\/wp-json\/wp\/v2\/posts\/81980\/revisions"}],"predecessor-version":[{"id":81982,"href":"https:\/\/tvbrazilusa.com\/pt\/wp-json\/wp\/v2\/posts\/81980\/revisions\/81982"}],"wp:featuredmedia":[{"embeddable":true,"href":"https:\/\/tvbrazilusa.com\/pt\/wp-json\/wp\/v2\/media\/81981"}],"wp:attachment":[{"href":"https:\/\/tvbrazilusa.com\/pt\/wp-json\/wp\/v2\/media?parent=81980"}],"wp:term":[{"taxonomy":"category","embeddable":true,"href":"https:\/\/tvbrazilusa.com\/pt\/wp-json\/wp\/v2\/categories?post=81980"},{"taxonomy":"post_tag","embeddable":true,"href":"https:\/\/tvbrazilusa.com\/pt\/wp-json\/wp\/v2\/tags?post=81980"}],"curies":[{"name":"wp","href":"https:\/\/api.w.org\/{rel}","templated":true}]}}