{"id":81983,"date":"2024-12-24T14:21:27","date_gmt":"2024-12-24T14:21:27","guid":{"rendered":"https:\/\/tvbrazilusa.com\/2024\/12\/24\/terceira-baleia-emaranhada-e-ameacada-de-extincao-avistada-no-espaco-de-uma-semana-na-costa-leste\/"},"modified":"2024-12-24T14:35:54","modified_gmt":"2024-12-24T14:35:54","slug":"terceira-baleia-emaranhada-e-ameacada-de-extincao-avistada-no-espaco-de-uma-semana-na-costa-leste","status":"publish","type":"post","link":"https:\/\/tvbrazilusa.com\/pt\/2024\/12\/24\/terceira-baleia-emaranhada-e-ameacada-de-extincao-avistada-no-espaco-de-uma-semana-na-costa-leste\/","title":{"rendered":"Terceira baleia emaranhada e amea\u00e7ada de extin\u00e7\u00e3o avistada no espa\u00e7o de uma semana na Costa Leste"},"content":{"rendered":"<p> <script async src=\"https:\/\/pagead2.googlesyndication.com\/pagead\/js\/adsbygoogle.js?client=ca-pub-8864793242727901\"\r\n     crossorigin=\"anonymous\"><\/script><br \/>\n<\/p>\n<div id=\"\">\n<header class=\"m-article-header m-article-header--standard\">\n\t\t\t\t\t\t\t\t\t\t\t\t<span id=\"article-header-primary-term\"><br \/>\n\t\t\t\t\t\t\t\t<a class=\"a-term a-term--primary\" href=\"https:\/\/www.boston.com\/tag\/environment\/\"><\/p>\n<p>\t\t\t\t\t\t\t\tAmbiente\t\t\t\t\t\t\t\t<\/a><br \/>\n\t\t\t\t\t\t\t<\/span><\/p>\n<h2 class=\"m-article-header__sub-headline\">Tal como uma das baleias avistadas ao largo de Nantucket, a baleia avistada ao largo da Carolina do Norte sofreu um ferimento grave e \u00e9 prov\u00e1vel que morra como resultado do emaranhamento, disse a NOAA.<\/h2>\n<figure class=\"a-photo m-article-header__photo\"><figcaption class=\"a-photo__caption\">\n<p>\tEsta foto fornecida pela NOAA Fisheries mostra uma baleia franca do Atl\u00e2ntico Norte documentada com duas linhas de pesca saindo do lado esquerdo da foz, em 9 de dezembro de 2024. <em> Pesca NOAA via AP, arquivo<\/em>\t<\/figcaption><\/figure>\n<div class=\"m-article-header__meta\">\n<div class=\"m-article-header__byline\">\n<p class=\"m-article-header__author\">\n<p>\t\t\t\t\t\t\t\tPor PATRICK WHITTLE, Associated Press\t\t\t\t\t\t\t<\/p>\n<p>\t\t\t\t\t\t\t\t\t\t\t\t\t\t\t<time class=\"m-article-header__date\"><\/p>\n<p>\t\t\t\t\t\t\t\t\t24 de dezembro de 2024 | 9h21\t\t\t\t\t\t\t\t<\/time><\/p>\n<p><span>1 minuto para ler<\/span><\/p>\n<\/p><\/div>\n<\/p><\/div>\n<\/header>\n<p>Uma terceira baleia amea\u00e7ada de extin\u00e7\u00e3o foi avistada presa em equipamentos de pesca na costa leste, marcando um final de ano alarmante para uma esp\u00e9cie amea\u00e7ada de extin\u00e7\u00e3o.<\/p>\n<p>As baleias s\u00e3o baleias francas do Atl\u00e2ntico Norte, que s\u00e3o menos de 400 e s\u00e3o vulner\u00e1veis \u200b\u200ba colis\u00f5es de navios e emaranhamento em equipamentos. A Administra\u00e7\u00e3o Oce\u00e2nica e Atmosf\u00e9rica Nacional disse que uma pesquisa a\u00e9rea encontrou uma baleia emaranhada a cerca de 96 quil\u00f4metros a leste de Outer Banks da Carolina do Norte em 16 de dezembro.<\/p>\n<p>Outra pesquisa a\u00e9rea encontrou duas baleias francas emaranhadas perto de Nantucket, Massachusetts, poucos dias antes, disseram autoridades da NOAA. Tal como uma das baleias avistadas ao largo de Nantucket, a baleia avistada ao largo da Carolina do Norte sofreu um ferimento grave e \u00e9 prov\u00e1vel que morra como resultado do emaranhamento, disse a NOAA.<\/p>\n<p>\u201cAs equipes de resposta ao emaranhamento est\u00e3o em alerta, embora as atuais condi\u00e7\u00f5es clim\u00e1ticas na \u00e1rea n\u00e3o sejam seguras para montar uma resposta imediata. Conforme as condi\u00e7\u00f5es futuras permitirem, trabalharemos com equipes de resposta autorizadas e especialistas treinados para monitorar a baleia\u201d, afirmou a NOAA em comunicado.<\/p>\n<p>A baleia da Carolina do Norte foi avistada por uma equipe de pesquisa a\u00e9rea do Clearwater Marine Aquarium Research Institute. A baleia \u00e9 um macho jovem nascido em 2021 e o animal tem v\u00e1rias linhas cruzando e envolvendo sua cabe\u00e7a e boca, disse a NOAA.<\/p>\n<p>A baleia da Carolina do Norte \u201cainda n\u00e3o foi vista novamente\u201d, disse Melanie White, gerente do projeto de conserva\u00e7\u00e3o da baleia franca do Atl\u00e2ntico Norte e bi\u00f3loga pesquisadora do Clearwater Marine Aquarium Research Institute.<\/p>\n<p>As baleias migram ao longo da Costa Leste porque nascem na Fl\u00f3rida e na Ge\u00f3rgia e se alimentam na Nova Inglaterra e no Canad\u00e1. A viagem tornou-se cada vez mais perigosa \u00e0 medida que as \u00e1guas aqueceram porque a disponibilidade de alimentos mudou e isso fez com que se afastassem das \u00e1reas protegidas do oceano, disseram os cientistas.<\/p>\n<p>A popula\u00e7\u00e3o de baleias francas caiu cerca de 25% entre 2010 e 2020. Aumentou ligeiramente desde ent\u00e3o, mas os animais precisam de novas prote\u00e7\u00f5es para evitar a extin\u00e7\u00e3o, disseram os conservacionistas.<\/p>\n<p>As baleias j\u00e1 foram numerosas na costa leste, mas foram devastadas durante a era da ca\u00e7a comercial \u00e0s baleias. Eles s\u00e3o uma esp\u00e9cie protegida h\u00e1 d\u00e9cadas.<\/p>\n<div class=\"m-block m-generic-cta\t m-generic-cta--post-content\t m-generic-cta--dark\t m-generic-cta--homepage\t m-generic-cta--email-signup\t\t m-generic-cta-block-style--default \tt-amp__generic-cta\"><\/p>\n<div class=\"m-generic-cta__wrap\">\n<div class=\"m-generic-cta__content\">\n<h3 class=\"m-generic-cta__title\">Alertas extras de not\u00edcias<\/h3>\n<p class=\"m-generic-cta__subtitle\">Receba as \u00faltimas atualiza\u00e7\u00f5es conforme elas acontecem.<\/p>\n<\/p><\/div>\n<\/p><\/div>\n<\/div><\/div>\n<p><script>\n\t\tvar consent=\"grant\";\n\t\t\/* The above code is parsing the JSON data from the local storage and storing it in a variable. *\/\n\t\t\t\t\tconst onetrustStorageConsent = JSON.parse(localStorage.getItem( 'consent_one_trust_bdc' ) );\n\t\t\tif ( ( onetrustStorageConsent !== null ) ) {\n\t\t\t\t\/* Checking to see if the user has consented to the use of cookies.\n\t\t\t\t* If they have not, it is deleting the cookie.\n\t\t\t\t* This will comment for now, until further notice.\n\t\t\t\t*\/\n\t\t\t\t\/\/if ( onetrustStorageConsent.C0002 === false ) {\n\t\t\t\t\/\/\tdocument.cookie=\"_fbp=;expires=Thu, 01 Jan 2010 00:00:00 UTC; path=\/; domain=.boston.com\";\n\t\t\t\t\/\/}\n\t\t\t\t\/* Checking if the user has given consent for the cookie C0002.\n\t\t\t\t* If the user has given consent, the variable consent will be set to 'grant'.\n\t\t\t\t* If the user has not given consent,the variable consent will be set to 'revoke'.\n\t\t\t\t* Documentation https:\/\/developers.facebook.com\/docs\/meta-pixel\/implementation\/gdpr\n\t\t\t\t*\/\n\t\t\t\tif ( onetrustStorageConsent.C0002 !== true ) {\n\t\t\t\t\tconsent=\"revoke\";\n\t\t\t\t}\n\t\t\t}\n\t\t\t\t!function(f,b,e,v,n,t,s)\n\t\t{if(f.fbq)return;n=f.fbq=function(){n.callMethod?\n\t\tn.callMethod.apply(n,arguments):n.queue.push(arguments)};\n\t\tif(!f._fbq)f._fbq=n;n.push=n;n.loaded=!0;n.version='2.0';\n\t\tn.queue=[];t=b.createElement(e);t.async=!0;\n\t\tt.src=v;s=b.getElementsByTagName(e)[0];\n\t\ts.parentNode.insertBefore(t,s)}(window, document,'script',\n\t\t'https:\/\/connect.facebook.net\/en_US\/fbevents.js');\n\t\tfbq('consent', consent);\n\t\tfbq('init', '989222871864976');\n\t\tfbq('track', 'PageView');\n\t<\/script><script type=\"module\">\n\t\tvar consent=\"grant\";\n\t\t\/* The above code is parsing the JSON data from the local storage and storing it in a variable. *\/\n\t\t\tconst onetrustStorageConsent = JSON.parse(localStorage.getItem( 'consent_one_trust_bdc' ) );\n\t\t\t\/* Checking to see if the user has consented to the use of cookies.\n\t\t\t* If they have not, it is deleting the cookie.\n\t\t\t* This will comment for now, until further notice.\n\t\t\t*\/\n\t\t\t\/\/if ( onetrustStorageConsent.C0002 === false ) {\n\t\t\t\/\/\tdocument.cookie=\"_fbp=;expires=Thu, 01 Jan 2010 00:00:00 UTC; path=\/; domain=.boston.com\";\n\t\t\t\/\/}\n\t\t\t\/* Checking if the user has given consent for the cookie C0002.\n\t\t\t* If the user has given consent, the variable consent will be set to 'grant'.\n\t\t\t* If the user has not given consent,the variable consent will be set to 'revoke'.\n\t\t\t* Documentation https:\/\/developers.facebook.com\/docs\/meta-pixel\/implementation\/gdpr\n\t\t\t*\/\n\t\t\tif ( ( onetrustStorageConsent !== null ) && (onetrustStorageConsent.C0002 !== true ) ) {\n\t\t\t\tconsent=\"revoke\";\n\t\t\t}\n\t\t\t\t!function(f,b,e,v,n,t,s){if(f.fbq)return;n=f.fbq=function()\n\t\t{n.callMethod? n.callMethod.apply(n,arguments):n.queue.push(arguments)}\n\t\t;if(!f._fbq)f._fbq=n;\n\t\tn.push=n;n.loaded=!0;n.version='2.0';n.queue=[];t=b.createElement(e);t.async=!0;\n\t\tt.src=v;s=b.getElementsByTagName(e)[0];s.parentNode.insertBefore(t,s)}(window,\n\t\tdocument,'script','https:\/\/connect.facebook.net\/en_US\/fbevents.js');\n\t\tfbq('consent', consent);\n\t\tfbq('init', '813236348753005');\n\t\tfbq('track', \"PageView\");\n\t<\/script><br \/>\n<br \/><br \/>\n<br \/><a href=\"https:\/\/www.boston.com\/news\/environment\/2024\/12\/24\/third-entangled-endangered-whale-spotted-in-span-of-a-week-off-east-coast\/\">Source link <\/a><\/p>","protected":false},"excerpt":{"rendered":"<p>Ambiente Tal como uma das baleias avistadas ao largo de Nantucket, a baleia avistada ao largo da Carolina do Norte sofreu um ferimento grave e \u00e9 prov\u00e1vel que morra como&hellip;<\/p>","protected":false},"author":1,"featured_media":81984,"comment_status":"closed","ping_status":"open","sticky":false,"template":"","format":"standard","meta":{"content-type":"","footnotes":""},"categories":[1],"tags":[],"class_list":["post-81983","post","type-post","status-publish","format-standard","has-post-thumbnail","hentry","category-uncategorized"],"_links":{"self":[{"href":"https:\/\/tvbrazilusa.com\/pt\/wp-json\/wp\/v2\/posts\/81983","targetHints":{"allow":["GET"]}}],"collection":[{"href":"https:\/\/tvbrazilusa.com\/pt\/wp-json\/wp\/v2\/posts"}],"about":[{"href":"https:\/\/tvbrazilusa.com\/pt\/wp-json\/wp\/v2\/types\/post"}],"author":[{"embeddable":true,"href":"https:\/\/tvbrazilusa.com\/pt\/wp-json\/wp\/v2\/users\/1"}],"replies":[{"embeddable":true,"href":"https:\/\/tvbrazilusa.com\/pt\/wp-json\/wp\/v2\/comments?post=81983"}],"version-history":[{"count":1,"href":"https:\/\/tvbrazilusa.com\/pt\/wp-json\/wp\/v2\/posts\/81983\/revisions"}],"predecessor-version":[{"id":81985,"href":"https:\/\/tvbrazilusa.com\/pt\/wp-json\/wp\/v2\/posts\/81983\/revisions\/81985"}],"wp:featuredmedia":[{"embeddable":true,"href":"https:\/\/tvbrazilusa.com\/pt\/wp-json\/wp\/v2\/media\/81984"}],"wp:attachment":[{"href":"https:\/\/tvbrazilusa.com\/pt\/wp-json\/wp\/v2\/media?parent=81983"}],"wp:term":[{"taxonomy":"category","embeddable":true,"href":"https:\/\/tvbrazilusa.com\/pt\/wp-json\/wp\/v2\/categories?post=81983"},{"taxonomy":"post_tag","embeddable":true,"href":"https:\/\/tvbrazilusa.com\/pt\/wp-json\/wp\/v2\/tags?post=81983"}],"curies":[{"name":"wp","href":"https:\/\/api.w.org\/{rel}","templated":true}]}}