{"id":81986,"date":"2024-12-24T14:44:03","date_gmt":"2024-12-24T14:44:03","guid":{"rendered":"https:\/\/tvbrazilusa.com\/2024\/12\/24\/moraes-manda-a-pf-ouvir-medicos-e-enfermeiros-para-saber-se-daniel-silveira-foi-mesmo-ao-hospital\/"},"modified":"2024-12-24T14:44:05","modified_gmt":"2024-12-24T14:44:05","slug":"moraes-manda-a-pf-ouvir-medicos-e-enfermeiros-para-saber-se-daniel-silveira-foi-mesmo-ao-hospital","status":"publish","type":"post","link":"https:\/\/tvbrazilusa.com\/pt\/2024\/12\/24\/moraes-manda-a-pf-ouvir-medicos-e-enfermeiros-para-saber-se-daniel-silveira-foi-mesmo-ao-hospital\/","title":{"rendered":"Moraes manda a PF ouvir m\u00e9dicos e enfermeiros para saber se Daniel Silveira foi mesmo ao hospital"},"content":{"rendered":"<p> <script async src=\"https:\/\/pagead2.googlesyndication.com\/pagead\/js\/adsbygoogle.js?client=ca-pub-8864793242727901\"\r\n     crossorigin=\"anonymous\"><\/script><br \/>\n<\/p>\n<div id=\"taboola-read-more\" style=\"display:block; width:100%\">\n<p>O ministro Alexandre de Moraes, do Supremo Tribunal Federal (STF), determinou, nesta ter\u00e7a-feira, 24, que a Pol\u00edcia Federal (PF) fa\u00e7a uma oitiva com m\u00e9dicos e enfermeiros do hospital que Daniel Silveira informou ter ido, h\u00e1 dois dias, depois de sofrer uma crise renal.\n<\/p>\n<p>A finalidade \u00e9 comprovar se o ex-deputado, de fato, esteve na unidade de sa\u00fade de Petr\u00f3polis (RJ).<\/p>\n<p>\u201cDetermino que a PF investigue a veracidade da informa\u00e7\u00e3o da suposta interna\u00e7\u00e3o ocorrida pelo sentenciado, na noite do dia 21\/12, com a oitiva dos m\u00e9dicos respons\u00e1veis e enfermeiros de plant\u00e3o\u201d, estabeleceu Moraes.\n<\/p>\n<p>Em virtude da ida com urg\u00eancia de Silveira ao local, por causa de fortes dores lombares, ele voltou para casa por volta de 2 horas da manh\u00e3. Uma das medidas restritivas de Moraes \u00e9 que o ex-deputado retorne para casa at\u00e9 as 22 horas. Por isso, o juiz do STF determinou uma nova pris\u00e3o de Silveira, na manh\u00e3 de hoje.<\/p>\n<p>Fonte: Revista Oeste              <\/p>\n<\/div>\n<p><br \/>\n<br \/><a href=\"https:\/\/diariodobrasilnoticias.com.br\/noticia\/moraes-manda-a-pf-ouvir-medicos-e-enfermeiros-para-saber-se-daniel-silveira-foi-mesmo-ao-hospital-676aa42258e4a\">Source link <\/a><\/p>","protected":false},"excerpt":{"rendered":"<p>O ministro Alexandre de Moraes, do Supremo Tribunal Federal (STF), determinou, nesta ter\u00e7a-feira, 24, que a Pol\u00edcia Federal (PF) fa\u00e7a uma oitiva com m\u00e9dicos e enfermeiros do hospital que Daniel&hellip;<\/p>","protected":false},"author":1,"featured_media":81987,"comment_status":"closed","ping_status":"open","sticky":false,"template":"","format":"standard","meta":{"content-type":"","footnotes":""},"categories":[16],"tags":[123,2448,5313,1267],"class_list":["post-81986","post","type-post","status-publish","format-standard","has-post-thumbnail","hentry","category-noticias","tag-brasil","tag-diario","tag-noticia","tag-noticias"],"_links":{"self":[{"href":"https:\/\/tvbrazilusa.com\/pt\/wp-json\/wp\/v2\/posts\/81986","targetHints":{"allow":["GET"]}}],"collection":[{"href":"https:\/\/tvbrazilusa.com\/pt\/wp-json\/wp\/v2\/posts"}],"about":[{"href":"https:\/\/tvbrazilusa.com\/pt\/wp-json\/wp\/v2\/types\/post"}],"author":[{"embeddable":true,"href":"https:\/\/tvbrazilusa.com\/pt\/wp-json\/wp\/v2\/users\/1"}],"replies":[{"embeddable":true,"href":"https:\/\/tvbrazilusa.com\/pt\/wp-json\/wp\/v2\/comments?post=81986"}],"version-history":[{"count":1,"href":"https:\/\/tvbrazilusa.com\/pt\/wp-json\/wp\/v2\/posts\/81986\/revisions"}],"predecessor-version":[{"id":81988,"href":"https:\/\/tvbrazilusa.com\/pt\/wp-json\/wp\/v2\/posts\/81986\/revisions\/81988"}],"wp:featuredmedia":[{"embeddable":true,"href":"https:\/\/tvbrazilusa.com\/pt\/wp-json\/wp\/v2\/media\/81987"}],"wp:attachment":[{"href":"https:\/\/tvbrazilusa.com\/pt\/wp-json\/wp\/v2\/media?parent=81986"}],"wp:term":[{"taxonomy":"category","embeddable":true,"href":"https:\/\/tvbrazilusa.com\/pt\/wp-json\/wp\/v2\/categories?post=81986"},{"taxonomy":"post_tag","embeddable":true,"href":"https:\/\/tvbrazilusa.com\/pt\/wp-json\/wp\/v2\/tags?post=81986"}],"curies":[{"name":"wp","href":"https:\/\/api.w.org\/{rel}","templated":true}]}}