{"id":82016,"date":"2024-12-24T15:08:56","date_gmt":"2024-12-24T15:08:56","guid":{"rendered":"https:\/\/tvbrazilusa.com\/2024\/12\/24\/ex-tecnico-dos-yankees-consegue-um-novo-emprego-no-pior-time-da-mlb\/"},"modified":"2024-12-24T15:35:48","modified_gmt":"2024-12-24T15:35:48","slug":"ex-tecnico-dos-yankees-consegue-um-novo-emprego-no-pior-time-da-mlb","status":"publish","type":"post","link":"https:\/\/tvbrazilusa.com\/pt\/2024\/12\/24\/ex-tecnico-dos-yankees-consegue-um-novo-emprego-no-pior-time-da-mlb\/","title":{"rendered":"Ex-t\u00e9cnico dos Yankees consegue um novo emprego no pior time da MLB"},"content":{"rendered":"<script async src=\"https:\/\/pagead2.googlesyndication.com\/pagead\/js\/adsbygoogle.js?client=ca-pub-8864793242727901\"\r\n     crossorigin=\"anonymous\"><\/script>\n<div>\n<p class=\"article__paragraph article__paragraph--left\" id=\"7KXEAK65LNGIDAKF2MHOQYPYXI\">O Chicago White Sox est\u00e1 contratando Phil Nevin para ser assistente especial em seu departamento de desenvolvimento de jogadores, de acordo com <a href=\"https:\/\/x.com\/BNightengale\/status\/1871259455545114801\">Bob Nightengale do USA Today<\/a>.<\/p>\n<p class=\"article__paragraph article__paragraph--left\" id=\"HSJOYO5J6ZFD5K2VDFGU4MUM2I\">De acordo com Nightengale, Nevin estar\u00e1 envolvido em uma s\u00e9rie de fun\u00e7\u00f5es de desenvolvimento de jogadores, que incluir\u00e3o olheiros amadores para o Draft de 2025.<\/p>\n<p class=\"article__paragraph article__paragraph--left\" id=\"LG6OBUDDVJHWBO4PCUC6O42ZOE\">O White Sox terminou 2024 com um recorde de 41-121, estabelecendo o recorde da Era Moderna de derrotas em uma temporada.<\/p>\n<p class=\"article__paragraph article__paragraph--left\" id=\"EXU23ZRTAJHEFPAXUZNRMIF5MI\">Nevin ficou de fora da campanha de 2024 depois que o Los Angeles Angels n\u00e3o o trouxe de volta como t\u00e9cnico ap\u00f3s uma decepcionante temporada de 2023. Ele era um dos principais candidatos para o aberto <a href=\"https:\/\/www.mlb.com\/padres\">Padres<\/a>&#8216; cargo gerencial no inverno passado que finalmente foi para Mike Shildt.<\/p>\n<p class=\"article__paragraph article__paragraph--left\" id=\"IGV3R4DRDVAIHEWX2KSXBQTWEU\">Nevin ingressou no Angeles como t\u00e9cnico da terceira base ap\u00f3s a temporada de 2021 e foi nomeado t\u00e9cnico interino ap\u00f3s a demiss\u00e3o de Joe Maddon. Nevin foi trazido de volta sem o t\u00edtulo provis\u00f3rio no ano seguinte.<\/p>\n<p class=\"article__paragraph article__paragraph--left\" id=\"J7AM7HZ2NNBYDPGNTR6QYXIYRE\">Ele passou um per\u00edodo de quatro anos no Yankees, de 2018 a 2021, como t\u00e9cnico da terceira base do time.<\/p>\n<p class=\"article__paragraph article__paragraph--left\" id=\"FPKS5KEGRJHRZONOCJZ4SNPMD4\">Como jogador, Nevin teve uma carreira de 12 anos na liga principal em sete organiza\u00e7\u00f5es, reduzindo 0,270\/0,343\/0,472. Em 2001, ele foi nomeado All-Star e ganhou considera\u00e7\u00e3o de MVP depois de rebater 0,306 com um OPS de 0,976.<\/p>\n<section class=\"Stories-By-Section-Tag-module_wrapper__69Ed7 Stories-By-Section-Tag-module_nj__RFbQx\"\/>\n<p class=\"article__paragraph article__paragraph--left\" id=\"CZ7G2VAURFHVZMZMOYUFG55W5E\"><i>Obrigado por confiar em n\u00f3s para fornecer o jornalismo em que voc\u00ea pode confiar. Por favor, considere nos apoiar com uma assinatura.<\/i><\/p>\n<\/div>\n<p><br \/>\n<br \/><a href=\"https:\/\/www.nj.com\/sports\/2024\/12\/ex-yankees-coach-gets-a-new-job-with-mlbs-worst-team.html\">Source link <\/a><\/p>","protected":false},"excerpt":{"rendered":"<p>O Chicago White Sox est\u00e1 contratando Phil Nevin para ser assistente especial em seu departamento de desenvolvimento de jogadores, de acordo com Bob Nightengale do USA Today. De acordo com&hellip;<\/p>","protected":false},"author":1,"featured_media":81421,"comment_status":"closed","ping_status":"open","sticky":false,"template":"","format":"standard","meta":{"content-type":"","footnotes":""},"categories":[1],"tags":[30111],"class_list":["post-82016","post","type-post","status-publish","format-standard","has-post-thumbnail","hentry","category-uncategorized","tag-campo-celular-americano"],"_links":{"self":[{"href":"https:\/\/tvbrazilusa.com\/pt\/wp-json\/wp\/v2\/posts\/82016","targetHints":{"allow":["GET"]}}],"collection":[{"href":"https:\/\/tvbrazilusa.com\/pt\/wp-json\/wp\/v2\/posts"}],"about":[{"href":"https:\/\/tvbrazilusa.com\/pt\/wp-json\/wp\/v2\/types\/post"}],"author":[{"embeddable":true,"href":"https:\/\/tvbrazilusa.com\/pt\/wp-json\/wp\/v2\/users\/1"}],"replies":[{"embeddable":true,"href":"https:\/\/tvbrazilusa.com\/pt\/wp-json\/wp\/v2\/comments?post=82016"}],"version-history":[{"count":1,"href":"https:\/\/tvbrazilusa.com\/pt\/wp-json\/wp\/v2\/posts\/82016\/revisions"}],"predecessor-version":[{"id":82017,"href":"https:\/\/tvbrazilusa.com\/pt\/wp-json\/wp\/v2\/posts\/82016\/revisions\/82017"}],"wp:featuredmedia":[{"embeddable":true,"href":"https:\/\/tvbrazilusa.com\/pt\/wp-json\/wp\/v2\/media\/81421"}],"wp:attachment":[{"href":"https:\/\/tvbrazilusa.com\/pt\/wp-json\/wp\/v2\/media?parent=82016"}],"wp:term":[{"taxonomy":"category","embeddable":true,"href":"https:\/\/tvbrazilusa.com\/pt\/wp-json\/wp\/v2\/categories?post=82016"},{"taxonomy":"post_tag","embeddable":true,"href":"https:\/\/tvbrazilusa.com\/pt\/wp-json\/wp\/v2\/tags?post=82016"}],"curies":[{"name":"wp","href":"https:\/\/api.w.org\/{rel}","templated":true}]}}