{"id":82042,"date":"2024-12-24T16:07:56","date_gmt":"2024-12-24T16:07:56","guid":{"rendered":"https:\/\/tvbrazilusa.com\/2024\/12\/24\/ministro-diz-quanto-que-reconstrucao-de-ponte-que-desabou-ira-custar-confira\/"},"modified":"2024-12-24T16:07:58","modified_gmt":"2024-12-24T16:07:58","slug":"ministro-diz-quanto-que-reconstrucao-de-ponte-que-desabou-ira-custar-confira","status":"publish","type":"post","link":"https:\/\/tvbrazilusa.com\/pt\/2024\/12\/24\/ministro-diz-quanto-que-reconstrucao-de-ponte-que-desabou-ira-custar-confira\/","title":{"rendered":"Ministro diz quanto que reconstru\u00e7\u00e3o de ponte que desabou ir\u00e1 custar; CONFIRA"},"content":{"rendered":"<p> <script async src=\"https:\/\/pagead2.googlesyndication.com\/pagead\/js\/adsbygoogle.js?client=ca-pub-8864793242727901\"\r\n     crossorigin=\"anonymous\"><\/script><br \/>\n<\/p>\n<div id=\"taboola-read-more\" style=\"display:block; width:100%\">\n<p>O Ministro dos Transportes, Renan Filho, esteve em Estreito (MA) na manh\u00e3 de da segunda-feira 23 para avaliar os danos do desabamento da Ponte Juscelino Kubitschek de Oliveira, que conecta os Estados do Maranh\u00e3o e Tocantins. O incidente resultou em tr\u00eas mortes e 15 desaparecidos, conforme a Defesa Civil.\n<\/p>\n<p>Em entrevista, Renan Filho decretou estado de emerg\u00eancia e anunciou mais de R$ 100 milh\u00f5es para a reconstru\u00e7\u00e3o da ponte, com conclus\u00e3o prevista para o pr\u00f3ximo ano.<\/p>\n<p>A ponte \u00e9 essencial para a liga\u00e7\u00e3o entre Estreito (MA) e Aguiarn\u00f3polis (TO), sendo vital para o tr\u00e2nsito econ\u00f4mico e social.\n<\/p>\n<p>\u201cQuero comunicar ao povo do Maranh\u00e3o, ao povo de Tocantins e ao povo brasileiro que precisa dessa infraestrutura para se deslocar, tanto do ponto de vista econ\u00f4mico quanto do ponto de vista social, que vamos, com a emerg\u00eancia decretada, contratar a reconstru\u00e7\u00e3o da ponte ainda neste ano\u201d, afirmou Renan Filho.\n<\/p>\n<p>Uma investiga\u00e7\u00e3o foi iniciada para determinar as causas do colapso. O ministro, acompanhado pelos governadores Carlos Brand\u00e3o (PSB-MA) e Wanderlei Barbosa (Republicanos-TO), sobrevoou a \u00e1rea afetada.\n<\/p>\n<p>Engenheiros do Departamento Nacional de Infraestrutura de Transportes (Dnit) tamb\u00e9m participaram da inspe\u00e7\u00e3o.\n<\/p>\n<p>As opera\u00e7\u00f5es de busca enfrentam dificuldades devido ao derramamento de \u00e1cido sulf\u00farico de um caminh\u00e3o no acidente. Amostras da \u00e1gua est\u00e3o sendo analisadas para garantir a seguran\u00e7a das opera\u00e7\u00f5es de resgate.\n<\/p>\n<p>Depois de queda de ponte, mergulhadores refor\u00e7am buscas no Rio Tocantins\n<\/p>\n<p>A Marinha vai ampliar as buscas no Rio Tocantins, onde uma ponte que liga o Estado ao Maranh\u00e3o desabou. Nesta ter\u00e7a-feira, 24, 11 mergulhadores da For\u00e7a refor\u00e7ar\u00e3o as equipes atualmente na regi\u00e3o.\n<\/p>\n<p>O objetivo \u00e9 localizar as v\u00edtimas do desastre. Dez militares e tr\u00eas embarca\u00e7\u00f5es atuam na \u00e1rea do acidente. A equipe \u00e9 treinada em defesa nuclear, qu\u00edmica, biol\u00f3gica e radiol\u00f3gica.\n<\/p>\n<p>Esses profissionais auxiliar\u00e3o nos trabalhos de conten\u00e7\u00e3o e an\u00e1lise de poss\u00edveis danos ambientais.\n<\/p>\n<p>Os mergulhadores levar\u00e3o equipamentos avan\u00e7ados. Esses dispositivos realizar\u00e3o varreduras detalhadas no leito do rio. A tecnologia ser\u00e1 essencial para identificar e recuperar os ve\u00edculos que ca\u00edram na \u00e1gua durante o colapso da ponte.\n<\/p>\n<p>J\u00e1 os especialistas em defesa NBQR ter\u00e3o a miss\u00e3o de verificar a presen\u00e7a de subst\u00e2ncias qu\u00edmicas no rio. Esse trabalho minimizar\u00e1 os riscos \u00e0 popula\u00e7\u00e3o e ao meio ambiente.<\/p>\n<p>Fonte: Revista Oeste              <\/p>\n<\/div>\n<p><br \/>\n<br \/><a href=\"https:\/\/diariodobrasilnoticias.com.br\/noticia\/ministro-diz-quanto-que-reconstrucao-de-ponte-que-desabou-ira-custar-confira-676abd7f56f2d\">Source link <\/a><\/p>","protected":false},"excerpt":{"rendered":"<p>O Ministro dos Transportes, Renan Filho, esteve em Estreito (MA) na manh\u00e3 de da segunda-feira 23 para avaliar os danos do desabamento da Ponte Juscelino Kubitschek de Oliveira, que conecta&hellip;<\/p>","protected":false},"author":1,"featured_media":82043,"comment_status":"closed","ping_status":"open","sticky":false,"template":"","format":"standard","meta":{"content-type":"","footnotes":""},"categories":[16],"tags":[123,2448,5313,1267],"class_list":["post-82042","post","type-post","status-publish","format-standard","has-post-thumbnail","hentry","category-noticias","tag-brasil","tag-diario","tag-noticia","tag-noticias"],"_links":{"self":[{"href":"https:\/\/tvbrazilusa.com\/pt\/wp-json\/wp\/v2\/posts\/82042","targetHints":{"allow":["GET"]}}],"collection":[{"href":"https:\/\/tvbrazilusa.com\/pt\/wp-json\/wp\/v2\/posts"}],"about":[{"href":"https:\/\/tvbrazilusa.com\/pt\/wp-json\/wp\/v2\/types\/post"}],"author":[{"embeddable":true,"href":"https:\/\/tvbrazilusa.com\/pt\/wp-json\/wp\/v2\/users\/1"}],"replies":[{"embeddable":true,"href":"https:\/\/tvbrazilusa.com\/pt\/wp-json\/wp\/v2\/comments?post=82042"}],"version-history":[{"count":1,"href":"https:\/\/tvbrazilusa.com\/pt\/wp-json\/wp\/v2\/posts\/82042\/revisions"}],"predecessor-version":[{"id":82044,"href":"https:\/\/tvbrazilusa.com\/pt\/wp-json\/wp\/v2\/posts\/82042\/revisions\/82044"}],"wp:featuredmedia":[{"embeddable":true,"href":"https:\/\/tvbrazilusa.com\/pt\/wp-json\/wp\/v2\/media\/82043"}],"wp:attachment":[{"href":"https:\/\/tvbrazilusa.com\/pt\/wp-json\/wp\/v2\/media?parent=82042"}],"wp:term":[{"taxonomy":"category","embeddable":true,"href":"https:\/\/tvbrazilusa.com\/pt\/wp-json\/wp\/v2\/categories?post=82042"},{"taxonomy":"post_tag","embeddable":true,"href":"https:\/\/tvbrazilusa.com\/pt\/wp-json\/wp\/v2\/tags?post=82042"}],"curies":[{"name":"wp","href":"https:\/\/api.w.org\/{rel}","templated":true}]}}