{"id":82093,"date":"2024-12-24T17:38:22","date_gmt":"2024-12-24T17:38:22","guid":{"rendered":"https:\/\/tvbrazilusa.com\/2024\/12\/24\/bombeiros-confirmam-3-mortes-e-14-seguem-desaparecidos-veja-lista\/"},"modified":"2024-12-24T17:38:23","modified_gmt":"2024-12-24T17:38:23","slug":"bombeiros-confirmam-3-mortes-e-14-seguem-desaparecidos-veja-lista","status":"publish","type":"post","link":"https:\/\/tvbrazilusa.com\/pt\/2024\/12\/24\/bombeiros-confirmam-3-mortes-e-14-seguem-desaparecidos-veja-lista\/","title":{"rendered":"Bombeiros confirmam 3 mortes e 14 seguem desaparecidos; veja lista"},"content":{"rendered":"<p> <script async src=\"https:\/\/pagead2.googlesyndication.com\/pagead\/js\/adsbygoogle.js?client=ca-pub-8864793242727901\"\r\n     crossorigin=\"anonymous\"><\/script><br \/>\n<\/p>\n<div id=\"taboola-read-more\" style=\"display:block; width:100%\">\n<p>As buscas por 14 desaparecidos ap\u00f3s a queda da ponte Juscelino Kubitschek de Oliveira, na divisa entre os estados do Maranh\u00e3o e Tocantins, foram retomadas nesta ter\u00e7a-feira (24\/12). Segundo o Corpo de Bombeiros, tr\u00eas mortes foram confirmadas.\n<\/p>\n<p>A ponte desabou no domingo (22\/12), quando, ao menos, oito ve\u00edculos passavam pelo local.<\/p>\n<p>Um dos corpos localizados \u00e9 de Lorena Ribeiro Rodrigues, de 25 anos. J\u00e1 a segunda v\u00edtima foi identificada como Lorranny Sidrone de Jesus, de 11 anos. A crian\u00e7a estava em um dos caminh\u00f5es, que transportava portas de MDF, com origem em Dom Eliseu (PA). A terceira v\u00edtima ainda n\u00e3o foi identificada. Houve o resgate de um homem de 36 anos, Jairo Silva Rodrigues, com a perna quebrada.\n<\/p>\n<p>A Pol\u00edcia Militar divulgou uma lista com os nomes dos desaparecidos. Confira os nomes atualizados, mas ainda com a v\u00edtima encontrada, mas n\u00e3o identificada:\n<\/p>\n<p>Andreia Maria de Sousa<br \/>Beroaldo dos Santos<br \/>Anisio Padilha Soares (43 anos)<br \/>Silvana dos Santos Rocha Soares (53 anos)<br \/>Kecio Francisco Santos Lopes<br \/>Alessandra do Socorro Ribeiro (50 anos)<br \/>Salmon Alves Santos (65 anos)<br \/>Felipe Giuvannuci Ribeiro (10 anos)<br \/>C\u00e1ssia de Sousa Tavares (34 anos)<br \/>Cec\u00edlia Tavares Rodrigues (3 anos)<br \/>Mar\u00e7on Gley Ferreira<br \/>Osmarina da Silva Carvalho (48 anos)<br \/>Gessimar Ferreira (38 anos)<br \/>Ailson Gomes Carneiro (57 anos)<br \/>Elisangela Santos das Chagas (50 anos)\n<\/p>\n<p>Buscas por desaparecidos<br \/>As buscas foram retomadas na manh\u00e3 desta ter\u00e7a com botes. Isso ocorre porque duas das carretas que ca\u00edram da ponte estavam carregadas com produtos t\u00f3xicos.\n<\/p>\n<p>A suspeita \u00e9 que a \u00e1gua do Rio Tocantins esteja contaminada. A Companhia de Saneamento Ambiental do Maranh\u00e3o interrompeu parcialmente o abastecimento da cidade de Imperatriz, mas n\u00e3o h\u00e1 risco de falta de \u00e1gua.\n<\/p>\n<p>Amostras da \u00e1gua foram recolhidas por \u00f3rg\u00e3os ambientais federais para saber se h\u00e1 risco para a popula\u00e7\u00e3o e mergulhadores da Marinha tamb\u00e9m v\u00e3o ajudar nas buscas por v\u00edtimas no Rio Tocantins. O Minist\u00e9rio P\u00fablico Federal (MPF) vai apurar os danos ambientais.\n<\/p>\n<p>Decreto emergencial<br \/>Ap\u00f3s sobrevoar a regi\u00e3o, o ministro dos Transportes, Renan Filho, anunciou um decreto emergencial para destinar pelo menos R$ 100 milh\u00f5es para obras de reconstru\u00e7\u00e3o da ponte.\n<\/p>\n<p>Segundo o Departamento Nacional de Infraestrutura de Transportes (DNIT), do governo federal, o desabamento ocorreu porque o v\u00e3o central da ponte cedeu.\n<\/p>\n<p>A causa do colapso ainda vai ser investigada, de acordo com o \u00f3rg\u00e3o. A ponte foi completamente interditada, e os motoristas devem usar rotas alternativas.\n<\/p>\n<p>\u201cOs usu\u00e1rios devem acessar a estrada que vai de Darcin\u00f3polis\/TO a Luzin\u00f3polis\/TO, chegar na BR-230\/TO e seguir at\u00e9 o km 101 (cidade de S\u00e3o Bento\/TO). Em seguida pegar a direita, sentido Axix\u00e1\/TO e Imperatriz\/MA.Maranh\u00e3o: Os usu\u00e1rios devem acessar a BR-226\/MA em Estreito\/MA at\u00e9 Porto Franco\/MA. De Porto Franco\/MA os usu\u00e1rios devem seguir pela BR-010\/MA at\u00e9 Imperatriz\/MA\u201d, diz o DNIT, em nota.\n<\/p>\n<p>Fonte: Metr\u00f3poles              <\/p>\n<\/div>\n<p><br \/>\n<br \/><a href=\"https:\/\/diariodobrasilnoticias.com.br\/noticia\/bombeiros-confirmam-3-mortes-e-14-seguem-desaparecidos-676ac8cfd0ed6\">Source link <\/a><\/p>","protected":false},"excerpt":{"rendered":"<p>As buscas por 14 desaparecidos ap\u00f3s a queda da ponte Juscelino Kubitschek de Oliveira, na divisa entre os estados do Maranh\u00e3o e Tocantins, foram retomadas nesta ter\u00e7a-feira (24\/12). Segundo o&hellip;<\/p>","protected":false},"author":1,"featured_media":82094,"comment_status":"closed","ping_status":"open","sticky":false,"template":"","format":"standard","meta":{"content-type":"","footnotes":""},"categories":[16],"tags":[123,2448,5313,1267],"class_list":["post-82093","post","type-post","status-publish","format-standard","has-post-thumbnail","hentry","category-noticias","tag-brasil","tag-diario","tag-noticia","tag-noticias"],"_links":{"self":[{"href":"https:\/\/tvbrazilusa.com\/pt\/wp-json\/wp\/v2\/posts\/82093","targetHints":{"allow":["GET"]}}],"collection":[{"href":"https:\/\/tvbrazilusa.com\/pt\/wp-json\/wp\/v2\/posts"}],"about":[{"href":"https:\/\/tvbrazilusa.com\/pt\/wp-json\/wp\/v2\/types\/post"}],"author":[{"embeddable":true,"href":"https:\/\/tvbrazilusa.com\/pt\/wp-json\/wp\/v2\/users\/1"}],"replies":[{"embeddable":true,"href":"https:\/\/tvbrazilusa.com\/pt\/wp-json\/wp\/v2\/comments?post=82093"}],"version-history":[{"count":1,"href":"https:\/\/tvbrazilusa.com\/pt\/wp-json\/wp\/v2\/posts\/82093\/revisions"}],"predecessor-version":[{"id":82095,"href":"https:\/\/tvbrazilusa.com\/pt\/wp-json\/wp\/v2\/posts\/82093\/revisions\/82095"}],"wp:featuredmedia":[{"embeddable":true,"href":"https:\/\/tvbrazilusa.com\/pt\/wp-json\/wp\/v2\/media\/82094"}],"wp:attachment":[{"href":"https:\/\/tvbrazilusa.com\/pt\/wp-json\/wp\/v2\/media?parent=82093"}],"wp:term":[{"taxonomy":"category","embeddable":true,"href":"https:\/\/tvbrazilusa.com\/pt\/wp-json\/wp\/v2\/categories?post=82093"},{"taxonomy":"post_tag","embeddable":true,"href":"https:\/\/tvbrazilusa.com\/pt\/wp-json\/wp\/v2\/tags?post=82093"}],"curies":[{"name":"wp","href":"https:\/\/api.w.org\/{rel}","templated":true}]}}