{"id":82099,"date":"2024-12-24T17:56:25","date_gmt":"2024-12-24T17:56:25","guid":{"rendered":"https:\/\/tvbrazilusa.com\/2024\/12\/24\/ex-presidente-dos-eua-e-internado\/"},"modified":"2024-12-24T17:56:26","modified_gmt":"2024-12-24T17:56:26","slug":"ex-presidente-dos-eua-e-internado","status":"publish","type":"post","link":"https:\/\/tvbrazilusa.com\/pt\/2024\/12\/24\/ex-presidente-dos-eua-e-internado\/","title":{"rendered":"Ex-presidente dos EUA \u00e9 internado"},"content":{"rendered":"<p> <script async src=\"https:\/\/pagead2.googlesyndication.com\/pagead\/js\/adsbygoogle.js?client=ca-pub-8864793242727901\"\r\n     crossorigin=\"anonymous\"><\/script><br \/>\n<\/p>\n<div id=\"taboola-read-more\" style=\"display:block; width:100%\">\n<p>O gabinete de Bill Clinton informou que o ex-presidente dos Estados Unidos foi hospitalizado, em Washington, em virtude de uma febre.\n<\/p>\n<p>Clinton deu entrada no Centro M\u00e9dico da Universidade de Georgetown, na segunda-feira 23, para exames e observa\u00e7\u00e3o.<\/p>\n<p>Angel Urena, que trabalha com o democrata, comunicou que ele \u201cpermanece com bom \u00e2nimo\u201d.\n<\/p>\n<p>N\u00e3o \u00e9 o primeiro epis\u00f3dio de hospitaliza\u00e7\u00e3o de Clinton por problemas de sa\u00fade. Em outubro de 2021, ele passou cinco noites internado por uma infec\u00e7\u00e3o sangu\u00ednea. Al\u00e9m disso, o ex-presidente enfrentou complica\u00e7\u00f5es card\u00edacas ao longo dos anos.\n<\/p>\n<p>Em 2004, aos 58 anos, ele fez uma cirurgia para a coloca\u00e7\u00e3o de quatro pontes de safena, como tratamento para uma doen\u00e7a card\u00edaca. Seis anos depois, ele precisou de stents para tratar um problema na art\u00e9ria coronariana. Esses problemas de sa\u00fade motivaram Clinton a adotar um estilo de vida mais saud\u00e1vel, incluindo uma dieta vegetariana.\n<\/p>\n<p>Bill Clinton foi presidente dos Estados Unidos por dois mandatos consecutivos, entre 1993 e 2001. Atualmente, ele \u00e9 o segundo ex-presidente mais jovem ainda vivo, com 78 anos, sendo superado apenas por Barack Obama, que tem 63 anos.<\/p>\n<p>Fonte: Revista Oeste              <\/p>\n<\/div>\n<p><br \/>\n<br \/><a href=\"https:\/\/diariodobrasilnoticias.com.br\/noticia\/ex-presidente-dos-eua-e-internado-676ad2d8addf0\">Source link <\/a><\/p>","protected":false},"excerpt":{"rendered":"<p>O gabinete de Bill Clinton informou que o ex-presidente dos Estados Unidos foi hospitalizado, em Washington, em virtude de uma febre. Clinton deu entrada no Centro M\u00e9dico da Universidade de&hellip;<\/p>","protected":false},"author":1,"featured_media":82100,"comment_status":"closed","ping_status":"open","sticky":false,"template":"","format":"standard","meta":{"content-type":"","footnotes":""},"categories":[16],"tags":[123,2448,5313,1267],"class_list":["post-82099","post","type-post","status-publish","format-standard","has-post-thumbnail","hentry","category-noticias","tag-brasil","tag-diario","tag-noticia","tag-noticias"],"_links":{"self":[{"href":"https:\/\/tvbrazilusa.com\/pt\/wp-json\/wp\/v2\/posts\/82099","targetHints":{"allow":["GET"]}}],"collection":[{"href":"https:\/\/tvbrazilusa.com\/pt\/wp-json\/wp\/v2\/posts"}],"about":[{"href":"https:\/\/tvbrazilusa.com\/pt\/wp-json\/wp\/v2\/types\/post"}],"author":[{"embeddable":true,"href":"https:\/\/tvbrazilusa.com\/pt\/wp-json\/wp\/v2\/users\/1"}],"replies":[{"embeddable":true,"href":"https:\/\/tvbrazilusa.com\/pt\/wp-json\/wp\/v2\/comments?post=82099"}],"version-history":[{"count":1,"href":"https:\/\/tvbrazilusa.com\/pt\/wp-json\/wp\/v2\/posts\/82099\/revisions"}],"predecessor-version":[{"id":82101,"href":"https:\/\/tvbrazilusa.com\/pt\/wp-json\/wp\/v2\/posts\/82099\/revisions\/82101"}],"wp:featuredmedia":[{"embeddable":true,"href":"https:\/\/tvbrazilusa.com\/pt\/wp-json\/wp\/v2\/media\/82100"}],"wp:attachment":[{"href":"https:\/\/tvbrazilusa.com\/pt\/wp-json\/wp\/v2\/media?parent=82099"}],"wp:term":[{"taxonomy":"category","embeddable":true,"href":"https:\/\/tvbrazilusa.com\/pt\/wp-json\/wp\/v2\/categories?post=82099"},{"taxonomy":"post_tag","embeddable":true,"href":"https:\/\/tvbrazilusa.com\/pt\/wp-json\/wp\/v2\/tags?post=82099"}],"curies":[{"name":"wp","href":"https:\/\/api.w.org\/{rel}","templated":true}]}}