{"id":82190,"date":"2024-12-24T21:30:38","date_gmt":"2024-12-24T21:30:38","guid":{"rendered":"https:\/\/tvbrazilusa.com\/2024\/12\/24\/moraes-mantem-a-prisao-de-daniel-silveira\/"},"modified":"2024-12-24T21:30:39","modified_gmt":"2024-12-24T21:30:39","slug":"moraes-mantem-a-prisao-de-daniel-silveira","status":"publish","type":"post","link":"https:\/\/tvbrazilusa.com\/pt\/2024\/12\/24\/moraes-mantem-a-prisao-de-daniel-silveira\/","title":{"rendered":"Moraes mant\u00e9m a pris\u00e3o de Daniel Silveira"},"content":{"rendered":"<p> <script async src=\"https:\/\/pagead2.googlesyndication.com\/pagead\/js\/adsbygoogle.js?client=ca-pub-8864793242727901\"\r\n     crossorigin=\"anonymous\"><\/script><br \/>\n<\/p>\n<div id=\"taboola-read-more\" style=\"display:block; width:100%\">\n<p>O ministro Alexandre de Moraes, do Supremo Tribunal Federal (STF), manteve, nesta ter\u00e7a-feira, 24, a pris\u00e3o de Daniel Silveira.\n<\/p>\n<p>Moraes entendeu que o ex-deputado desrespeitou medidas cautelares. Dessa forma, Silveira vai passar o Natal na cadeia.<\/p>\n<p>\u201cNa audi\u00eancia de cust\u00f3dia, realizada hoje \u00e0s 11h00 horas, o sentenciado teve a oportunidade de esclarecer as raz\u00f5es do descumprimento das condi\u00e7\u00f5es judiciais, tendo, por\u00e9m, optado por omitir seu real deslocamento e sua dupla estadia no endere\u00e7o do<br \/>Condom\u00ednio Granja Santa Lucia, 8 \u2013 Pedro do Rio, Petr\u00f3polis, de maneira que preferiu manter a vers\u00e3o mentirosa em desrespeito \u00e0 Justi\u00e7a\u201d, argumentou Moraes. \u201cDessa maneira, fica patente que o sentenciado t\u00e3o somente utilizou sua ida ao hospital como verdadeiro \u00e1libi para o flagrante desrespeito \u00e0s condi\u00e7\u00f5es judiciais obrigat\u00f3rias para manuten\u00e7\u00e3o de seu livramento.\u201d\n<\/p>\n<p><strong>Hospital confirma busca de Daniel Silveira por atendimento<\/strong>\n<\/p>\n<p>Uma declara\u00e7\u00e3o do Hospital Santa Teresa, que fica em Petr\u00f3polis (RJ), confirmou que Silveira buscou atendimento, \u00e0s 22h59, do s\u00e1bado 21, e que deixou o local por volta de 00h34, do dia seguinte.\n<\/p>\n<p>Na decis\u00e3o em que mandou prender o ex-deputado, Moraes, do Supremo Tribunal Federal levantou d\u00favidas sobre a ida de Silveira \u00e0 unidade de sa\u00fade. O juiz do STF chegou a determinar a realiza\u00e7\u00e3o de oitiva, na Pol\u00edcia Federal, de m\u00e9dicos e enfermeiros.\n<\/p>\n<p>A Oeste, o advogado Paulo Faria afirmou que, no fim de semana, Silveira se queixou de \u201cfortes dores lombares\u201d, em virtude de uma crise renal.\n<\/p>\n<p>Fonte: Revista Oeste              <\/p>\n<\/div>\n<p><br \/>\n<br \/><a href=\"https:\/\/diariodobrasilnoticias.com.br\/noticia\/moraes-mantem-a-prisao-de-daniel-silveira-676b0c5d79852\">Source link <\/a><\/p>","protected":false},"excerpt":{"rendered":"<p>O ministro Alexandre de Moraes, do Supremo Tribunal Federal (STF), manteve, nesta ter\u00e7a-feira, 24, a pris\u00e3o de Daniel Silveira. Moraes entendeu que o ex-deputado desrespeitou medidas cautelares. Dessa forma, Silveira&hellip;<\/p>","protected":false},"author":1,"featured_media":82191,"comment_status":"closed","ping_status":"open","sticky":false,"template":"","format":"standard","meta":{"content-type":"","footnotes":""},"categories":[16],"tags":[123,2448,5313,1267],"class_list":["post-82190","post","type-post","status-publish","format-standard","has-post-thumbnail","hentry","category-noticias","tag-brasil","tag-diario","tag-noticia","tag-noticias"],"_links":{"self":[{"href":"https:\/\/tvbrazilusa.com\/pt\/wp-json\/wp\/v2\/posts\/82190","targetHints":{"allow":["GET"]}}],"collection":[{"href":"https:\/\/tvbrazilusa.com\/pt\/wp-json\/wp\/v2\/posts"}],"about":[{"href":"https:\/\/tvbrazilusa.com\/pt\/wp-json\/wp\/v2\/types\/post"}],"author":[{"embeddable":true,"href":"https:\/\/tvbrazilusa.com\/pt\/wp-json\/wp\/v2\/users\/1"}],"replies":[{"embeddable":true,"href":"https:\/\/tvbrazilusa.com\/pt\/wp-json\/wp\/v2\/comments?post=82190"}],"version-history":[{"count":1,"href":"https:\/\/tvbrazilusa.com\/pt\/wp-json\/wp\/v2\/posts\/82190\/revisions"}],"predecessor-version":[{"id":82192,"href":"https:\/\/tvbrazilusa.com\/pt\/wp-json\/wp\/v2\/posts\/82190\/revisions\/82192"}],"wp:featuredmedia":[{"embeddable":true,"href":"https:\/\/tvbrazilusa.com\/pt\/wp-json\/wp\/v2\/media\/82191"}],"wp:attachment":[{"href":"https:\/\/tvbrazilusa.com\/pt\/wp-json\/wp\/v2\/media?parent=82190"}],"wp:term":[{"taxonomy":"category","embeddable":true,"href":"https:\/\/tvbrazilusa.com\/pt\/wp-json\/wp\/v2\/categories?post=82190"},{"taxonomy":"post_tag","embeddable":true,"href":"https:\/\/tvbrazilusa.com\/pt\/wp-json\/wp\/v2\/tags?post=82190"}],"curies":[{"name":"wp","href":"https:\/\/api.w.org\/{rel}","templated":true}]}}