{"id":82204,"date":"2024-12-24T21:55:17","date_gmt":"2024-12-24T21:55:17","guid":{"rendered":"https:\/\/tvbrazilusa.com\/2024\/12\/24\/mais-de-6-mil-advogados-protestam-contra-a-prisao-de-silveira\/"},"modified":"2024-12-24T21:55:19","modified_gmt":"2024-12-24T21:55:19","slug":"mais-de-6-mil-advogados-protestam-contra-a-prisao-de-silveira","status":"publish","type":"post","link":"https:\/\/tvbrazilusa.com\/pt\/2024\/12\/24\/mais-de-6-mil-advogados-protestam-contra-a-prisao-de-silveira\/","title":{"rendered":"Mais de 6 mil advogados protestam contra a pris\u00e3o de Silveira"},"content":{"rendered":"<p> <script async src=\"https:\/\/pagead2.googlesyndication.com\/pagead\/js\/adsbygoogle.js?client=ca-pub-8864793242727901\"\r\n     crossorigin=\"anonymous\"><\/script><br \/>\n<\/p>\n<div id=\"taboola-read-more\" style=\"display:block; width:100%\">\n<p>Nesta ter\u00e7a-feira, 24, o Movimento Advogados de Direita do Brasil saiu em defesa de Paulo Faria, que atua na defesa de Daniel Silveira. O coletivo tem mais de seis mil membros no Brasil.\n<\/p>\n<p>O ex-deputado foi preso por ordem do ministro Alexandre de Moraes, do Supremo Tribunal Federal (STF), em virtude de supostas viola\u00e7\u00f5es de medidas cautelares.<\/p>\n<p>De acordo com a agremia\u00e7\u00e3o, Faria, \u201cno exerc\u00edcio de sua profiss\u00e3o, enfrenta desafios decorrentes de decis\u00f5es judiciais as quais, ao nosso ver, ultrapassam os limites da razoabilidade\u201d.\n<\/p>\n<p>A agremia\u00e7\u00e3o condenou ainda a decis\u00e3o de Moraes. \u201cA recente pris\u00e3o do ex-deputado Daniel Silveira, determinada pelo ministro relator da mais alta Corte do pa\u00eds, sob a alega\u00e7\u00e3o de descumprimento de medidas cautelares ap\u00f3s buscar atendimento m\u00e9dico, suscita s\u00e9rios questionamentos, especialmente quanto \u00e0 observ\u00e2ncia das garantias legais e constitucionais inerentes ao processo penal e a execu\u00e7\u00e3o penal\u201d, observou o movimento.\n<\/p>\n<p><strong>Argumentos do movimento que saiu em defesa de Daniel Silveira<\/strong>\n<\/p>\n<p>Ainda conforme o movimento, \u201ca aus\u00eancia de audi\u00eancia de justifica\u00e7\u00e3o, prevista no art. 118, \u00a7 2\u00ba, da Lei de Execu\u00e7\u00e3o Penal, e a falta de intima\u00e7\u00e3o da defesa t\u00e9cnica violam princ\u00edpios b\u00e1sicos do contradit\u00f3rio e da ampla defesa\u201d.\n<\/p>\n<p>\u201cA jurisprud\u00eancia \u00e9 clara: a audi\u00eancia de justifica\u00e7\u00e3o \u00e9 indispens\u00e1vel, especialmente em casos de regress\u00e3o de regime, e n\u00e3o pode ser substitu\u00edda por raz\u00f5es escritas\u201d, constatou o coletivo. \u201cSitua\u00e7\u00f5es de for\u00e7a maior, como a necessidade de atendimento m\u00e9dico, devem ser avaliadas com razoabilidade, principalmente humanidade, para evitar decis\u00f5es que desrespeitem direitos fundamentais.\u201d\n<\/p>\n<p>O movimento lamentou a \u201cin\u00e9rcia\u201d do Parlamento e cobrou rea\u00e7\u00e3o contra \u201cabusos de poder\u201d e na defesa \u201cdos preceitos constitucionais\u201d.\n<\/p>\n<p>\u201cA Constitui\u00e7\u00e3o veda que a v\u00edtima atue como julgadora de sua pr\u00f3pria causa, princ\u00edpio que parece estar sendo negligenciado em casos recentes\u201d, disse o movimento.\n<\/p>\n<p>Fonte: Revista Oeste              <\/p>\n<\/div>\n<p><br \/>\n<br \/><a href=\"https:\/\/diariodobrasilnoticias.com.br\/noticia\/mais-de-6-mil-advogados-protestam-contra-a-prisao-de-silveira-676b0cb7c517f\">Source link <\/a><\/p>","protected":false},"excerpt":{"rendered":"<p>Nesta ter\u00e7a-feira, 24, o Movimento Advogados de Direita do Brasil saiu em defesa de Paulo Faria, que atua na defesa de Daniel Silveira. O coletivo tem mais de seis mil&hellip;<\/p>","protected":false},"author":1,"featured_media":82205,"comment_status":"closed","ping_status":"open","sticky":false,"template":"","format":"standard","meta":{"content-type":"","footnotes":""},"categories":[16],"tags":[123,2448,5313,1267],"class_list":["post-82204","post","type-post","status-publish","format-standard","has-post-thumbnail","hentry","category-noticias","tag-brasil","tag-diario","tag-noticia","tag-noticias"],"_links":{"self":[{"href":"https:\/\/tvbrazilusa.com\/pt\/wp-json\/wp\/v2\/posts\/82204","targetHints":{"allow":["GET"]}}],"collection":[{"href":"https:\/\/tvbrazilusa.com\/pt\/wp-json\/wp\/v2\/posts"}],"about":[{"href":"https:\/\/tvbrazilusa.com\/pt\/wp-json\/wp\/v2\/types\/post"}],"author":[{"embeddable":true,"href":"https:\/\/tvbrazilusa.com\/pt\/wp-json\/wp\/v2\/users\/1"}],"replies":[{"embeddable":true,"href":"https:\/\/tvbrazilusa.com\/pt\/wp-json\/wp\/v2\/comments?post=82204"}],"version-history":[{"count":1,"href":"https:\/\/tvbrazilusa.com\/pt\/wp-json\/wp\/v2\/posts\/82204\/revisions"}],"predecessor-version":[{"id":82206,"href":"https:\/\/tvbrazilusa.com\/pt\/wp-json\/wp\/v2\/posts\/82204\/revisions\/82206"}],"wp:featuredmedia":[{"embeddable":true,"href":"https:\/\/tvbrazilusa.com\/pt\/wp-json\/wp\/v2\/media\/82205"}],"wp:attachment":[{"href":"https:\/\/tvbrazilusa.com\/pt\/wp-json\/wp\/v2\/media?parent=82204"}],"wp:term":[{"taxonomy":"category","embeddable":true,"href":"https:\/\/tvbrazilusa.com\/pt\/wp-json\/wp\/v2\/categories?post=82204"},{"taxonomy":"post_tag","embeddable":true,"href":"https:\/\/tvbrazilusa.com\/pt\/wp-json\/wp\/v2\/tags?post=82204"}],"curies":[{"name":"wp","href":"https:\/\/api.w.org\/{rel}","templated":true}]}}