{"id":82218,"date":"2024-12-24T22:26:07","date_gmt":"2024-12-24T22:26:07","guid":{"rendered":"https:\/\/tvbrazilusa.com\/2024\/12\/24\/advogados-denunciam-que-moraes-viola-a-lei-ao-determinar-a-prisao-de-daniel-silveira\/"},"modified":"2024-12-24T22:26:08","modified_gmt":"2024-12-24T22:26:08","slug":"advogados-denunciam-que-moraes-viola-a-lei-ao-determinar-a-prisao-de-daniel-silveira","status":"publish","type":"post","link":"https:\/\/tvbrazilusa.com\/pt\/2024\/12\/24\/advogados-denunciam-que-moraes-viola-a-lei-ao-determinar-a-prisao-de-daniel-silveira\/","title":{"rendered":"Advogados denunciam que Moraes viola a lei ao determinar a pris\u00e3o de Daniel Silveira"},"content":{"rendered":"<p> <script async src=\"https:\/\/pagead2.googlesyndication.com\/pagead\/js\/adsbygoogle.js?client=ca-pub-8864793242727901\"\r\n     crossorigin=\"anonymous\"><\/script><br \/>\n<\/p>\n<div id=\"taboola-read-more\" style=\"display:block; width:100%\">\n<p>O Movimento Advogados de Direita Brasil acusa o ministro do STF Alexandre de Moraes de violar a Lei de Execu\u00e7\u00e3o Penal ao mandar prender novamente o ex-deputado federal Daniel Silveira, sob a alega\u00e7\u00e3o de descumprir medidas cautelares ao buscar atendimento m\u00e9dico de madrugada, em Petr\u00f3polis.\n<\/p>\n<p>Silveira, que ganhou liberdade condicional no dia 20, procurou na noite seguinte o Hospital Santa Tereza. Ele apresentou queixas de \u201cdor lombar irradiando para o flanco e hist\u00f3rico de insufici\u00eancia renal\u201d, conforme documenta\u00e7\u00e3o m\u00e9dica.<\/p>\n<p>Ap\u00f3s exames de sangue e urina, foi liberado com recomenda\u00e7\u00e3o para procurar um nefrologista. Ele chegou em casa \u00e0s 2h10 da manh\u00e3, o que, para Alexandre de Moraes, caracterizou viola\u00e7\u00e3o das condi\u00e7\u00f5es da liberdade condicional (permanecer em casa entre 22h e 6h). O ministro argumentou que ele deveria ter pedido autoriza\u00e7\u00e3o judicial para ir ao hospital.\n<\/p>\n<p>Em nota p\u00fablica, o coletivo de mais de 6 mil advogados apontou que Moraes n\u00e3o fez audi\u00eancia de justifica\u00e7\u00e3o com o condenado e nem intimou a defesa, como manda a lei, antes de revogar o benef\u00edcio. O artigo 118 da Lei de Execu\u00e7\u00e3o Penal diz que, havendo falta grave, o condenado deve ser ouvido previamente antes de retornar ao regime mais rigoroso.\n<\/p>\n<p>Desrespeito a direito fundamental<br \/>\u201cA jurisprud\u00eancia \u00e9 clara: a audi\u00eancia de justifica\u00e7\u00e3o \u00e9 indispens\u00e1vel, especialmente em casos de regress\u00e3o de regime, e n\u00e3o pode ser substitu\u00edda por raz\u00f5es escritas. Situa\u00e7\u00f5es de for\u00e7a maior, como a necessidade de atendimento m\u00e9dico, devem ser avaliadas com razoabilidade, principalmente humanidade, para evitar decis\u00f5es que desrespeitem direitos fundamentais\u201d, diz a nota dos advogados.\n<\/p>\n<p>Para o grupo de advogados de Direita, \u00e9 preocupante \u201ca in\u00e9rcia das Casas Legislativas em coibir abusos de poder e em defender os preceitos constitucionais\u201d. \u201cConclamamos o Congresso Nacional a assumir seu papel constitucional de fiscaliza\u00e7\u00e3o e equil\u00edbrio entre os poderes, promovendo a\u00e7\u00f5es efetivas contra quaisquer abusos e garantindo que a justi\u00e7a seja aplicada de forma imparcial e justa\u201d, escreveram.\n<\/p>\n<p>Foi feito ainda o alerta de que \u201ca linha entre justi\u00e7a e vingan\u00e7a \u00e9 t\u00eanue e deve ser cuidadosamente observada para que o sistema judici\u00e1rio n\u00e3o se torne instrumento de persegui\u00e7\u00e3o pessoal ou pol\u00edtica\u201d.\n<\/p>\n<p>Fonte: Gazeta do Povo              <\/p>\n<\/div>\n<p><br \/>\n<br \/><a href=\"https:\/\/diariodobrasilnoticias.com.br\/noticia\/advogados-denunciam-que-moraes-viola-a-lei-ao-determinar-a-prisao-de-daniel-silveira-676b1e8036669\">Source link <\/a><\/p>","protected":false},"excerpt":{"rendered":"<p>O Movimento Advogados de Direita Brasil acusa o ministro do STF Alexandre de Moraes de violar a Lei de Execu\u00e7\u00e3o Penal ao mandar prender novamente o ex-deputado federal Daniel Silveira,&hellip;<\/p>","protected":false},"author":1,"featured_media":82219,"comment_status":"closed","ping_status":"open","sticky":false,"template":"","format":"standard","meta":{"content-type":"","footnotes":""},"categories":[16],"tags":[123,2448,5313,1267],"class_list":["post-82218","post","type-post","status-publish","format-standard","has-post-thumbnail","hentry","category-noticias","tag-brasil","tag-diario","tag-noticia","tag-noticias"],"_links":{"self":[{"href":"https:\/\/tvbrazilusa.com\/pt\/wp-json\/wp\/v2\/posts\/82218","targetHints":{"allow":["GET"]}}],"collection":[{"href":"https:\/\/tvbrazilusa.com\/pt\/wp-json\/wp\/v2\/posts"}],"about":[{"href":"https:\/\/tvbrazilusa.com\/pt\/wp-json\/wp\/v2\/types\/post"}],"author":[{"embeddable":true,"href":"https:\/\/tvbrazilusa.com\/pt\/wp-json\/wp\/v2\/users\/1"}],"replies":[{"embeddable":true,"href":"https:\/\/tvbrazilusa.com\/pt\/wp-json\/wp\/v2\/comments?post=82218"}],"version-history":[{"count":1,"href":"https:\/\/tvbrazilusa.com\/pt\/wp-json\/wp\/v2\/posts\/82218\/revisions"}],"predecessor-version":[{"id":82220,"href":"https:\/\/tvbrazilusa.com\/pt\/wp-json\/wp\/v2\/posts\/82218\/revisions\/82220"}],"wp:featuredmedia":[{"embeddable":true,"href":"https:\/\/tvbrazilusa.com\/pt\/wp-json\/wp\/v2\/media\/82219"}],"wp:attachment":[{"href":"https:\/\/tvbrazilusa.com\/pt\/wp-json\/wp\/v2\/media?parent=82218"}],"wp:term":[{"taxonomy":"category","embeddable":true,"href":"https:\/\/tvbrazilusa.com\/pt\/wp-json\/wp\/v2\/categories?post=82218"},{"taxonomy":"post_tag","embeddable":true,"href":"https:\/\/tvbrazilusa.com\/pt\/wp-json\/wp\/v2\/tags?post=82218"}],"curies":[{"name":"wp","href":"https:\/\/api.w.org\/{rel}","templated":true}]}}