{"id":82221,"date":"2024-12-24T22:17:30","date_gmt":"2024-12-24T22:17:30","guid":{"rendered":"https:\/\/tvbrazilusa.com\/2024\/12\/24\/esquiadores-feridos-em-colisao-de-cadeiras-elevatorias-em-estacao-de-esqui-em-lake-tahoe-wsvn-7news-noticias-de-miami-clima-esportes-fort-lauderdale\/"},"modified":"2024-12-24T22:30:47","modified_gmt":"2024-12-24T22:30:47","slug":"esquiadores-feridos-em-colisao-de-cadeiras-elevatorias-em-estacao-de-esqui-em-lake-tahoe-wsvn-7news-noticias-de-miami-clima-esportes-fort-lauderdale","status":"publish","type":"post","link":"https:\/\/tvbrazilusa.com\/pt\/2024\/12\/24\/esquiadores-feridos-em-colisao-de-cadeiras-elevatorias-em-estacao-de-esqui-em-lake-tahoe-wsvn-7news-noticias-de-miami-clima-esportes-fort-lauderdale\/","title":{"rendered":"Esquiadores feridos em colis\u00e3o de cadeiras elevat\u00f3rias em esta\u00e7\u00e3o de esqui em Lake Tahoe &#8211; WSVN 7News | Not\u00edcias de Miami, clima, esportes | Fort Lauderdale"},"content":{"rendered":"<p> <script async src=\"https:\/\/pagead2.googlesyndication.com\/pagead\/js\/adsbygoogle.js?client=ca-pub-8864793242727901\"\r\n     crossorigin=\"anonymous\"><\/script><br \/>\n<\/p>\n<div itemprop=\"articleBody\">\n<p><strong>(CNN) &#8211; <\/strong>Cinco esquiadores foram transportados para o hospital na segunda-feira ap\u00f3s um \u201cincidente\u201d em um telef\u00e9rico na esta\u00e7\u00e3o de esqui Heavenly em Lake Tahoe, de acordo com o chefe assistente do distrito de prote\u00e7\u00e3o contra inc\u00eandio de Tahoe Douglas, Bryce Cranch.<\/p>\n<p>As condi\u00e7\u00f5es dos pacientes ainda n\u00e3o s\u00e3o conhecidas.<\/p>\n<p>O incidente aconteceu por volta das 10h, hor\u00e1rio local, e os bombeiros disseram que responderam com dois carros de bombeiros e tr\u00eas ambul\u00e2ncias de resgate.<\/p>\n<p>Fotos capturadas por um esquiador e compartilhadas com a CNN mostram as consequ\u00eancias de uma colis\u00e3o entre duas cadeiras.<\/p>\n<p>Travis Faanes disse \u00e0 CNN que estava na fila do telef\u00e9rico Dipper Express quando ouviu algu\u00e9m gritar: \u201cOh meu Deus!\u201d<\/p>\n<p>Ele disse que quando virou para a direita, viu pessoas caindo e caindo no ch\u00e3o.<\/p>\n<p>\u201cA cadeira deslizou para tr\u00e1s e as pessoas sentaram-se na cadeira atr\u00e1s dela\u201d, disse Faanes. \u201cAs pessoas na cadeira da frente ca\u00edram.\u201d<\/p>\n<p>Ele acrescentou que isso poderia ter sido pior.<\/p>\n<p>&#8220;Eles [are] sorte que isso aconteceu logo no in\u00edcio do levantamento\u201d, disse ele.<\/p>\n<p>Brett Federico disse \u00e0 CNN que chegou logo depois do acontecido.<\/p>\n<p>Federico disse que viu quatro tren\u00f3s levando pessoas montanha abaixo ap\u00f3s o incidente e que viu uma das v\u00edtimas tomando oxig\u00eanio enquanto passavam.<\/p>\n<p>\u201cN\u00e3o foi nada bom\u201d, disse Federico. \u201cUma cadeira com defeito sempre foi um pesadelo para mim, e testemunhar isso \u00e9 ainda pior.\u201d<\/p>\n<p>O resort est\u00e1 \u201cinvestigando\u201d o incidente e a seguran\u00e7a dos h\u00f3spedes \u00e9 \u201cprioridade m\u00e1xima\u201d, disse o gerente de comunica\u00e7\u00f5es Cole Zimmerman \u00e0 CNN.<\/p>\n<p><em>The-CNN-Wire\u2122 e \u00a9 2024 Cable News Network, Inc., uma empresa da Time Warner. Todos os direitos reservados.<\/em><\/p>\n<div class=\"wp-block-newsletter\">\n\t<strong class=\"wp-block-newsletter__title\">Cadastre-se em nosso boletim informativo para receber as \u00faltimas not\u00edcias diretamente em sua caixa de entrada<\/strong><\/p>\n<\/div><\/div>\n<p><br \/>\n<br \/><a href=\"https:\/\/wsvn.com\/news\/us-world\/skiers-injured-as-lift-chairs-collide-at-ski-resort-in-lake-tahoe\/\">Source link <\/a><\/p>","protected":false},"excerpt":{"rendered":"<p>(CNN) &#8211; Cinco esquiadores foram transportados para o hospital na segunda-feira ap\u00f3s um \u201cincidente\u201d em um telef\u00e9rico na esta\u00e7\u00e3o de esqui Heavenly em Lake Tahoe, de acordo com o chefe&hellip;<\/p>","protected":false},"author":1,"featured_media":82222,"comment_status":"closed","ping_status":"open","sticky":false,"template":"","format":"standard","meta":{"content-type":"","footnotes":""},"categories":[1],"tags":[],"class_list":["post-82221","post","type-post","status-publish","format-standard","has-post-thumbnail","hentry","category-uncategorized"],"_links":{"self":[{"href":"https:\/\/tvbrazilusa.com\/pt\/wp-json\/wp\/v2\/posts\/82221","targetHints":{"allow":["GET"]}}],"collection":[{"href":"https:\/\/tvbrazilusa.com\/pt\/wp-json\/wp\/v2\/posts"}],"about":[{"href":"https:\/\/tvbrazilusa.com\/pt\/wp-json\/wp\/v2\/types\/post"}],"author":[{"embeddable":true,"href":"https:\/\/tvbrazilusa.com\/pt\/wp-json\/wp\/v2\/users\/1"}],"replies":[{"embeddable":true,"href":"https:\/\/tvbrazilusa.com\/pt\/wp-json\/wp\/v2\/comments?post=82221"}],"version-history":[{"count":1,"href":"https:\/\/tvbrazilusa.com\/pt\/wp-json\/wp\/v2\/posts\/82221\/revisions"}],"predecessor-version":[{"id":82223,"href":"https:\/\/tvbrazilusa.com\/pt\/wp-json\/wp\/v2\/posts\/82221\/revisions\/82223"}],"wp:featuredmedia":[{"embeddable":true,"href":"https:\/\/tvbrazilusa.com\/pt\/wp-json\/wp\/v2\/media\/82222"}],"wp:attachment":[{"href":"https:\/\/tvbrazilusa.com\/pt\/wp-json\/wp\/v2\/media?parent=82221"}],"wp:term":[{"taxonomy":"category","embeddable":true,"href":"https:\/\/tvbrazilusa.com\/pt\/wp-json\/wp\/v2\/categories?post=82221"},{"taxonomy":"post_tag","embeddable":true,"href":"https:\/\/tvbrazilusa.com\/pt\/wp-json\/wp\/v2\/tags?post=82221"}],"curies":[{"name":"wp","href":"https:\/\/api.w.org\/{rel}","templated":true}]}}