{"id":82224,"date":"2024-12-24T22:38:26","date_gmt":"2024-12-24T22:38:26","guid":{"rendered":"https:\/\/tvbrazilusa.com\/2024\/12\/24\/moraes-diz-que-silveira-usou-ida-a-hospital-como-alibi-e-mantem-prisao\/"},"modified":"2024-12-24T22:38:27","modified_gmt":"2024-12-24T22:38:27","slug":"moraes-diz-que-silveira-usou-ida-a-hospital-como-alibi-e-mantem-prisao","status":"publish","type":"post","link":"https:\/\/tvbrazilusa.com\/pt\/2024\/12\/24\/moraes-diz-que-silveira-usou-ida-a-hospital-como-alibi-e-mantem-prisao\/","title":{"rendered":"Moraes diz que Silveira usou ida a hospital como \u00e1libi e mant\u00e9m pris\u00e3o"},"content":{"rendered":"<p> <script async src=\"https:\/\/pagead2.googlesyndication.com\/pagead\/js\/adsbygoogle.js?client=ca-pub-8864793242727901\"\r\n     crossorigin=\"anonymous\"><\/script><br \/>\n<\/p>\n<div id=\"taboola-read-more\" style=\"display:block; width:100%\">\n<p>O ex-deputado Daniel Silveira ser\u00e1 mantido preso por decis\u00e3o do ministro do Supremo Tribunal Federal (STF) Alexandre de Moraes. Silveira passou por audi\u00eancia de cust\u00f3dia nesta ter\u00e7a-feira (24\/12), ap\u00f3s ser preso novamente na madrugada desta v\u00e9spera de Natal.\n<\/p>\n<p>Em decis\u00e3o assinada na tarde desta ter\u00e7a, o ministro Alexandre de Moraes escreveu que Silveira \u201cteve a oportunidade de esclarecer as raz\u00f5es do descumprimento das condi\u00e7\u00f5es judiciais\u201d, mas \u201cpreferiu manter a vers\u00e3o mentirosa\u201d. Moraes completou:<\/p>\n<p>\u201cFica patente que o sentenciado t\u00e3o somente utilizou sua ida ao hospital como verdadeiro \u00e1libi para o flagrante desrespeito as condi\u00e7\u00f5es judiciais obrigat\u00f3rias para manuten\u00e7\u00e3o de seu livramento\u201d.\n<\/p>\n<p>Silveira dever\u00e1 cumprir o restante da pena privativa de liberdade em regime fechado, em Bangu 8, no Rio de Janeiro.\n<\/p>\n<p>Em nota, a defesa de Daniel Silveira afirmou que o ex-deputado \u201cn\u00e3o descumpriu nenhuma medida\u201d e que \u201capenas foi, e \u00e0s pressas, na noite de s\u00e1bado \u00e0 emerg\u00eancia no Hospital Santa Teresa, em Petr\u00f3polis, com crise renal aguda e urinando sangue\u201d.\n<\/p>\n<p>\u201cA defesa j\u00e1 enviou ao ministro relator da El 32 o pedido formal de reconsidera\u00e7\u00e3o da decis\u00e3o, encaminhado todas as informa\u00e7\u00f5es necess\u00e1rias e esclarecimentos complementares, aguardando a aprecia\u00e7\u00e3o para breve, acreditando no pleno restabelecimento do livramento condicional de Daniel L\u00facio da Silveira\u201d, diz trecho da nota.\n<\/p>\n<p>Pris\u00e3o 4 dias ap\u00f3s ganhar condicional<br \/>Na \u00faltima sexta-feira (20\/12), Silveira havia sido colocado em liberdade condicional. No entanto, a decis\u00e3o foi revogada na manh\u00e3 desta ter\u00e7a pelo ministro Alexandre de Moraes, que apontou \u201ctotal desrespeito ao Poder Judici\u00e1rio e \u00e0 legisla\u00e7\u00e3o brasileira\u201d por parte do ex-parlamentar.\n<\/p>\n<p>Entre as viola\u00e7\u00f5es das medidas cautelares, destacam-se o n\u00e3o uso da tornozeleira eletr\u00f4nica, a utiliza\u00e7\u00e3o de redes sociais e o descumprimento do hor\u00e1rio de recolhimento noturno (entre 22h e 6h).\n<\/p>\n<p>De acordo com a decis\u00e3o, Silveira violou as condi\u00e7\u00f5es impostas j\u00e1 no primeiro dia de soltura. No s\u00e1bado (21\/12), ele teria deixado o hospital em Petr\u00f3polis, no Rio de Janeiro, ap\u00f3s a meia-noite e chegado \u00e0 sua resid\u00eancia apenas \u00e0s 2h10, ultrapassando em mais de quatro horas o hor\u00e1rio limite estipulado.\n<\/p>\n<p>Moraes determinou ainda que a Pol\u00edcia Federal investigue se a interna\u00e7\u00e3o hospitalar de Silveira, usada como justificativa, de fato ocorreu, incluindo o depoimento dos m\u00e9dicos que o atenderam.\n<\/p>\n<p>Hist\u00f3rico de confrontos com a Justi\u00e7a<br \/>A pris\u00e3o desta semana \u00e9 mais um cap\u00edtulo na conturbada rela\u00e7\u00e3o de Daniel Silveira com o Poder Judici\u00e1rio. Em abril de 2022, ele foi condenado pelo STF a 8 anos e 9 meses de pris\u00e3o por crimes como tentativa de impedir o livre exerc\u00edcio dos poderes e coa\u00e7\u00e3o no curso do processo.\n<\/p>\n<p>Na ocasi\u00e3o, o ent\u00e3o presidente Jair Bolsonaro concedeu um indulto presidencial ao ex-deputado, decis\u00e3o posteriormente anulada pelo STF sob a justificativa de desvio de finalidade.\n<\/p>\n<p>Ap\u00f3s o fim de seu mandato parlamentar, Silveira foi preso novamente em fevereiro de 2023 por desobedecer \u00e0s regras da pris\u00e3o domiciliar e realizar novos ataques \u00e0 Corte Suprema. Com a anula\u00e7\u00e3o do indulto, sua pena original foi restabelecida, e ele voltou a cumprir regime fechado.\n<\/p>\n<p>Progress\u00e3o de regime e reca\u00edda<br \/>Em outubro deste ano, Silveira teve sua pena progressa para o regime semiaberto, ap\u00f3s um relat\u00f3rio da Secretaria de Administra\u00e7\u00e3o Penitenci\u00e1ria (Seap) apontar bom comportamento e cumprimento de parte da condena\u00e7\u00e3o.\n<\/p>\n<p>A decis\u00e3o de Moraes foi baseada em laudos psicol\u00f3gicos que indicaram reconhecimento de seus erros e aus\u00eancia de agressividade durante o tempo na pris\u00e3o.\n<\/p>\n<p>No entanto, em liberdade condicional por apenas quatro dias, o ex-deputado voltou a infringir as regras impostas. Para o ministro Alexandre de Moraes, as repetidas viola\u00e7\u00f5es demonstram a necessidade de manter Silveira preso para garantir o cumprimento da lei.\n<\/p>\n<p>Fonte: Metr\u00f3poles              <\/p>\n<\/div>\n<p><br \/>\n<br \/><a href=\"https:\/\/diariodobrasilnoticias.com.br\/noticia\/moraes-diz-que-silveira-usou-ida-a-hospital-como-alibi-e-mantem-prisao-676b092482092\">Source link <\/a><\/p>","protected":false},"excerpt":{"rendered":"<p>O ex-deputado Daniel Silveira ser\u00e1 mantido preso por decis\u00e3o do ministro do Supremo Tribunal Federal (STF) Alexandre de Moraes. Silveira passou por audi\u00eancia de cust\u00f3dia nesta ter\u00e7a-feira (24\/12), ap\u00f3s ser&hellip;<\/p>","protected":false},"author":1,"featured_media":82225,"comment_status":"closed","ping_status":"open","sticky":false,"template":"","format":"standard","meta":{"content-type":"","footnotes":""},"categories":[16],"tags":[123,2448,5313,1267],"class_list":["post-82224","post","type-post","status-publish","format-standard","has-post-thumbnail","hentry","category-noticias","tag-brasil","tag-diario","tag-noticia","tag-noticias"],"_links":{"self":[{"href":"https:\/\/tvbrazilusa.com\/pt\/wp-json\/wp\/v2\/posts\/82224","targetHints":{"allow":["GET"]}}],"collection":[{"href":"https:\/\/tvbrazilusa.com\/pt\/wp-json\/wp\/v2\/posts"}],"about":[{"href":"https:\/\/tvbrazilusa.com\/pt\/wp-json\/wp\/v2\/types\/post"}],"author":[{"embeddable":true,"href":"https:\/\/tvbrazilusa.com\/pt\/wp-json\/wp\/v2\/users\/1"}],"replies":[{"embeddable":true,"href":"https:\/\/tvbrazilusa.com\/pt\/wp-json\/wp\/v2\/comments?post=82224"}],"version-history":[{"count":1,"href":"https:\/\/tvbrazilusa.com\/pt\/wp-json\/wp\/v2\/posts\/82224\/revisions"}],"predecessor-version":[{"id":82226,"href":"https:\/\/tvbrazilusa.com\/pt\/wp-json\/wp\/v2\/posts\/82224\/revisions\/82226"}],"wp:featuredmedia":[{"embeddable":true,"href":"https:\/\/tvbrazilusa.com\/pt\/wp-json\/wp\/v2\/media\/82225"}],"wp:attachment":[{"href":"https:\/\/tvbrazilusa.com\/pt\/wp-json\/wp\/v2\/media?parent=82224"}],"wp:term":[{"taxonomy":"category","embeddable":true,"href":"https:\/\/tvbrazilusa.com\/pt\/wp-json\/wp\/v2\/categories?post=82224"},{"taxonomy":"post_tag","embeddable":true,"href":"https:\/\/tvbrazilusa.com\/pt\/wp-json\/wp\/v2\/tags?post=82224"}],"curies":[{"name":"wp","href":"https:\/\/api.w.org\/{rel}","templated":true}]}}