{"id":82227,"date":"2024-12-24T22:51:10","date_gmt":"2024-12-24T22:51:10","guid":{"rendered":"https:\/\/tvbrazilusa.com\/2024\/12\/24\/pesquisa-desfavoravel-a-janja-faz-pt-relembrar-marisa\/"},"modified":"2024-12-24T22:51:12","modified_gmt":"2024-12-24T22:51:12","slug":"pesquisa-desfavoravel-a-janja-faz-pt-relembrar-marisa","status":"publish","type":"post","link":"https:\/\/tvbrazilusa.com\/pt\/2024\/12\/24\/pesquisa-desfavoravel-a-janja-faz-pt-relembrar-marisa\/","title":{"rendered":"Pesquisa desfavor\u00e1vel a Janja faz PT relembrar Marisa"},"content":{"rendered":"<p> <script async src=\"https:\/\/pagead2.googlesyndication.com\/pagead\/js\/adsbygoogle.js?client=ca-pub-8864793242727901\"\r\n     crossorigin=\"anonymous\"><\/script><br \/>\n<\/p>\n<div>\n<figure class=\"post-image\">\n<\/figure>\n<p>            <span style=\"font-size: 12px\">Foto: Reprodu\u00e7\u00e3o\/redes sociais<\/span><\/p>\n<p>            <!-- end metas --><br \/>\n            <!-- ADS --><\/p>\n<div id=\"taboola-read-more\" style=\"display:block; width:100%\">\n<p>A pesquisa Quaest apontando o derretimento da reputa\u00e7\u00e3o da primeira-dama Janja, tem levado os petistas a compara\u00e7\u00f5es com a falecida Marisa Let\u00edcia, dona do posto nos primeiros dois governos Lula (PT). At\u00e9 no Nordeste, sempre condescendente com petista, a avalia\u00e7\u00e3o positiva de Janja despencou de 56% para 29% Na oposi\u00e7\u00e3o, a compara\u00e7\u00e3o \u00e9 com Michelle Bolsonaro, elogiada pela discri\u00e7\u00e3o e eleg\u00e2ncia, que jamais faria o gesto \u201cespalhafatoso\u201d de ofender um futuro integrante do governo de outro pais, como Janja o fez em rela\u00e7\u00e3o ao bilion\u00e1rio Elon Musk. A informa\u00e7\u00e3o \u00e9 da Coluna Cl\u00e1udio Humberto, do Di\u00e1rio do Poder.\n<\/p>\n<p>De acordo com o Quaest, em dois anos, a avalia\u00e7\u00e3o negativa de Janja dobrou de 19% para 38%, e a positiva derreteu de 41% para 22%.<\/p>\n<p>O Quaest entrevistou presencialmente 8.598 pessoas em todo o Pais, como que para ter certeza: a margem de erro \u00e9 de apenas 1 ponto.\n<\/p>\n<p>Desta vez, Lula n\u00e3o pode culpar outros pelos problemas gerados por Janja, nem resolv\u00ea-los por decreto, MP ou ajudinha de ministro do STF.\n<\/p>\n<p>Fonte: Blog do BG              <\/p>\n<\/div>\n<p>                        <!-- Scripts para conteudo --><\/p>\n<p>            <!-- .\/Scripts para conteudo --><br \/>\n            <!-- .\/Mat\u00e9ria --><\/p>\n<div class=\"row mt-3\">\n<div class=\"col-sm-6\">\n                <!-- Whatsapp channel 3--><br \/>\n                <a href=\"https:\/\/chat.whatsapp.com\/J6hwSKYns5B0XFowx2wZ0P\" target=\"_blank\"><br \/>\n                  <img decoding=\"async\" src=\"https:\/\/diariodobrasilnoticias.com.br\/assets-site\/images\/bot_whatsapp.png\"\/><\/a>\n              <\/div>\n<div class=\"col-sm-6\">\n                <a href=\"https:\/\/t.me\/+_4gTmi5LKo03OTM5\" target=\"_blank\"><br \/>\n                  <img decoding=\"async\" src=\"https:\/\/diariodobrasilnoticias.com.br\/assets-site\/images\/bot_telegram.png\"\/><\/a>\n              <\/div>\n<\/p><\/div>\n<p>            <!-- end post-navigation --><\/p>\n<p>              <!-- end row --><\/p>\n<p>              <!-- end col-12-->\n                      <\/div>\n<p><br \/>\n<br \/><a href=\"https:\/\/diariodobrasilnoticias.com.br\/noticia\/pesquisa-desfavoravel-a-janja-faz-pt-relembrar-marisa-676b259f8cd82\">Source link <\/a><\/p>","protected":false},"excerpt":{"rendered":"<p>Foto: Reprodu\u00e7\u00e3o\/redes sociais A pesquisa Quaest apontando o derretimento da reputa\u00e7\u00e3o da primeira-dama Janja, tem levado os petistas a compara\u00e7\u00f5es com a falecida Marisa Let\u00edcia, dona do posto nos primeiros&hellip;<\/p>","protected":false},"author":1,"featured_media":82228,"comment_status":"closed","ping_status":"open","sticky":false,"template":"","format":"standard","meta":{"content-type":"","footnotes":""},"categories":[16],"tags":[123,2448,5313,1267],"class_list":["post-82227","post","type-post","status-publish","format-standard","has-post-thumbnail","hentry","category-noticias","tag-brasil","tag-diario","tag-noticia","tag-noticias"],"_links":{"self":[{"href":"https:\/\/tvbrazilusa.com\/pt\/wp-json\/wp\/v2\/posts\/82227","targetHints":{"allow":["GET"]}}],"collection":[{"href":"https:\/\/tvbrazilusa.com\/pt\/wp-json\/wp\/v2\/posts"}],"about":[{"href":"https:\/\/tvbrazilusa.com\/pt\/wp-json\/wp\/v2\/types\/post"}],"author":[{"embeddable":true,"href":"https:\/\/tvbrazilusa.com\/pt\/wp-json\/wp\/v2\/users\/1"}],"replies":[{"embeddable":true,"href":"https:\/\/tvbrazilusa.com\/pt\/wp-json\/wp\/v2\/comments?post=82227"}],"version-history":[{"count":1,"href":"https:\/\/tvbrazilusa.com\/pt\/wp-json\/wp\/v2\/posts\/82227\/revisions"}],"predecessor-version":[{"id":82229,"href":"https:\/\/tvbrazilusa.com\/pt\/wp-json\/wp\/v2\/posts\/82227\/revisions\/82229"}],"wp:featuredmedia":[{"embeddable":true,"href":"https:\/\/tvbrazilusa.com\/pt\/wp-json\/wp\/v2\/media\/82228"}],"wp:attachment":[{"href":"https:\/\/tvbrazilusa.com\/pt\/wp-json\/wp\/v2\/media?parent=82227"}],"wp:term":[{"taxonomy":"category","embeddable":true,"href":"https:\/\/tvbrazilusa.com\/pt\/wp-json\/wp\/v2\/categories?post=82227"},{"taxonomy":"post_tag","embeddable":true,"href":"https:\/\/tvbrazilusa.com\/pt\/wp-json\/wp\/v2\/tags?post=82227"}],"curies":[{"name":"wp","href":"https:\/\/api.w.org\/{rel}","templated":true}]}}