{"id":82230,"date":"2024-12-24T23:03:14","date_gmt":"2024-12-24T23:03:14","guid":{"rendered":"https:\/\/tvbrazilusa.com\/2024\/12\/24\/a-trajetoria-do-fisico-brasileiro-indicado-sete-vezes-ao-nobel-mas-que-nunca-conquistou-o-premio\/"},"modified":"2024-12-24T23:03:16","modified_gmt":"2024-12-24T23:03:16","slug":"a-trajetoria-do-fisico-brasileiro-indicado-sete-vezes-ao-nobel-mas-que-nunca-conquistou-o-premio","status":"publish","type":"post","link":"https:\/\/tvbrazilusa.com\/pt\/2024\/12\/24\/a-trajetoria-do-fisico-brasileiro-indicado-sete-vezes-ao-nobel-mas-que-nunca-conquistou-o-premio\/","title":{"rendered":"A trajet\u00f3ria do f\u00edsico brasileiro indicado sete vezes ao Nobel, mas que nunca conquistou o pr\u00eamio"},"content":{"rendered":"<p> <script async src=\"https:\/\/pagead2.googlesyndication.com\/pagead\/js\/adsbygoogle.js?client=ca-pub-8864793242727901\"\r\n     crossorigin=\"anonymous\"><\/script><br \/>\n<\/p>\n<div id=\"taboola-read-more\" style=\"display:block; width:100%\">\n<p>Cesare Mansueto Giulio Lattes \u00e9 amplamente reconhecido como um dos principais f\u00edsicos do Brasil. Nascido em Curitiba, em 11 de julho de 1924, o pesquisador completou sua forma\u00e7\u00e3o acad\u00eamica em f\u00edsica e matem\u00e1tica na Universidade de S\u00e3o Paulo (USP).\n<\/p>\n<p>De 1949 a 1954, Lattes recebeu, ao todo, sete indica\u00e7\u00f5es ao Pr\u00eamio Nobel de F\u00edsica. Em nenhuma delas, contudo, foi o escolhido.<\/p>\n<p>Na USP, Lattes foi orientado por Gleb Wataghin, diretor do Departamento de F\u00edsica e fundador do curso. Sob a orienta\u00e7\u00e3o de Wataghin, Lattes come\u00e7ou pesquisas que resultaram em descobertas in\u00e9ditas sobre subpart\u00edculas, fundamentais para a compreens\u00e3o da coes\u00e3o do n\u00facleo at\u00f4mico.\n<\/p>\n<p>Em 1946, Lattes integrou-se ao H. H. Wills Laboratory, na Universidade de Bristol, na Inglaterra, sob a lideran\u00e7a de Cecil Frank Powell.\n<\/p>\n<p>Com o objetivo de testar suas teorias subat\u00f4micas, Lattes embarcou em uma expedi\u00e7\u00e3o ao pico da montanha Chacaltaya, na Bol\u00edvia, situada a mais de 5 mil metros acima do n\u00edvel do mar.\n<\/p>\n<p>No local, dedicou-se a capturar rastros de part\u00edculas provenientes de raios c\u00f3smicos. Para isso, Lattes utilizou chapas fotogr\u00e1ficas. Esse trabalho culminou na descoberta do m\u00e9son pi. Trata-se de uma part\u00edcula subat\u00f4mica, crucial para manter a integridade do n\u00facleo at\u00f4mico.\n<\/p>\n<p>Pol\u00eamicas em torno do Pr\u00eamio Nobel<br \/>Em entrevista ao Jornal da Unicamp, em 2001, Lattes expressou sua opini\u00e3o sobre o motivo de nunca ter recebido o pr\u00eamio. Ele mencionou a \u201cmalandragem\u201d de seus colegas.\n<\/p>\n<p>\u201cSabe por que n\u00e3o ganhei o Nobel?\u201d, perguntou ao entrevistador. \u201cEm Chacaltaya, quando descobrimos o m\u00e9son-pi, se publicou: Lattes, Occhialini e Powell. E o Powell, malandro, pegou o pr\u00eamio Nobel para ele. Occhialini e eu entramos pelo cano. Ele era mais conhecido, tinha o trabalho da produ\u00e7\u00e3o de p\u00f3sitrons, em 1933.\u201d\n<\/p>\n<p>Apesar das especula\u00e7\u00f5es de que sua nacionalidade poderia ter influenciado a decis\u00e3o do Nobel, Lattes rejeitou essa ideia. Em entrevista \u00e0 revista Superinteressante, em 2005, ele declarou que, \u201capesar de a comiss\u00e3o julgadora ser formada por ingleses, acredito que n\u00e3o foi minha nacionalidade que pesou na decis\u00e3o do vencedor\u201d.\n<\/p>\n<p>\u201cTanto na descoberta do m\u00e9son pi, em 1946, como na sua cria\u00e7\u00e3o artificial, em 1948, tive colabora\u00e7\u00e3o do Giuseppe Occhialini\u201d, disse. \u201cQuem deveria ter ganho era ele. E, em 1950, quem levou o pr\u00eamio foi Cecil Powell, que tamb\u00e9m participou do trabalho. Mas deixa isso para l\u00e1. Esses pr\u00eamios grandiosos n\u00e3o ajudam a ci\u00eancia.\u201d\n<\/p>\n<p>Reconhecimento e legado de Lattes<br \/>Um fator que pode ter contribu\u00eddo para a aus\u00eancia de premia\u00e7\u00f5es foi a pol\u00edtica do Nobel at\u00e9 1960, que apenas premiava os l\u00edderes de equipes respons\u00e1veis pelas descobertas. Assim, Lattes, que n\u00e3o era chefe de equipe, n\u00e3o poderia ser contemplado com o pr\u00eamio.\n<\/p>\n<p>Apesar de n\u00e3o ter recebido o Nobel, o legado de Lattes \u00e9 reconhecido de outras formas. Em 1965, por exemplo, foi agraciado com o t\u00edtulo de doutor honoris causa pela Universidade de S\u00e3o Paulo.\n<\/p>\n<p>Em 1999, o Conselho Nacional de Desenvolvimento Cient\u00edfico e Tecnol\u00f3gico (CNPq) homenageou o cientista ao nomear sua plataforma de curr\u00edculos acad\u00eamicos de \u201cLattes\u201d, uma refer\u00eancia a seu impacto na ci\u00eancia brasileira. Ele morreu em 8 de mar\u00e7o de 2005, aos 80 anos.\n<\/p>\n<p>Fonte: Revista Oeste              <\/p>\n<\/div>\n<p><br \/>\n<br \/><a href=\"https:\/\/diariodobrasilnoticias.com.br\/noticia\/a-trajetoria-do-fisico-brasileiro-indicado-sete-vezes-ao-nobel-mas-que-nunca-conquistou-o-premio-676b221fdac7a\">Source link <\/a><\/p>","protected":false},"excerpt":{"rendered":"<p>Cesare Mansueto Giulio Lattes \u00e9 amplamente reconhecido como um dos principais f\u00edsicos do Brasil. Nascido em Curitiba, em 11 de julho de 1924, o pesquisador completou sua forma\u00e7\u00e3o acad\u00eamica em&hellip;<\/p>","protected":false},"author":1,"featured_media":82231,"comment_status":"closed","ping_status":"open","sticky":false,"template":"","format":"standard","meta":{"content-type":"","footnotes":""},"categories":[16],"tags":[123,2448,5313,1267],"class_list":["post-82230","post","type-post","status-publish","format-standard","has-post-thumbnail","hentry","category-noticias","tag-brasil","tag-diario","tag-noticia","tag-noticias"],"_links":{"self":[{"href":"https:\/\/tvbrazilusa.com\/pt\/wp-json\/wp\/v2\/posts\/82230","targetHints":{"allow":["GET"]}}],"collection":[{"href":"https:\/\/tvbrazilusa.com\/pt\/wp-json\/wp\/v2\/posts"}],"about":[{"href":"https:\/\/tvbrazilusa.com\/pt\/wp-json\/wp\/v2\/types\/post"}],"author":[{"embeddable":true,"href":"https:\/\/tvbrazilusa.com\/pt\/wp-json\/wp\/v2\/users\/1"}],"replies":[{"embeddable":true,"href":"https:\/\/tvbrazilusa.com\/pt\/wp-json\/wp\/v2\/comments?post=82230"}],"version-history":[{"count":1,"href":"https:\/\/tvbrazilusa.com\/pt\/wp-json\/wp\/v2\/posts\/82230\/revisions"}],"predecessor-version":[{"id":82232,"href":"https:\/\/tvbrazilusa.com\/pt\/wp-json\/wp\/v2\/posts\/82230\/revisions\/82232"}],"wp:featuredmedia":[{"embeddable":true,"href":"https:\/\/tvbrazilusa.com\/pt\/wp-json\/wp\/v2\/media\/82231"}],"wp:attachment":[{"href":"https:\/\/tvbrazilusa.com\/pt\/wp-json\/wp\/v2\/media?parent=82230"}],"wp:term":[{"taxonomy":"category","embeddable":true,"href":"https:\/\/tvbrazilusa.com\/pt\/wp-json\/wp\/v2\/categories?post=82230"},{"taxonomy":"post_tag","embeddable":true,"href":"https:\/\/tvbrazilusa.com\/pt\/wp-json\/wp\/v2\/tags?post=82230"}],"curies":[{"name":"wp","href":"https:\/\/api.w.org\/{rel}","templated":true}]}}