{"id":82236,"date":"2024-12-24T23:16:02","date_gmt":"2024-12-24T23:16:02","guid":{"rendered":"https:\/\/tvbrazilusa.com\/2024\/12\/24\/navio-cargueiro-da-russia-afunda-no-mar-mediterraneo\/"},"modified":"2024-12-24T23:16:04","modified_gmt":"2024-12-24T23:16:04","slug":"navio-cargueiro-da-russia-afunda-no-mar-mediterraneo","status":"publish","type":"post","link":"https:\/\/tvbrazilusa.com\/pt\/2024\/12\/24\/navio-cargueiro-da-russia-afunda-no-mar-mediterraneo\/","title":{"rendered":"Navio cargueiro da R\u00fassia afunda no Mar Mediterr\u00e2neo"},"content":{"rendered":"<p> <script async src=\"https:\/\/pagead2.googlesyndication.com\/pagead\/js\/adsbygoogle.js?client=ca-pub-8864793242727901\"\r\n     crossorigin=\"anonymous\"><\/script><br \/>\n<\/p>\n<div id=\"taboola-read-more\" style=\"display:block; width:100%\">\n<p>Na noite desta segunda-feira, 23, o navio de carga russo Ursa Major afundou nas \u00e1guas do Mar Mediterr\u00e2neo, depois de uma explos\u00e3o na sala de m\u00e1quinas. O incidente aconteceu ao sul da Espanha, conforme relataram autoridades da R\u00fassia.\n<\/p>\n<p>Dois tripulantes est\u00e3o desaparecidos, enquanto 14 foram resgatados e levados a um porto espanhol para atendimento.<\/p>\n<p>O centro de crise do Minist\u00e9rio das Rela\u00e7\u00f5es Exteriores da R\u00fassia informou que o Ursa Major, anteriormente conhecido como Sparta, navegava pelo Mediterr\u00e2neo, depois de cruzar o Estreito de Gibraltar.\n<\/p>\n<p>Operado pela Oboronlogistika, empresa que transporta cargas para o Minist\u00e9rio da Defesa da R\u00fassia, o navio desempenha um papel crucial na log\u00edstica militar do pa\u00eds.\n<\/p>\n<p>Esfor\u00e7os para resgatar os tripulantes do navio da R\u00fassia<br \/>A ag\u00eancia de resgate mar\u00edtimo da Espanha confirmou o naufr\u00e1gio e emitiu alertas para embarca\u00e7\u00f5es na regi\u00e3o sobre destro\u00e7os.\n<\/p>\n<p>A Oboronlogistika, por sua vez, divulgou que o navio transportava dois grandes guindastes com destino a Vladivostok, na R\u00fassia. Contudo, a Diretoria Principal de Intelig\u00eancia da Ucr\u00e2nia (GUR) contestou. O \u00f3rg\u00e3o alegou que o destino real era a S\u00edria, onde a R\u00fassia mant\u00e9m uma instala\u00e7\u00e3o portu\u00e1ria.\n<\/p>\n<p>A GUR tamb\u00e9m afirmou que o navio havia enfrentado problemas mec\u00e2nicos na costa de Portugal, que foram resolvidos pela tripula\u00e7\u00e3o antes de prosseguir.\n<\/p>\n<p>Movimenta\u00e7\u00f5es militares russas na s\u00edria<br \/>Recentemente, autoridades dos Estados Unidos informaram que a R\u00fassia come\u00e7ou a retirar equipamentos militares da S\u00edria.\n<\/p>\n<p>O Departamento de Estado dos EUA ressaltou que a Oboronlogistika desempenha um papel essencial no apoio log\u00edstico ao Minist\u00e9rio da Defesa russo. A empresa garante transporte, armazenamento e produ\u00e7\u00e3o de bens militares essenciais para as opera\u00e7\u00f5es do pa\u00eds.\n<\/p>\n<p>Fonte: Revista Oeste              <\/p>\n<\/div>\n<p><br \/>\n<br \/><a href=\"https:\/\/diariodobrasilnoticias.com.br\/noticia\/navio-cargueiro-da-russia-afunda-no-mar-mediterraneo-676b20ad106f1\">Source link <\/a><\/p>","protected":false},"excerpt":{"rendered":"<p>Na noite desta segunda-feira, 23, o navio de carga russo Ursa Major afundou nas \u00e1guas do Mar Mediterr\u00e2neo, depois de uma explos\u00e3o na sala de m\u00e1quinas. O incidente aconteceu ao&hellip;<\/p>","protected":false},"author":1,"featured_media":82237,"comment_status":"closed","ping_status":"open","sticky":false,"template":"","format":"standard","meta":{"content-type":"","footnotes":""},"categories":[16],"tags":[123,2448,5313,1267],"class_list":["post-82236","post","type-post","status-publish","format-standard","has-post-thumbnail","hentry","category-noticias","tag-brasil","tag-diario","tag-noticia","tag-noticias"],"_links":{"self":[{"href":"https:\/\/tvbrazilusa.com\/pt\/wp-json\/wp\/v2\/posts\/82236","targetHints":{"allow":["GET"]}}],"collection":[{"href":"https:\/\/tvbrazilusa.com\/pt\/wp-json\/wp\/v2\/posts"}],"about":[{"href":"https:\/\/tvbrazilusa.com\/pt\/wp-json\/wp\/v2\/types\/post"}],"author":[{"embeddable":true,"href":"https:\/\/tvbrazilusa.com\/pt\/wp-json\/wp\/v2\/users\/1"}],"replies":[{"embeddable":true,"href":"https:\/\/tvbrazilusa.com\/pt\/wp-json\/wp\/v2\/comments?post=82236"}],"version-history":[{"count":1,"href":"https:\/\/tvbrazilusa.com\/pt\/wp-json\/wp\/v2\/posts\/82236\/revisions"}],"predecessor-version":[{"id":82238,"href":"https:\/\/tvbrazilusa.com\/pt\/wp-json\/wp\/v2\/posts\/82236\/revisions\/82238"}],"wp:featuredmedia":[{"embeddable":true,"href":"https:\/\/tvbrazilusa.com\/pt\/wp-json\/wp\/v2\/media\/82237"}],"wp:attachment":[{"href":"https:\/\/tvbrazilusa.com\/pt\/wp-json\/wp\/v2\/media?parent=82236"}],"wp:term":[{"taxonomy":"category","embeddable":true,"href":"https:\/\/tvbrazilusa.com\/pt\/wp-json\/wp\/v2\/categories?post=82236"},{"taxonomy":"post_tag","embeddable":true,"href":"https:\/\/tvbrazilusa.com\/pt\/wp-json\/wp\/v2\/tags?post=82236"}],"curies":[{"name":"wp","href":"https:\/\/api.w.org\/{rel}","templated":true}]}}